{"id":1037,"date":"2021-06-23T10:38:54","date_gmt":"2021-06-23T08:38:54","guid":{"rendered":"https:\/\/dasmedienzentrum.org\/?p=1037"},"modified":"2021-06-23T10:55:54","modified_gmt":"2021-06-23T08:55:54","slug":"wie-die-gesellschaftliche-selbstverstaendigung-wieder-gelingen-kann","status":"publish","type":"post","link":"https:\/\/dasmedienzentrum.org\/?p=1037","title":{"rendered":"Wie die gesellschaftliche Selbstverst\u00e4ndigung wieder gelingen kann"},"content":{"rendered":"\n<figure class=\"wp-block-image size-large\"><img loading=\"lazy\" decoding=\"async\" width=\"666\" height=\"375\" src=\"https:\/\/dasmedienzentrum.org\/wp-content\/uploads\/2021\/06\/lpr-2.jpg\" alt=\"\" class=\"wp-image-1041\" srcset=\"https:\/\/dasmedienzentrum.org\/wp-content\/uploads\/2021\/06\/lpr-2.jpg 666w, https:\/\/dasmedienzentrum.org\/wp-content\/uploads\/2021\/06\/lpr-2-300x169.jpg 300w\" sizes=\"auto, (max-width: 666px) 100vw, 666px\" \/><\/figure>\n\n\n\n<p>\u201eDigital, mobil und dominiert von den Plattformen \u2013 unter Pandemie-Bedingungen hat sich diese mediale Entwicklung weiter beschleunigt. Und verst\u00e4rkt hat sich auch dies: Verschw\u00f6rungstheorien haben Konjunktur. Desinformation ist allgegenw\u00e4rtig. Fakten sind zu Meinungs\u00e4u\u00dferungen mutiert. Hass und Hetze nehmen zu \u2013 nicht nur im Netz. \u201e<\/p>\n\n\n\n<p>So lautet der Einladungstext der Landesmedienanstalt Hessen LpR und f\u00e4hrt fort:<\/p>\n\n\n\n<p>\u201eMenschen, f\u00fcr die die Unterscheidung zwischen Fakt und Fiktion, wahr und falsch nicht mehr existiert\u201c, schreibt Hannah Arendt, sind \u201eder ideale Untertan der totalit\u00e4ren Herrschaft\u201c. Diese \u2013 Anfang der 50er Jahre formulierte \u2013 Erkenntnis ist von erschreckender Aktualit\u00e4t.<\/p>\n\n\n\n<p>Was also ist zu tun? Wie sind die Kommunikationsst\u00f6rungen zu beheben? Wie kann digitale Zivilit\u00e4t erreicht werden? Was brauchen Nutzerinnen und Nutzer an Wissen, Verst\u00e4ndnis und Kompetenzen, um souver\u00e4n und selbstbestimmt in der digitalen Welt zu agieren? Wie sind Partizipation und Digital Citizenship zu erreichen?\u201c<\/p>\n\n\n\n<p>Was das f\u00fcr den Journalismus bedeutet, stellten dar<\/p>\n\n\n\n<figure class=\"wp-block-table\"><table><tbody><tr><td><br><a href=\"https:\/\/www.lpr-forum-medienzukunft.de\/index.php?article_id=336\">Anita Zielina<\/a>, Director of Strategic Initiatives, Craig Newmark Graduate School of Journalism<\/td><\/tr><\/tbody><\/table><\/figure>\n\n\n\n<figure class=\"wp-block-table\"><table><tbody><tr><td><a href=\"https:\/\/www.lpr-forum-medienzukunft.de\/index.php?article_id=336\">Steffi Dobmeier<\/a>, stellv. Chefredakteurin und Leiterin Digitale Inhalte und Strategie, Schw\u00e4bische Zeitung, Ravensburg<br><a href=\"https:\/\/www.lpr-forum-medienzukunft.de\/index.php?article_id=336\">Meinolf Ellers<\/a>, Strategic Business Development, dpa Hamburg und<br><a href=\"https:\/\/www.lpr-forum-medienzukunft.de\/index.php?article_id=336\">Frederic Huwendiek<\/a>, Leiter Online-Nachrichten-Redaktion ZDFheute, Mainz.<\/td><\/tr><\/tbody><\/table><\/figure>\n\n\n\n<p>Schon seit Jahrzehnten wird geklagt, dass vor allem die jungen Zielgruppen mit Print und den traditionellen \u201aelektronischen\u2018 Medien TV und Radio nicht mehr zu erreichen sind.<\/p>\n\n\n\n<p>Am Beispiel geerbtes Print-Digitalabo wurde deutlich gemacht, wie wenig junge Menschen mit solch einem journalistischen Angebt angesprochen werden. Es fehlt schlichtweg die personalisierte Aufbereitung und Auswahl f\u00fcr den Empf\u00e4nger. Die dpa- und ZDF-Vertreter berichteten von Instrumenten und Algorithmen um deren Nutzungsverhalten zu erkennen. Woran liegt es denn nun, dass die gewonnenen Erkenntnisse nicht umgesetzt werden? Wie sieht es aus mit dem Einsatz von \u201aFirst User Data\u2018? Printmenschen \u00e4rgern sich \u00fcber die journalistische geb\u00fchrenfinanzierte Ausweitung der Angebote von ARD und ZDF in deren Webbereichen. Dort bedienen sich die GAFAs gerne. Diese machen vor, wie \u201aData\u2018 eingesetzt wird.<\/p>\n\n\n\n<p>Clubhouse ist schon wieder out. Die Anzahl der Neuanmeldungen ist r\u00fcckl\u00e4ufig. Wenn andere Plattformen aber auch auf ein solches Format setzen, zeigt dies, dass ein sehr gro\u00dfer Diskussionsbedarf bei den Menschen besteht. Es muss nicht immer Trash sein, das Niveau nicht unbedingt ins Popul\u00e4re oder Populistische absacken. Im Radio bedeutet dies TALK. Erfolgreiche Beispiele im Ausland zeigen, dass bei dem Machen gerade Nicht-Journalisten erfolgreich sind. #RMC Jean-Jacques Bourdin.<\/p>\n\n\n\n<p>Garantiert ist, dass das Thema die traditionellen Medienanbieter zuk\u00fcnftig noch mehr besch\u00e4ftigen wird. Sollte Radio nur mit seinen standardisierten Angeboten weiterhin agieren, schl\u00e4gt der Generation-Abriss in wenigen Dezennien voll durch.<\/p>\n\n\n\n<p>Insgesamt wieder einmal eine gute Veranstaltung der LpR aus der Reihe \u201amedienzukunft\u2018. Und auch mal  wieder in der Wildnis. Die Staus auf An- und R\u00fcckfahrt machen allerdings nachdenklich. Und tats\u00e4chlich kam jemand sogar aus Berlin \u201aeingeflogen\u2018, hat man das richtig geh\u00f6rt? Die \u00dcbertragung aus New York war ausgesprochen gut. Permablend f\u00fcr die Augenbrauen kanalad\u00e4quat und ansprechend :-).<\/p>\n\n\n\n<p><a href=\"https:\/\/www.lpr-forum-medienzukunft.de\/index.php?article_id=335\">LpR-forum-medienzukunft<\/a><\/p>\n\n\n\n<figure class=\"wp-block-image size-large\"><img loading=\"lazy\" decoding=\"async\" width=\"718\" height=\"1024\" src=\"https:\/\/dasmedienzentrum.org\/wp-content\/uploads\/2021\/06\/lpr-sitzplatz-718x1024.jpg\" alt=\"\" class=\"wp-image-1039\" srcset=\"https:\/\/dasmedienzentrum.org\/wp-content\/uploads\/2021\/06\/lpr-sitzplatz-718x1024.jpg 718w, https:\/\/dasmedienzentrum.org\/wp-content\/uploads\/2021\/06\/lpr-sitzplatz-210x300.jpg 210w, https:\/\/dasmedienzentrum.org\/wp-content\/uploads\/2021\/06\/lpr-sitzplatz-768x1095.jpg 768w, https:\/\/dasmedienzentrum.org\/wp-content\/uploads\/2021\/06\/lpr-sitzplatz.jpg 1044w\" sizes=\"auto, (max-width: 718px) 100vw, 718px\" \/><\/figure>\n\n\n\n<p>Alles bestens vorbereitet. Snacks inbegriffen.<\/p>\n","protected":false},"excerpt":{"rendered":"<p>\u201eDigital, mobil und dominiert von den Plattformen \u2013 unter Pandemie-Bedingungen hat sich diese mediale Entwicklung weiter beschleunigt. Und verst\u00e4rkt hat sich auch dies: Verschw\u00f6rungstheorien haben Konjunktur. Desinformation ist allgegenw\u00e4rtig. Fakten sind zu Meinungs\u00e4u\u00dferungen mutiert. Hass und Hetze nehmen zu \u2013 nicht nur im Netz. \u201e So lautet der Einladungstext der Landesmedienanstalt Hessen LpR und f\u00e4hrt &hellip; <\/p>\n<p class=\"link-more\"><a href=\"https:\/\/dasmedienzentrum.org\/?p=1037\" class=\"more-link\"><span class=\"screen-reader-text\">\u201eWie die gesellschaftliche Selbstverst\u00e4ndigung wieder gelingen kann\u201c<\/span> weiterlesen<\/a><\/p>\n","protected":false},"author":1,"featured_media":0,"comment_status":"closed","ping_status":"closed","sticky":false,"template":"","format":"standard","meta":{"footnotes":""},"categories":[1],"tags":[],"class_list":["post-1037","post","type-post","status-publish","format-standard","hentry","category-allgemein"],"_links":{"self":[{"href":"https:\/\/dasmedienzentrum.org\/index.php?rest_route=\/wp\/v2\/posts\/1037","targetHints":{"allow":["GET"]}}],"collection":[{"href":"https:\/\/dasmedienzentrum.org\/index.php?rest_route=\/wp\/v2\/posts"}],"about":[{"href":"https:\/\/dasmedienzentrum.org\/index.php?rest_route=\/wp\/v2\/types\/post"}],"author":[{"embeddable":true,"href":"https:\/\/dasmedienzentrum.org\/index.php?rest_route=\/wp\/v2\/users\/1"}],"replies":[{"embeddable":true,"href":"https:\/\/dasmedienzentrum.org\/index.php?rest_route=%2Fwp%2Fv2%2Fcomments&post=1037"}],"version-history":[{"count":7,"href":"https:\/\/dasmedienzentrum.org\/index.php?rest_route=\/wp\/v2\/posts\/1037\/revisions"}],"predecessor-version":[{"id":1046,"href":"https:\/\/dasmedienzentrum.org\/index.php?rest_route=\/wp\/v2\/posts\/1037\/revisions\/1046"}],"wp:attachment":[{"href":"https:\/\/dasmedienzentrum.org\/index.php?rest_route=%2Fwp%2Fv2%2Fmedia&parent=1037"}],"wp:term":[{"taxonomy":"category","embeddable":true,"href":"https:\/\/dasmedienzentrum.org\/index.php?rest_route=%2Fwp%2Fv2%2Fcategories&post=1037"},{"taxonomy":"post_tag","embeddable":true,"href":"https:\/\/dasmedienzentrum.org\/index.php?rest_route=%2Fwp%2Fv2%2Ftags&post=1037"}],"curies":[{"name":"wp","href":"https:\/\/api.w.org\/{rel}","templated":true}]}}