{"id":1048,"date":"2021-06-27T12:30:43","date_gmt":"2021-06-27T10:30:43","guid":{"rendered":"https:\/\/dasmedienzentrum.org\/?p=1048"},"modified":"2021-06-29T11:01:13","modified_gmt":"2021-06-29T09:01:13","slug":"update","status":"publish","type":"post","link":"https:\/\/dasmedienzentrum.org\/?p=1048","title":{"rendered":"UPDATE"},"content":{"rendered":"\n<p><strong>Best practice aus HR, Bildung, Schule &amp; Wirtschaft<\/strong><\/p>\n\n\n\n<p><strong>Hier wird zu der erfolgten Zoom-Diskussion aktuell berichtet.<\/strong><\/p>\n\n\n\n<p><strong>Was kann Schule im digitalen Wandel von Wirtschaft lernen?<\/strong><\/p>\n\n\n\n<p>Weiter unten finden Sie den Link zu dem Replay der Veranstaltung<\/p>\n\n\n\n<p><strong>&#8222;Lessons from Deutsche Post DHL Group&#8220;<\/strong><br><\/p>\n\n\n\n<figure class=\"wp-block-image size-large\"><img loading=\"lazy\" decoding=\"async\" width=\"703\" height=\"345\" src=\"https:\/\/dasmedienzentrum.org\/wp-content\/uploads\/2021\/06\/key-take-aways-cornerstoneitemeditorimage_60c20bd3b7d58-1.png\" alt=\"\" class=\"wp-image-1050\" srcset=\"https:\/\/dasmedienzentrum.org\/wp-content\/uploads\/2021\/06\/key-take-aways-cornerstoneitemeditorimage_60c20bd3b7d58-1.png 703w, https:\/\/dasmedienzentrum.org\/wp-content\/uploads\/2021\/06\/key-take-aways-cornerstoneitemeditorimage_60c20bd3b7d58-1-300x147.png 300w\" sizes=\"auto, (max-width: 703px) 100vw, 703px\" \/><figcaption>Cornerstone<\/figcaption><\/figure>\n\n\n\n<p>Weitere Learnings aus DHL: Einsatz von Augmented Reality, AI zum Erkennen von Fortbildungsbedarfen, eLearning-Kurs-M\u00fcdigkeit.<\/p>\n\n\n\n<p><a href=\"https:\/\/resources.cornerstoneondemand.co.uk\/blog\/embracing-uncertainty-lessons-from-deutsche-post-dhl-group\">Hier geht es zur Studie von Cornerstone<\/a><\/p>\n\n\n\n<p><strong>KTM Advance <\/strong>erstellt seit vielen Jahren schon virtuelle Lernumgebungen<\/p>\n\n\n\n<p>Und dies f\u00fcr Vertrieb, Industrie und BIldung. Das franz\u00f6sische Unternehmen setzt hierbei auf Virtual Reality, Gaming (ja!), Immersion, mobile Anwendungen und Blended Learning. Zu den Kunden geh\u00f6ren die gro\u00dfen franz\u00f6sichen staatlichen Unternehmen.<\/p>\n\n\n\n<p><a href=\"https:\/\/www.ktm-advance.com\/solutions\/atome-learning\/\">Eine Auswahl der L\u00f6sungen.<\/a><\/p>\n\n\n\n<figure class=\"wp-block-image size-large\"><img loading=\"lazy\" decoding=\"async\" width=\"1024\" height=\"584\" src=\"https:\/\/dasmedienzentrum.org\/wp-content\/uploads\/2021\/06\/ktm-advance-1024x584.jpg\" alt=\"\" class=\"wp-image-1052\" srcset=\"https:\/\/dasmedienzentrum.org\/wp-content\/uploads\/2021\/06\/ktm-advance-1024x584.jpg 1024w, https:\/\/dasmedienzentrum.org\/wp-content\/uploads\/2021\/06\/ktm-advance-300x171.jpg 300w, https:\/\/dasmedienzentrum.org\/wp-content\/uploads\/2021\/06\/ktm-advance-768x438.jpg 768w, https:\/\/dasmedienzentrum.org\/wp-content\/uploads\/2021\/06\/ktm-advance-1536x876.jpg 1536w, https:\/\/dasmedienzentrum.org\/wp-content\/uploads\/2021\/06\/ktm-advance-2048x1168.jpg 2048w\" sizes=\"auto, (max-width: 767px) 89vw, (max-width: 1000px) 54vw, (max-width: 1071px) 543px, 580px\" \/><\/figure>\n\n\n\n<p>Die <strong>Deutsche Bahn<\/strong> war schon vor Jahren Pionier bei dem Einsatz von AR und dies bei dem Training zur technischen \u00dcberpr\u00fcfung von &#8230;. Weichen. Zusammengefasst lauten die Benefits des Einsatzes derer E-Learningangebote: Reduzierung der Reisekosten und Ausfallzeiten, hoher Lernerfolg durch beliebig h\u00e4ufige Wiederholung der Lerninhalte, Sicherheit durch Integration von Lernerfolgskontrollen, schnelle Aktualisierung der Lerninhalte. <br><\/p>\n\n\n\n<figure class=\"wp-block-image size-large\"><img loading=\"lazy\" decoding=\"async\" width=\"1024\" height=\"594\" src=\"https:\/\/dasmedienzentrum.org\/wp-content\/uploads\/2021\/06\/DB-1024x594.jpg\" alt=\"\" class=\"wp-image-1053\" srcset=\"https:\/\/dasmedienzentrum.org\/wp-content\/uploads\/2021\/06\/DB-1024x594.jpg 1024w, https:\/\/dasmedienzentrum.org\/wp-content\/uploads\/2021\/06\/DB-300x174.jpg 300w, https:\/\/dasmedienzentrum.org\/wp-content\/uploads\/2021\/06\/DB-768x446.jpg 768w, https:\/\/dasmedienzentrum.org\/wp-content\/uploads\/2021\/06\/DB-1536x892.jpg 1536w, https:\/\/dasmedienzentrum.org\/wp-content\/uploads\/2021\/06\/DB-2048x1189.jpg 2048w\" sizes=\"auto, (max-width: 767px) 89vw, (max-width: 1000px) 54vw, (max-width: 1071px) 543px, 580px\" \/><\/figure>\n\n\n\n<p>Die Frankfurter Wolfgang Goethe-Universit\u00e4t legte einen Bericht vor zu einer Metastudie, in der Ergebnisse aus Distanzlernverfahren in Schulen w\u00e4hrend der ersten Pandemie-Welle im Jahr 2020 dargestellt wurden. Ein Ergebnis: &#8222;<strong><em>Distanzlernen ist genauso effektiv wie Sommerferien<\/em><\/strong>&#8222;. Besondere Schw\u00e4chen wurden nachgewiesen in den F\u00e4chern Mathematik und Franz\u00f6sisch. <\/p>\n\n\n\n<p><\/p>\n\n\n\n<figure class=\"wp-block-image size-large\"><img loading=\"lazy\" decoding=\"async\" width=\"1024\" height=\"724\" src=\"https:\/\/dasmedienzentrum.org\/wp-content\/uploads\/2021\/06\/3-Distanzunterricht-genauso-effektiv-wie-Ferien-1024x724.jpg\" alt=\"\" class=\"wp-image-1054\" srcset=\"https:\/\/dasmedienzentrum.org\/wp-content\/uploads\/2021\/06\/3-Distanzunterricht-genauso-effektiv-wie-Ferien-1024x724.jpg 1024w, https:\/\/dasmedienzentrum.org\/wp-content\/uploads\/2021\/06\/3-Distanzunterricht-genauso-effektiv-wie-Ferien-300x212.jpg 300w, https:\/\/dasmedienzentrum.org\/wp-content\/uploads\/2021\/06\/3-Distanzunterricht-genauso-effektiv-wie-Ferien-768x543.jpg 768w, https:\/\/dasmedienzentrum.org\/wp-content\/uploads\/2021\/06\/3-Distanzunterricht-genauso-effektiv-wie-Ferien-1536x1086.jpg 1536w, https:\/\/dasmedienzentrum.org\/wp-content\/uploads\/2021\/06\/3-Distanzunterricht-genauso-effektiv-wie-Ferien-2048x1448.jpg 2048w\" sizes=\"auto, (max-width: 767px) 89vw, (max-width: 1000px) 54vw, (max-width: 1071px) 543px, 580px\" \/><\/figure>\n\n\n\n<p>Genau dieses Urteil wurde in der Zoom-Konferenz mit dem Titel &#8222;<strong><em>Was kann Schule im digitalen Wandel von Untrenehmen lernen?<\/em><\/strong>&#8220; getroffen.<br>Wie geht es nun in Schulen weiter? Werden Tablets, Konferenzr\u00e4ume und die vielen m\u00fchevoll gelernten Apps (von einigen wenigen zwar aber immerhin &#8230;) wieder im digitalen Nirwana verschwinden? Eines ist klar, solange solche Verfahren nicht auf ihren Erfog hin gemessen werden, k\u00f6nnen sie ihre Wirksamkeit nicht belegen, wobei diese evident ist. Siehe die genannten Beispiele oben. <a href=\"https:\/\/www.amazon.de\/Learning-Deutschland-2005-Managen-Bildung\/dp\/393326989X\">Zu einer fr\u00fchen Studie geht es hier. <\/a>Sie zeigte Instrumente auf mit denen digital gest\u00fctztes Lernen messbar wird. Die Tools stammen aus der Kommunikations &#8211; und Werbewirkungsforschung!<\/p>\n\n\n\n<figure class=\"wp-block-image size-large\"><img loading=\"lazy\" decoding=\"async\" width=\"350\" height=\"499\" src=\"https:\/\/dasmedienzentrum.org\/wp-content\/uploads\/2021\/06\/elearningindeutschland.jpg\" alt=\"\" class=\"wp-image-1055\" srcset=\"https:\/\/dasmedienzentrum.org\/wp-content\/uploads\/2021\/06\/elearningindeutschland.jpg 350w, https:\/\/dasmedienzentrum.org\/wp-content\/uploads\/2021\/06\/elearningindeutschland-210x300.jpg 210w\" sizes=\"auto, (max-width: 350px) 100vw, 350px\" \/><\/figure>\n\n\n\n<figure class=\"wp-block-image size-large\"><img loading=\"lazy\" decoding=\"async\" width=\"1024\" height=\"956\" src=\"https:\/\/dasmedienzentrum.org\/wp-content\/uploads\/2021\/06\/poll_tweet_Poppe_Gehaltsaufstufung-1024x956.jpg\" alt=\"\" class=\"wp-image-1057\" srcset=\"https:\/\/dasmedienzentrum.org\/wp-content\/uploads\/2021\/06\/poll_tweet_Poppe_Gehaltsaufstufung-1024x956.jpg 1024w, https:\/\/dasmedienzentrum.org\/wp-content\/uploads\/2021\/06\/poll_tweet_Poppe_Gehaltsaufstufung-300x280.jpg 300w, https:\/\/dasmedienzentrum.org\/wp-content\/uploads\/2021\/06\/poll_tweet_Poppe_Gehaltsaufstufung-768x717.jpg 768w, https:\/\/dasmedienzentrum.org\/wp-content\/uploads\/2021\/06\/poll_tweet_Poppe_Gehaltsaufstufung.jpg 1265w\" sizes=\"auto, (max-width: 767px) 89vw, (max-width: 1000px) 54vw, (max-width: 1071px) 543px, 580px\" \/><figcaption>Ohne Kommentar. Intrinsische Motivation &#8230;?<\/figcaption><\/figure>\n\n\n\n<p><strong><a href=\"https:\/\/dasmedienzentrum.org\/?p=986\">Hier geht es zu dem vollen Mitschnitt der Zoom-Konferenz &#8222;Was kann Schule lernen &#8230;&#8220;<\/a><\/strong><\/p>\n\n\n\n<p>Sie k\u00f6nnen mittenrein schauen.  der eigetliche Start ist etwa bei 10 Minuten. Die Veranstaltung und ihre Hintergr\u00fcnde werden in einem umfangreichen <a href=\"https:\/\/dasmedienzentrum.org\/?p=986\">Artikel hier detailliert beschrieben.<\/a><\/p>\n\n\n\n<figure class=\"wp-block-image size-large\"><img loading=\"lazy\" decoding=\"async\" width=\"1024\" height=\"633\" src=\"https:\/\/dasmedienzentrum.org\/wp-content\/uploads\/2021\/06\/alle4-sw-1024x633.jpg\" alt=\"\" class=\"wp-image-1059\" srcset=\"https:\/\/dasmedienzentrum.org\/wp-content\/uploads\/2021\/06\/alle4-sw-1024x633.jpg 1024w, https:\/\/dasmedienzentrum.org\/wp-content\/uploads\/2021\/06\/alle4-sw-300x185.jpg 300w, https:\/\/dasmedienzentrum.org\/wp-content\/uploads\/2021\/06\/alle4-sw-768x475.jpg 768w, https:\/\/dasmedienzentrum.org\/wp-content\/uploads\/2021\/06\/alle4-sw-1536x949.jpg 1536w, https:\/\/dasmedienzentrum.org\/wp-content\/uploads\/2021\/06\/alle4-sw-2048x1266.jpg 2048w\" sizes=\"auto, (max-width: 767px) 89vw, (max-width: 1000px) 54vw, (max-width: 1071px) 543px, 580px\" \/><\/figure>\n\n\n\n<p>Danke den vier Co-Referenten <strong><em>Marina Weiland, Stefan Trauth, Dr Helen Fitsch und Paul Martin.<\/em><\/strong><\/p>\n","protected":false},"excerpt":{"rendered":"<p>Best practice aus HR, Bildung, Schule &amp; Wirtschaft Hier wird zu der erfolgten Zoom-Diskussion aktuell berichtet. Was kann Schule im digitalen Wandel von Wirtschaft lernen? Weiter unten finden Sie den Link zu dem Replay der Veranstaltung &#8222;Lessons from Deutsche Post DHL Group&#8220; Weitere Learnings aus DHL: Einsatz von Augmented Reality, AI zum Erkennen von Fortbildungsbedarfen, &hellip; <\/p>\n<p class=\"link-more\"><a href=\"https:\/\/dasmedienzentrum.org\/?p=1048\" class=\"more-link\"><span class=\"screen-reader-text\">\u201eUPDATE\u201c<\/span> weiterlesen<\/a><\/p>\n","protected":false},"author":1,"featured_media":0,"comment_status":"closed","ping_status":"closed","sticky":false,"template":"","format":"standard","meta":{"footnotes":""},"categories":[1],"tags":[61,209,208,210,5],"class_list":["post-1048","post","type-post","status-publish","format-standard","hentry","category-allgemein","tag-dasmedienzentrm-2","tag-digitale-schule","tag-e-learning","tag-paul-martin","tag-poppe"],"_links":{"self":[{"href":"https:\/\/dasmedienzentrum.org\/index.php?rest_route=\/wp\/v2\/posts\/1048","targetHints":{"allow":["GET"]}}],"collection":[{"href":"https:\/\/dasmedienzentrum.org\/index.php?rest_route=\/wp\/v2\/posts"}],"about":[{"href":"https:\/\/dasmedienzentrum.org\/index.php?rest_route=\/wp\/v2\/types\/post"}],"author":[{"embeddable":true,"href":"https:\/\/dasmedienzentrum.org\/index.php?rest_route=\/wp\/v2\/users\/1"}],"replies":[{"embeddable":true,"href":"https:\/\/dasmedienzentrum.org\/index.php?rest_route=%2Fwp%2Fv2%2Fcomments&post=1048"}],"version-history":[{"count":9,"href":"https:\/\/dasmedienzentrum.org\/index.php?rest_route=\/wp\/v2\/posts\/1048\/revisions"}],"predecessor-version":[{"id":1066,"href":"https:\/\/dasmedienzentrum.org\/index.php?rest_route=\/wp\/v2\/posts\/1048\/revisions\/1066"}],"wp:attachment":[{"href":"https:\/\/dasmedienzentrum.org\/index.php?rest_route=%2Fwp%2Fv2%2Fmedia&parent=1048"}],"wp:term":[{"taxonomy":"category","embeddable":true,"href":"https:\/\/dasmedienzentrum.org\/index.php?rest_route=%2Fwp%2Fv2%2Fcategories&post=1048"},{"taxonomy":"post_tag","embeddable":true,"href":"https:\/\/dasmedienzentrum.org\/index.php?rest_route=%2Fwp%2Fv2%2Ftags&post=1048"}],"curies":[{"name":"wp","href":"https:\/\/api.w.org\/{rel}","templated":true}]}}