{"id":1087,"date":"2021-07-13T11:27:02","date_gmt":"2021-07-13T09:27:02","guid":{"rendered":"https:\/\/dasmedienzentrum.org\/?p=1087"},"modified":"2021-07-13T11:31:58","modified_gmt":"2021-07-13T09:31:58","slug":"kommunikation-und-lernen-in-betrieben-und-anderen-organisationseinheiten","status":"publish","type":"post","link":"https:\/\/dasmedienzentrum.org\/?p=1087","title":{"rendered":"Kommunikation und Lernen in Betrieben und anderen Organisationseinheiten"},"content":{"rendered":"\n<p>Slack und Teams befinden sich gerade in einem Kollisionskurs. Der B\u00fcro\u00adkom\u00admu\u00adni\u00adka\u00adti\u00adons\u00addiens\u00adt Slack wird wohl demn\u00e4chst von dem Softwareanbieter Salesforce.com \u00fcbernommen. Beide haben einen gemein\u00adsa\u00admen und ungleich gr\u00f6\u00dfe\u00adren Gegner, n\u00e4mlich Microsoft mit Teams. Hinzu kommt auch Zoom, mit einer 1\/1-L\u00f6sung von Bespre\u00adchun\u00adgen in der virtu\u00adel\u00adlen Welt. MS Teams spielt den Vorteil aus, das weit verbreitete Office-Paket integriert zu haben. Allen US-Abietern gemeinsam ist, dass Inhalte und die Kommunikation auf Servern abgelegt sind au\u00dferhalb Deutschland.<\/p>\n\n\n\n<p>Zwei wesentliche Elemente f\u00fchren zu einem Erfolg solcher Plattformen: die Verbindlichkeit der Teilnahme durch die Mitarbeiter und eine \u201eDurchstrukturierung\u201c der Unternehmensabl\u00e4ufe. Denn nur \u00fcber eine Automatisierung von wiederkehrenden Routinen, \u00fcber eine Definition von Schnittstellen und mit leicht bedienbaren Kommunikationsplattformen lassen sich Optimierungen realisieren. Diese dr\u00fccken sich u.a. aus in eine g\u00fcnstigere Zeitallokation von Ressourcen. Wissensarbeiter stecken n\u00e4mlich verbreitet nur ein Drittel ihrer Zeit in ihre Kernaufgabe.<\/p>\n\n\n\n<p>Interessant ist auch, dass Slack eine neue Audio-Funk\u00adti\u00adon \u201eHudd\u00adles\u201c vorge\u00adstellt hat, die spon\u00adta\u00adne und zwang\u00adlo\u00adse Gespr\u00e4\u00adche erm\u00f6g\u00adli\u00adchen soll, so wie wenn jemand am Schreib\u00adtisch eines Kolle\u00adgen vorbeikommt. Da kommt wieder der soziale Aspekt in den Fokus, haben doch die meisten Videokonferenzler festgestellt, dass gute Informationen abseits des formellen Calls vorab, danach oder im Chat laufen. Hier schlie\u00dft sich \u00fcbrigens der Kreis zu Audio: Radio Gong stellte auf #LRF21 k\u00fcrzlich eine L\u00f6sung f\u00fcr Unternehmensradios vor. <a href=\"https:\/\/lokalrundfunktage.de\/workshop_item\/neue-erloesquellen-fuer-lokale-radio-tv-stationen\/\">Corporate Radio, ein Angebo<\/a>t, das nicht nur in Pandemiezeiten seine Berechtigung hat.<\/p>\n\n\n\n<p>Wie man weit verbreitet sieht, entwickeln Unternehmen als lernende Einheiten eigene Plattformen oder mieten diese, stellen Lernorte online bereit, entwickeln oder kaufen spezielle Didaktik mit spezifischen Inhalten und Lernzielen.<\/p>\n\n\n\n<p>Zu teams, salesforce, adobe und bitrix24 gesellt sich nun auch ein deutscher Anbieter mit SDUI: gerade (?) Bildungseinrichtungen ben\u00f6tigen funktionierende Kommunikation und gutes Projektmanagement.<\/p>\n\n\n\n<p>SDUI aus der deutschen \u201aProvinz\u2018 in Koblenz vernetzt mit einer App Akteure in Schulen und Kitas, optimiert die Kommunikation und will den Digitalisierungsprozess langfristig erfolgreich gestalten. Nach Angaben des Anbieters sind bereits 2.500 Schulen und Kitas dabei. Zu den Investoren geh\u00f6ren das Land Rheinland-Pfalz mit seiner F\u00f6rderbank ISB sowie der High-Tech Gr\u00fcnderfonds, dessen gr\u00f6\u00dfter Fondsinvestor das Bundesministerium f\u00fcr Wirtschaft und Energie ist. Nach SDUI-Angaben wird deren Angebot von ganzen St\u00e4dten und Landkreisen als Standard f\u00fcr DSGVO-konforme Schulkommunikation eingesetzt.<\/p>\n\n\n\n<p>Bleibt abzuwarten, ob das sicherlich gut dargestellte Angebot der Koblenzer in <a href=\"https:\/\/bildungsklick.de\/schule\/detail\/bildungspolitik-und-schulen-8-huerden-die-homeschooling-in-deutschland-verhindern\">dem eher dysfunktionalen Umfeld Schule<\/a> ankommt. Alleine schon wegen der DSGVO-Konformit\u00e4t stehen die Chancen  eher gut.<\/p>\n\n\n\n<figure class=\"wp-block-image size-large\"><img loading=\"lazy\" decoding=\"async\" width=\"1001\" height=\"805\" src=\"https:\/\/dasmedienzentrum.org\/wp-content\/uploads\/2021\/07\/anbieter.png\" alt=\"\" class=\"wp-image-1088\" srcset=\"https:\/\/dasmedienzentrum.org\/wp-content\/uploads\/2021\/07\/anbieter.png 1001w, https:\/\/dasmedienzentrum.org\/wp-content\/uploads\/2021\/07\/anbieter-300x241.png 300w, https:\/\/dasmedienzentrum.org\/wp-content\/uploads\/2021\/07\/anbieter-768x618.png 768w\" sizes=\"auto, (max-width: 767px) 89vw, (max-width: 1000px) 54vw, (max-width: 1071px) 543px, 580px\" \/><\/figure>\n","protected":false},"excerpt":{"rendered":"<p>Slack und Teams befinden sich gerade in einem Kollisionskurs. Der B\u00fcro\u00adkom\u00admu\u00adni\u00adka\u00adti\u00adons\u00addiens\u00adt Slack wird wohl demn\u00e4chst von dem Softwareanbieter Salesforce.com \u00fcbernommen. Beide haben einen gemein\u00adsa\u00admen und ungleich gr\u00f6\u00dfe\u00adren Gegner, n\u00e4mlich Microsoft mit Teams. Hinzu kommt auch Zoom, mit einer 1\/1-L\u00f6sung von Bespre\u00adchun\u00adgen in der virtu\u00adel\u00adlen Welt. MS Teams spielt den Vorteil aus, das weit verbreitete Office-Paket &hellip; <\/p>\n<p class=\"link-more\"><a href=\"https:\/\/dasmedienzentrum.org\/?p=1087\" class=\"more-link\"><span class=\"screen-reader-text\">\u201eKommunikation und Lernen in Betrieben und anderen Organisationseinheiten\u201c<\/span> weiterlesen<\/a><\/p>\n","protected":false},"author":1,"featured_media":0,"comment_status":"closed","ping_status":"closed","sticky":false,"template":"","format":"standard","meta":{"footnotes":""},"categories":[1],"tags":[],"class_list":["post-1087","post","type-post","status-publish","format-standard","hentry","category-allgemein"],"_links":{"self":[{"href":"https:\/\/dasmedienzentrum.org\/index.php?rest_route=\/wp\/v2\/posts\/1087","targetHints":{"allow":["GET"]}}],"collection":[{"href":"https:\/\/dasmedienzentrum.org\/index.php?rest_route=\/wp\/v2\/posts"}],"about":[{"href":"https:\/\/dasmedienzentrum.org\/index.php?rest_route=\/wp\/v2\/types\/post"}],"author":[{"embeddable":true,"href":"https:\/\/dasmedienzentrum.org\/index.php?rest_route=\/wp\/v2\/users\/1"}],"replies":[{"embeddable":true,"href":"https:\/\/dasmedienzentrum.org\/index.php?rest_route=%2Fwp%2Fv2%2Fcomments&post=1087"}],"version-history":[{"count":3,"href":"https:\/\/dasmedienzentrum.org\/index.php?rest_route=\/wp\/v2\/posts\/1087\/revisions"}],"predecessor-version":[{"id":1091,"href":"https:\/\/dasmedienzentrum.org\/index.php?rest_route=\/wp\/v2\/posts\/1087\/revisions\/1091"}],"wp:attachment":[{"href":"https:\/\/dasmedienzentrum.org\/index.php?rest_route=%2Fwp%2Fv2%2Fmedia&parent=1087"}],"wp:term":[{"taxonomy":"category","embeddable":true,"href":"https:\/\/dasmedienzentrum.org\/index.php?rest_route=%2Fwp%2Fv2%2Fcategories&post=1087"},{"taxonomy":"post_tag","embeddable":true,"href":"https:\/\/dasmedienzentrum.org\/index.php?rest_route=%2Fwp%2Fv2%2Ftags&post=1087"}],"curies":[{"name":"wp","href":"https:\/\/api.w.org\/{rel}","templated":true}]}}