{"id":1180,"date":"2021-10-21T12:19:50","date_gmt":"2021-10-21T10:19:50","guid":{"rendered":"https:\/\/dasmedienzentrum.org\/?p=1180"},"modified":"2021-10-21T12:41:59","modified_gmt":"2021-10-21T10:41:59","slug":"100-jahre-radio-on-air","status":"publish","type":"post","link":"https:\/\/dasmedienzentrum.org\/?p=1180","title":{"rendered":"100 Jahre Radio &#8211; ON Air"},"content":{"rendered":"\n<p><strong>ON AIR 100 Jahre Radio im Museum f\u00fcr Kommunikation<\/strong><\/p>\n\n\n\n<p><strong>Die Ausstellung &#8222;ON AIR. 100 Jahre Radio&#8220; zieht von Berlin um nach Frankfurt.<\/strong><\/p>\n\n\n\n<p>Bei dieser Gelegenheit &#8218;machen&#8216; Acht- bis Zw\u00f6flj\u00e4hrige&nbsp; Radio. Dreizehntkl\u00e4ssler besch\u00e4ftigen sich mit Medien und dem Thema Fakenews unter fachkundiger Leitung.<\/p>\n\n\n\n<figure class=\"wp-block-image size-large\"><img loading=\"lazy\" decoding=\"async\" width=\"1008\" height=\"567\" src=\"https:\/\/dasmedienzentrum.org\/wp-content\/uploads\/2021\/10\/20211020_113232_resized.jpg\" alt=\"\" class=\"wp-image-1183\" srcset=\"https:\/\/dasmedienzentrum.org\/wp-content\/uploads\/2021\/10\/20211020_113232_resized.jpg 1008w, https:\/\/dasmedienzentrum.org\/wp-content\/uploads\/2021\/10\/20211020_113232_resized-300x169.jpg 300w, https:\/\/dasmedienzentrum.org\/wp-content\/uploads\/2021\/10\/20211020_113232_resized-768x432.jpg 768w\" sizes=\"auto, (max-width: 767px) 89vw, (max-width: 1000px) 54vw, (max-width: 1071px) 543px, 580px\" \/><\/figure>\n\n\n\n<p>Das kann auch spannend werden:<\/p>\n\n\n\n<p>N\u00e4chsten Samstag, am 23. Oktober findet im MfK ein VR Aktionstag statt. Kommen Sie vorbei und lernen Sie verschiedene Anwendungsm\u00f6glichkeiten von VR\/AR kennen. Instruiert von Expert:innen der Handwerkskammer, Telekom und anderen.<\/p>\n\n\n\n<p>Die Kinder von <a href=\"https:\/\/twitter.com\/hashtag\/MathieuOullion?src=hashtag_click\">#MathieuOullion<\/a> haben irgendwie Aufkleber mit den Anleitungen f\u00fcr das <a href=\"https:\/\/twitter.com\/hashtag\/KidsWebradio?src=hashtag_click\">#KidsWebradio<\/a> durcheinander gebracht. Der Apfel &#8230;.<\/p>\n\n\n\n<figure class=\"wp-block-video\"><video height=\"400\" style=\"aspect-ratio: 320 \/ 400;\" width=\"320\" controls src=\"https:\/\/dasmedienzentrum.org\/wp-content\/uploads\/2021\/10\/mathieu-kids-1.mp4\"><\/video><\/figure>\n\n\n\n<figure class=\"wp-block-image size-large\"><img loading=\"lazy\" decoding=\"async\" width=\"1024\" height=\"781\" src=\"https:\/\/dasmedienzentrum.org\/wp-content\/uploads\/2021\/10\/logo-on-air-1024x781.png\" alt=\"\" class=\"wp-image-1185\" srcset=\"https:\/\/dasmedienzentrum.org\/wp-content\/uploads\/2021\/10\/logo-on-air-1024x781.png 1024w, https:\/\/dasmedienzentrum.org\/wp-content\/uploads\/2021\/10\/logo-on-air-300x229.png 300w, https:\/\/dasmedienzentrum.org\/wp-content\/uploads\/2021\/10\/logo-on-air-768x586.png 768w, https:\/\/dasmedienzentrum.org\/wp-content\/uploads\/2021\/10\/logo-on-air.png 1059w\" sizes=\"auto, (max-width: 767px) 89vw, (max-width: 1000px) 54vw, (max-width: 1071px) 543px, 580px\" \/><\/figure>\n\n\n\n<p><\/p>\n","protected":false},"excerpt":{"rendered":"<p>ON AIR 100 Jahre Radio im Museum f\u00fcr Kommunikation Die Ausstellung &#8222;ON AIR. 100 Jahre Radio&#8220; zieht von Berlin um nach Frankfurt. Bei dieser Gelegenheit &#8218;machen&#8216; Acht- bis Zw\u00f6flj\u00e4hrige&nbsp; Radio. Dreizehntkl\u00e4ssler besch\u00e4ftigen sich mit Medien und dem Thema Fakenews unter fachkundiger Leitung. Das kann auch spannend werden: N\u00e4chsten Samstag, am 23. Oktober findet im MfK &hellip; <\/p>\n<p class=\"link-more\"><a href=\"https:\/\/dasmedienzentrum.org\/?p=1180\" class=\"more-link\"><span class=\"screen-reader-text\">\u201e100 Jahre Radio &#8211; ON Air\u201c<\/span> weiterlesen<\/a><\/p>\n","protected":false},"author":1,"featured_media":0,"comment_status":"closed","ping_status":"closed","sticky":false,"template":"","format":"standard","meta":{"footnotes":""},"categories":[1],"tags":[218,216,29,217],"class_list":["post-1180","post","type-post","status-publish","format-standard","hentry","category-allgemein","tag-100-jahre-radio-on-air","tag-dasmedienzentrum-poppe-media","tag-helmut-poppe","tag-radiosalesweekly-3"],"_links":{"self":[{"href":"https:\/\/dasmedienzentrum.org\/index.php?rest_route=\/wp\/v2\/posts\/1180","targetHints":{"allow":["GET"]}}],"collection":[{"href":"https:\/\/dasmedienzentrum.org\/index.php?rest_route=\/wp\/v2\/posts"}],"about":[{"href":"https:\/\/dasmedienzentrum.org\/index.php?rest_route=\/wp\/v2\/types\/post"}],"author":[{"embeddable":true,"href":"https:\/\/dasmedienzentrum.org\/index.php?rest_route=\/wp\/v2\/users\/1"}],"replies":[{"embeddable":true,"href":"https:\/\/dasmedienzentrum.org\/index.php?rest_route=%2Fwp%2Fv2%2Fcomments&post=1180"}],"version-history":[{"count":3,"href":"https:\/\/dasmedienzentrum.org\/index.php?rest_route=\/wp\/v2\/posts\/1180\/revisions"}],"predecessor-version":[{"id":1188,"href":"https:\/\/dasmedienzentrum.org\/index.php?rest_route=\/wp\/v2\/posts\/1180\/revisions\/1188"}],"wp:attachment":[{"href":"https:\/\/dasmedienzentrum.org\/index.php?rest_route=%2Fwp%2Fv2%2Fmedia&parent=1180"}],"wp:term":[{"taxonomy":"category","embeddable":true,"href":"https:\/\/dasmedienzentrum.org\/index.php?rest_route=%2Fwp%2Fv2%2Fcategories&post=1180"},{"taxonomy":"post_tag","embeddable":true,"href":"https:\/\/dasmedienzentrum.org\/index.php?rest_route=%2Fwp%2Fv2%2Ftags&post=1180"}],"curies":[{"name":"wp","href":"https:\/\/api.w.org\/{rel}","templated":true}]}}