{"id":1263,"date":"2022-08-31T17:20:11","date_gmt":"2022-08-31T15:20:11","guid":{"rendered":"https:\/\/dasmedienzentrum.org\/?p=1263"},"modified":"2022-08-31T19:47:19","modified_gmt":"2022-08-31T17:47:19","slug":"neue-inhalte-andere-werbung-wie-viel-airchecks-ein-bisschen-spass-zum-gendern","status":"publish","type":"post","link":"https:\/\/dasmedienzentrum.org\/?p=1263","title":{"rendered":"Neue Inhalte, andere Werbung, wie viel? Airchecks. Ein bisschen Spa\u00df zum Gendern."},"content":{"rendered":"\n<p>F\u00fcr KollegenInnen und &#8222;Rollernde&#8220;. Gendern, Emotionen<\/p>\n\n\n\n<p>Aktuelles aus Media, Marketing, Radio und Audio im digitalen Wandel und mit internationalem Input.<\/p>\n\n\n\n<p>20 Minuten, knapp, informativ und durchaus am\u00fcsant<br>\u2013 alle sind fort. Oder auch nicht:<\/p>\n\n\n\n<p>In Urlaubspr\u00e4senz und live dabei:<br>Alexander Zeitelhack, Dozent an der FH N\u00fcrnberg und mit Zeitelhack Medien Management Consulting im Radiomarketing aktiv.<br>Doreen Gesierich Gesch\u00e4ftsf\u00fchrerin &#8211; Antenne Bad Kreuznach GmbH<br>Helmut Poppe, Host, Unternehmer in Radio, Marketing und Vertrieb.<\/p>\n\n\n\n<p>Heute geht es um (1) Spotanalysen und den (2) Werbetrend. Wie schlimm sieht\u2019s aus? Gibt es neue Themen \u2013 wie vor einigen Wochen vorausgesagt \u2013 bei den Spots \u2013 aufgegriffen aus politischen und gesellschaftlichen Entwicklungen? Doreen gibt Hinweise aus dem lokalen Markt: Neue Themen, Tonality, Gesch\u00e4ftsentwicklung.<br>Alexander: Die Verteilung der Zust\u00e4ndigkeiten der nationalen Vermarktung ist komplex. Da gibt es 3 NRW-Kombis, es gibt zwei neue Vermarkter, einer wechselt zu ARD media, dann gibt es Senderkombinationen, die mehrfach vermarktet werden. Blickt da noch jemand durch? Wen ordnet er wem zu? Es geht auch um Genderfragen, Nachhaltigkeit, Emotionen wie vorhergesagt vor 6 Wochen. Radio reagiert bewiesenerma\u00dfen wieder einmal schnell!<\/p>\n\n\n\n<p><\/p>\n\n\n\n<p>Zu dem Videocast mit Doreen Gesierich, Alexander Zeitelhack und dem Host Helmut <a href=\"https:\/\/youtu.be\/nzzyu_h0t_M\">Poppe geht&#8217;s hier.<\/a><\/p>\n\n\n\n<p><\/p>\n\n\n\n<p>Hier als &#8218;Bonus&#8216; der <a href=\"https:\/\/drive.google.com\/file\/d\/1DXbnXndijFDgPZMXii4sTNMFACgaMZA8\/view?usp=sharing\">Entwurf einer Bewertungsmatrix nach Kriterien wie <\/a>\u00dcbertragbarkeit: in anderen Regionen (besser Anregung, lol, k\u00fcnstlerisches Copyright&#8216;), lokal oder nationale Akquisition, gesch\u00e4tzte Umsatzgr\u00f6\u00dfe, &#8230;.<\/p>\n\n\n\n<p><a href=\"https:\/\/youtu.be\/9dl7Q3JHUSc\" data-type=\"URL\" data-id=\"https:\/\/youtu.be\/9dl7Q3JHUSc\">Und hier ein Radio Aircheck nach Zufallsprinzip, Morning Show.<\/a> (bei 2:17 wird&#8217;s lustig)<\/p>\n\n\n\n<p>Bild: Autohaus K\u00f6nig, Hamburg<\/p>\n\n\n\n<p><\/p>\n","protected":false},"excerpt":{"rendered":"<p>F\u00fcr KollegenInnen und &#8222;Rollernde&#8220;. Gendern, Emotionen Aktuelles aus Media, Marketing, Radio und Audio im digitalen Wandel und mit internationalem Input. 20 Minuten, knapp, informativ und durchaus am\u00fcsant\u2013 alle sind fort. Oder auch nicht: In Urlaubspr\u00e4senz und live dabei:Alexander Zeitelhack, Dozent an der FH N\u00fcrnberg und mit Zeitelhack Medien Management Consulting im Radiomarketing aktiv.Doreen Gesierich Gesch\u00e4ftsf\u00fchrerin &hellip; <\/p>\n<p class=\"link-more\"><a href=\"https:\/\/dasmedienzentrum.org\/?p=1263\" class=\"more-link\"><span class=\"screen-reader-text\">\u201eNeue Inhalte, andere Werbung, wie viel? Airchecks. Ein bisschen Spa\u00df zum Gendern.\u201c<\/span> weiterlesen<\/a><\/p>\n","protected":false},"author":1,"featured_media":1265,"comment_status":"closed","ping_status":"closed","sticky":false,"template":"","format":"standard","meta":{"footnotes":""},"categories":[1],"tags":[],"class_list":["post-1263","post","type-post","status-publish","format-standard","has-post-thumbnail","hentry","category-allgemein"],"_links":{"self":[{"href":"https:\/\/dasmedienzentrum.org\/index.php?rest_route=\/wp\/v2\/posts\/1263","targetHints":{"allow":["GET"]}}],"collection":[{"href":"https:\/\/dasmedienzentrum.org\/index.php?rest_route=\/wp\/v2\/posts"}],"about":[{"href":"https:\/\/dasmedienzentrum.org\/index.php?rest_route=\/wp\/v2\/types\/post"}],"author":[{"embeddable":true,"href":"https:\/\/dasmedienzentrum.org\/index.php?rest_route=\/wp\/v2\/users\/1"}],"replies":[{"embeddable":true,"href":"https:\/\/dasmedienzentrum.org\/index.php?rest_route=%2Fwp%2Fv2%2Fcomments&post=1263"}],"version-history":[{"count":7,"href":"https:\/\/dasmedienzentrum.org\/index.php?rest_route=\/wp\/v2\/posts\/1263\/revisions"}],"predecessor-version":[{"id":1274,"href":"https:\/\/dasmedienzentrum.org\/index.php?rest_route=\/wp\/v2\/posts\/1263\/revisions\/1274"}],"wp:featuredmedia":[{"embeddable":true,"href":"https:\/\/dasmedienzentrum.org\/index.php?rest_route=\/wp\/v2\/media\/1265"}],"wp:attachment":[{"href":"https:\/\/dasmedienzentrum.org\/index.php?rest_route=%2Fwp%2Fv2%2Fmedia&parent=1263"}],"wp:term":[{"taxonomy":"category","embeddable":true,"href":"https:\/\/dasmedienzentrum.org\/index.php?rest_route=%2Fwp%2Fv2%2Fcategories&post=1263"},{"taxonomy":"post_tag","embeddable":true,"href":"https:\/\/dasmedienzentrum.org\/index.php?rest_route=%2Fwp%2Fv2%2Ftags&post=1263"}],"curies":[{"name":"wp","href":"https:\/\/api.w.org\/{rel}","templated":true}]}}