{"id":1296,"date":"2022-10-20T18:53:49","date_gmt":"2022-10-20T16:53:49","guid":{"rendered":"https:\/\/dasmedienzentrum.org\/?p=1296"},"modified":"2022-10-21T10:43:07","modified_gmt":"2022-10-21T08:43:07","slug":"buecher-hoeren-satt","status":"publish","type":"post","link":"https:\/\/dasmedienzentrum.org\/?p=1296","title":{"rendered":"B\u00fccher h\u00f6ren &#8211; satt"},"content":{"rendered":"\n<p><\/p>\n\n\n\n<p>H\u00f6rb\u00fccher, Podcasts, Audio-Software und -Services gibt es auf der Frankfurter Buchmesse in H\u00fclle und F\u00fclle. Wer \u2013 und wie viele &#8211; sind es, die lieber h\u00f6ren als zu lesen?<\/p>\n\n\n\n<p>Auf rund 250 Quadratmetern steht im Frankfurt Audio-Areal (Halle 3.1 rund um K61) das gesprochene Wort im Mittelpunkt. Ausgew\u00e4hlte Fachevents bieten Einblicke in den Audio-Markt und wertvolles Fachwissen. Der Radioxperte Martin Liss meint, dass \u201e..entgegen vieler Radio-Enthusiasten Podcast-Fans sehr wohl finden, dass Podcast und Radio in Konkurrenz stehen: \u00dcber 70% sagen, dass Podcasts \u201ebesser\u201c sind als Radio. Was immer genau das hei\u00dfen mag.\u201c Neben den Podcasts deren H\u00f6rer H\u00f6rer eher jung und ziemlich gut gebildet sind, kann man sich auch die Ohren berieseln lassen mit sogenannten Audiob\u00fcchern. Die Akteure der immer noch jungen Branche, ob sie zu Beispiel nun Audiobooks, AkooBooksAudio, Spotify, Bookwire oder HieraxMedien hei\u00dfen, drucksen allerdings ein wenig herum, wenn man erfahren m\u00f6chte, wer und wie viele es sind, die Romane, Erz\u00e4hlungen oder Sachthemen statt mit einem Buch lieber als Audio nutzen m\u00f6chten. Das \u201aAbspielen\u2018 erfolgt dann \u00fcber einen PC, ein Tablet, einen eReader oder das Handy. Zu erwerben sind die Erzeugnisse in einem Abonnenment bei einem der gro\u00dfen Streaminganbieter, ebenfalls gestreamt oder als Download bei kostenfreien Anbietern oder bei einem Verlag selbst  zum kostenpflichtigen Herunterladen.&nbsp; Zu erw\u00e4hnen seien auch Onlinezeitungen, die in einem Vorlesemodus Texte anbieten oder mittels Umwandlungen von Text auf Ton durch Google. Bei dieser L\u00f6sung allerdings darf man eher eine m\u00e4\u00dfige Vortragsqualit\u00e4t erwarten. Dass diese Beitr\u00e4ge dann maschinell erstellt wurden, merkt man rasch an der etwas monotonen Stimme. Die Spezialverlage bieten da deutlich bessere H\u00f6rerlebnisse, denn sie engagieren zum Vorlesen der Texte professionelle Sprecher. Besonders m\u00f6chten wir da den <a href=\"http:\/\/hierax.de\/\">medienverlag Kohlfeldt<\/a> erw\u00e4hnen, der mit dem Titel \u201eGSG9\u201c erz\u00e4hlt, wie 1977 in der W\u00fcste Somalias ein deutscher Mythos geboren wurde und wie es mit diesem weiterging.<\/p>\n\n\n\n<figure class=\"wp-block-gallery has-nested-images columns-default is-cropped wp-block-gallery-1 is-layout-flex wp-block-gallery-is-layout-flex\">\n<figure class=\"wp-block-image size-large\"><img loading=\"lazy\" decoding=\"async\" width=\"257\" height=\"541\" data-id=\"1297\" src=\"https:\/\/dasmedienzentrum.org\/wp-content\/uploads\/2022\/10\/gsg9kohfeldt.jpg\" alt=\"\" class=\"wp-image-1297\" srcset=\"https:\/\/dasmedienzentrum.org\/wp-content\/uploads\/2022\/10\/gsg9kohfeldt.jpg 257w, https:\/\/dasmedienzentrum.org\/wp-content\/uploads\/2022\/10\/gsg9kohfeldt-143x300.jpg 143w\" sizes=\"auto, (max-width: 257px) 100vw, 257px\" \/><\/figure>\n<\/figure>\n\n\n\n<p>Die \u00f6ffentlich-rechtlichen Anbieter ARD und ZDF haben in der Studie \u201eMassenkommunikation Trends 2022\u201c Zahlen vorgestellt, die zeigen sollen, wie sich das H\u00f6ren bei Deutschen verteilt. Da gibt es je nach Studie unterschiedliche Zahlen. Eines steht aber fest, insgesamt wird von Deutschen im Durchschnitt bei sagenhaften 6 Stunden Mediennutzung am Tag immerhin an die 40% mit Radio und Audio verbracht. Wie gro\u00df nun der Anteil der Podcast- und Audiobuch-H\u00f6rer hieran ist, besagen vorliegende Zahlen immer noch nicht eindeutig. Vermutlich geht es da um eher niedrige Nutzungswerte bei insgesamt 170 Minuten H\u00f6rnutzung insgesamt \u2013 also inklusive Radio, Podcast und H\u00f6rbuch &#8211; verteilt auf alle Personen \u00fcber 14 Jahre n\u00e4mlich von 10 bis 15 Minuten durchschnittlich. Man kann diese Zahl nicht gerade als marginal bezeichnen, sie ist aber \u00fcberschaubar. Anders sieht es bei den bereits zu verzeichnenden Ums\u00e4tzen aus. Wie der B\u00f6rsenverein, eine B\u00fccherbrancheninstitution mitteilt, melden die hiesigen H\u00f6rbuchverlage in ihrem Audiomarkt einen kontinuierlichen Zuwachs. Er ist gegen\u00fcber dem Vorjahr&nbsp;im Jahr 2021 <strong>um 12 Prozent auf insgesamt 280,2 Millionen Euro gestiegen.<\/strong> Damit setzte sich das Wachstum aus dem Vorjahr fort (2020: plus 13 Prozent).&nbsp;Grund hierf\u00fcr d\u00fcrfte nicht nur in einer zunehmenden Sehschw\u00e4che vieler Senioren in einer wachsenden \u00e4lteren Bev\u00f6lkerung zu suchen sein, denn schaut man nur einmal kleinen Kindern zu, sieht man, mit welcher Freude sie Audiob\u00fccher mit allen Sinnen aufnehmen, geradezu verschlingen.<\/p>\n\n\n\n<p>Den kompletten Artikel mit <a href=\"https:\/\/dasmedienzentrum.org\/?p=1296\">weiteren Downloadm\u00f6glichkeiten finden Sie hier.<\/a><\/p>\n\n\n\n<figure class=\"wp-block-image size-full\"><img loading=\"lazy\" decoding=\"async\" width=\"545\" height=\"412\" src=\"https:\/\/dasmedienzentrum.org\/wp-content\/uploads\/2022\/10\/mediennutzungsdauer.jpg\" alt=\"\" class=\"wp-image-1298\" srcset=\"https:\/\/dasmedienzentrum.org\/wp-content\/uploads\/2022\/10\/mediennutzungsdauer.jpg 545w, https:\/\/dasmedienzentrum.org\/wp-content\/uploads\/2022\/10\/mediennutzungsdauer-300x227.jpg 300w\" sizes=\"auto, (max-width: 545px) 100vw, 545px\" \/><\/figure>\n\n\n\n<p>Den<a href=\"https:\/\/www.frankfurt-live.com\/b-uumlcher-h-oumlren---satt-148306.html\"> kompletten Artikel mit weiteren Downloadm\u00f6glichkeiten finden Sie auch auf frankfurtlive.com<\/a><\/p>\n\n\n\n<p><\/p>\n\n\n\n<figure class=\"wp-block-image size-full\"><img loading=\"lazy\" decoding=\"async\" width=\"365\" height=\"338\" src=\"https:\/\/dasmedienzentrum.org\/wp-content\/uploads\/2022\/10\/Nutzungsanteile-Audio.jpg\" alt=\"\" class=\"wp-image-1299\" srcset=\"https:\/\/dasmedienzentrum.org\/wp-content\/uploads\/2022\/10\/Nutzungsanteile-Audio.jpg 365w, https:\/\/dasmedienzentrum.org\/wp-content\/uploads\/2022\/10\/Nutzungsanteile-Audio-300x278.jpg 300w\" sizes=\"auto, (max-width: 365px) 100vw, 365px\" \/><\/figure>\n","protected":false},"excerpt":{"rendered":"<p>H\u00f6rb\u00fccher, Podcasts, Audio-Software und -Services gibt es auf der Frankfurter Buchmesse in H\u00fclle und F\u00fclle. Wer \u2013 und wie viele &#8211; sind es, die lieber h\u00f6ren als zu lesen? Auf rund 250 Quadratmetern steht im Frankfurt Audio-Areal (Halle 3.1 rund um K61) das gesprochene Wort im Mittelpunkt. Ausgew\u00e4hlte Fachevents bieten Einblicke in den Audio-Markt und &hellip; <\/p>\n<p class=\"link-more\"><a href=\"https:\/\/dasmedienzentrum.org\/?p=1296\" class=\"more-link\"><span class=\"screen-reader-text\">\u201eB\u00fccher h\u00f6ren &#8211; satt\u201c<\/span> weiterlesen<\/a><\/p>\n","protected":false},"author":1,"featured_media":1301,"comment_status":"closed","ping_status":"closed","sticky":false,"template":"","format":"standard","meta":{"footnotes":""},"categories":[1],"tags":[],"class_list":["post-1296","post","type-post","status-publish","format-standard","has-post-thumbnail","hentry","category-allgemein"],"_links":{"self":[{"href":"https:\/\/dasmedienzentrum.org\/index.php?rest_route=\/wp\/v2\/posts\/1296","targetHints":{"allow":["GET"]}}],"collection":[{"href":"https:\/\/dasmedienzentrum.org\/index.php?rest_route=\/wp\/v2\/posts"}],"about":[{"href":"https:\/\/dasmedienzentrum.org\/index.php?rest_route=\/wp\/v2\/types\/post"}],"author":[{"embeddable":true,"href":"https:\/\/dasmedienzentrum.org\/index.php?rest_route=\/wp\/v2\/users\/1"}],"replies":[{"embeddable":true,"href":"https:\/\/dasmedienzentrum.org\/index.php?rest_route=%2Fwp%2Fv2%2Fcomments&post=1296"}],"version-history":[{"count":9,"href":"https:\/\/dasmedienzentrum.org\/index.php?rest_route=\/wp\/v2\/posts\/1296\/revisions"}],"predecessor-version":[{"id":1312,"href":"https:\/\/dasmedienzentrum.org\/index.php?rest_route=\/wp\/v2\/posts\/1296\/revisions\/1312"}],"wp:featuredmedia":[{"embeddable":true,"href":"https:\/\/dasmedienzentrum.org\/index.php?rest_route=\/wp\/v2\/media\/1301"}],"wp:attachment":[{"href":"https:\/\/dasmedienzentrum.org\/index.php?rest_route=%2Fwp%2Fv2%2Fmedia&parent=1296"}],"wp:term":[{"taxonomy":"category","embeddable":true,"href":"https:\/\/dasmedienzentrum.org\/index.php?rest_route=%2Fwp%2Fv2%2Fcategories&post=1296"},{"taxonomy":"post_tag","embeddable":true,"href":"https:\/\/dasmedienzentrum.org\/index.php?rest_route=%2Fwp%2Fv2%2Ftags&post=1296"}],"curies":[{"name":"wp","href":"https:\/\/api.w.org\/{rel}","templated":true}]}}