{"id":1319,"date":"2022-11-07T13:26:40","date_gmt":"2022-11-07T12:26:40","guid":{"rendered":"https:\/\/dasmedienzentrum.org\/?p=1319"},"modified":"2022-11-09T20:02:58","modified_gmt":"2022-11-09T19:02:58","slug":"das-radio-house-ein-omni-channel-anbieter-fuer-die-gesamte-mediegattung","status":"publish","type":"post","link":"https:\/\/dasmedienzentrum.org\/?p=1319","title":{"rendered":"Das Radio House &#8211; ein Omni Channel Anbieter f\u00fcr die gesamte Mediengattung"},"content":{"rendered":"\n<h1 class=\"wp-block-heading\">RadioSalesWeekly No. 98<\/h1>\n\n\n\n<p>The Podcast &amp; RadioHouse &#8211; House of Radio and Podcast is a space dedicated to the audio, radio and podcast sector. It brings together in a 200 m2 space stations, businesses, a radio and podcast studio, speaks and recording booths. It welcomes players from the media industry in the form of monthly, quarterly or annual residences. ^Large offer for audio and radio in one house &#8211; exemplary. For the genre and the entire audio universe. A challenge for agencies, recording studios, marketers with portfolio interests? https:\/\/www.radiohouse.fr\/en\/nos-offres &#8211; subtitles click on &#8211; EN &#8211; D &#8211; Frz<br>Transcript  in German language available here at the end of page.<\/p>\n\n\n\n<p><strong>Click here to watch interview <a href=\"https:\/\/youtu.be\/w1iIkW339eA\">with managing director Philippe Chapot.<\/a><\/strong><\/p>\n\n\n\n<p><strong>Was bringt ein Blick nach Frankreich wenn es um Trends und Services f\u00fcr Radio &amp; Audio geht?<\/strong><\/p>\n\n\n\n<p>Mit einer wesentlich h\u00f6heren Anzahl von Radioanbietern &#8211; wobei  ein erheblicher Anteil aus sogenannten Radio Associatives und Lokalradios stammt &#8211; als in Deutschland (ca. 1.500 vs. ca. 600 \u00fcber FM f\u00fcr D), einen deutlich h\u00f6heren Anteil von Talk Radios und dem Ph\u00e4nomen des Bestehens von 4 nationalen Sendern, die teilweise ausschlie\u00dflich das Format Talk bedienen, lassen sich Programmtrends und neue Services bei unseren Nachbarn erkennen. Entscheider, die sich dort Entwicklungen sehen, diese verstehen und in der Lage sind umzusetzen, haben einen eindeutigen strategischen Vorteil in einer deutschen Radiolandschaft , die nach wie vor nicht nur im Privatfunk auf das alte Muster &#8222;Werbung, 2 Titel, Geplauder, 2 Titel, Verkehr, Nachrichten, Wetter, 2 Titel &#8230;&#8220; setzen. Dies aus der h\u00e4ufig genannten Bef\u00fcrchtung Viertelstundenreichweiten zu verlieren. Solche Formate werden in der Zukunft immer weniger H\u00f6rer finden, ein Grund hierf\u00fcr sind in anderen attraktiven Musikangeboten und vor allem in fehlender Interaktion zu suchen. Gerade bei jungen Bev\u00f6lkerungsgruppen l\u00e4uft das Medium Radio Gefahr, im Wettbewerb mit Social Media im Zeitbudget und bei der emotionalen Bidung zu verlieren. Was bereits der Fall ist.<br>Franz\u00f6sische Anbieter gehen da mittlerweile  andere Wege nicht nur in einer wesentlich abwechslungsreicheren Programmgestaltung. Es kommen hinzu Anbieter mit innovativen Dienstleistungsportfolios, wie es das RadioHouse betreibt. <strong>Helmut Poppe<\/strong>, Betreiber des Formats <strong>#RadioSalesWeekl<\/strong>y, befragte den Gesch\u00e4ftsf\u00fchrer des <strong>RadioHouse<\/strong> <strong>Philippe Chapot<\/strong> mit welchen Angeboten aus Technik, Branchemedien und Events sowie bei der Produktion  Radio- und Audioanbietern hilft. Er sieht den Erfolg franz\u00f6sischer Sender auch darin begr\u00fcndet, dass es anders als bei den linksrheinischen bisher keine nationalen kommerziellen Anbieter gibt. Er geht dabei auf die Rolle von DABplus ein. Das RadioHouse versteht sich als &#8222;F\u00e9d\u00e9rateur&#8220; von Radios, und im Rahmen dieses selbst gesetzten Auftrags arbeitet er nicht nur Branchen-\u00fcbergreifend sondern ist auch nicht fokussiert auf spezielle Vermarktungszugeh\u00f6rigkeiten. \u00c4hnliche Angebote bestehen neuerdings teilweise auch im deutschen Markt bei der RTL-Gruppe, bei Funke, Regiocast und bei Audiotainment S\u00fcdwest. Diesen ist es auch durchaus gelungen, unter anderem den einen oder anderen Printanbieter zu gewinnen f\u00fcr Dienstleistungen im Audiobereich, ein Hosting f\u00fcr &#8218;fremde&#8216; Radioanbieter, eine eigene Radiomesse, ein Print- oder Onlinemagazin wie auch eine Anmietung von Tonstudios bieten sie nicht.<\/p>\n\n\n\n<p><strong>Im Anschluss an die Transkripte interessante Analysen der beiden Rundfunksysteme kostenfrei<\/strong>: <strong>Finanzierung der Angebote, Werbeums\u00e4tze, Reichweiten, Personalstand, Programme, Gesellschafter, Adressen, Ansprechpartner &#8230;<\/strong><mark style=\"background-color:rgba(0, 0, 0, 0);color:#e54646\" class=\"has-inline-color\"><\/mark><\/p>\n\n\n\n<p><mark style=\"background-color:rgba(0, 0, 0, 0);color:#e54646\" class=\"has-inline-color\"><strong>Hier nachfolgend  das Transkript in deutscher Sprache<\/strong><\/mark><\/p>\n\n\n\n<p><strong>Transcription fran\u00e7aise voir en bas de la page.<\/strong><\/p>\n\n\n\n<p><\/p>\n\n\n\n<p><strong>Lesen Sie am Ende dieses Beitrages umfangreiche Informationen zur franz\u00f6sischen Radiolandschaft: Programme, Reichweiten, Ums\u00e4tze .<\/strong><br><\/p>\n\n\n\n<p><strong>More in depth information on the French radio landscape: programs, reach, revenues at the end of the article in english version.<\/strong><\/p>\n\n\n\n<p><strong>Des informations suppl\u00e9mentaires sur le paysage radiophonique fran\u00e7ais : programmes, audience, recettes publicitaires \u00e0 la fin de l&#8217;article en langue fran<strong>\u00e7<\/strong>aise.<\/strong><\/p>\n\n\n\n<figure class=\"wp-block-image size-full\"><img loading=\"lazy\" decoding=\"async\" width=\"500\" height=\"500\" src=\"https:\/\/dasmedienzentrum.org\/wp-content\/uploads\/2022\/11\/RSW-logo-transparent.png\" alt=\"\" class=\"wp-image-1323\" srcset=\"https:\/\/dasmedienzentrum.org\/wp-content\/uploads\/2022\/11\/RSW-logo-transparent.png 500w, https:\/\/dasmedienzentrum.org\/wp-content\/uploads\/2022\/11\/RSW-logo-transparent-300x300.png 300w, https:\/\/dasmedienzentrum.org\/wp-content\/uploads\/2022\/11\/RSW-logo-transparent-150x150.png 150w, https:\/\/dasmedienzentrum.org\/wp-content\/uploads\/2022\/11\/RSW-logo-transparent-100x100.png 100w\" sizes=\"auto, (max-width: 500px) 100vw, 500px\" \/><\/figure>\n\n\n\n<p>Guten Tag, heute sind wir in Brive La Gaillarde im S\u00fcdwesten des sch\u00f6nen Frankreichs. Wir unterhalten uns mit Philippe Chapot von Editions HF, der das Radio House betreibt. Vielen Dank, dass ich heute bei Ihnen sein darf, k\u00f6nnen sie uns bitte kurz sagen Philippe, was Sie so im Radio House treiben?<\/p>\n\n\n\n<p>00:00:15 Sprecher 2<\/p>\n\n\n\n<p>Unser Beruf besteht seit \u00fcber 20 Jahren darin, die Akteure des Radios zu vereinen, sie bei Veranstaltungen zusammenzubringen und professionelle Publikationen zu erstellen, um sie \u00fcber alles zu informieren, was in der Radiowelt passiert, \u00fcber alle Aktivit\u00e4ten. In Bezug auf das Digitale, aber auch die Entwicklung hin zum Podcast.<\/p>\n\n\n\n<p>00:00:49<\/p>\n\n\n\n<p>Und so  veranstaltenwir jedes Jahr eine Messe, wir betreiben  eine t\u00e4gliche Nachrichtenseite und ein monatliches Magazin, das alle Fachleute \u00fcber alles informiert, was in diesen Bereichen passiert, die sich st\u00e4ndig weiterentwickeln.<\/p>\n\n\n\n<p>00:01:04 Sprecher 1<\/p>\n\n\n\n<p>Also wenn ich das richtig verstanden habe, w\u00e4hrend meines Besuchs am Anfang, vermieten Sie da auch R\u00e4umlichkeiten und Technologie?<\/p>\n\n\n\n<p>00:01:12 Sprecher 1<\/p>\n\n\n\n<p>Wie l\u00e4uft das ab, bitte?<\/p>\n\n\n\n<p>00:01:13 Sprecher 1<\/p>\n\n\n\n<p>Zu Beginn meines Besuchs habe ich gesehen, dass das RadioHouse auch R\u00e4umlichkeiten und Technik vermietet, so dass externe Programmanbieter ihre Programme vom RadioHouse aus gestalten und ausstrahlen k\u00f6nnen.<\/p>\n\n\n\n<p>00:01:29 Sprecher 2<\/p>\n\n\n\n<p>Also, das Radio House ist eigentlich ein Ort, in dem wir unsere B\u00fcros haben, und unser Ziel war es, auch eine Art Labor zu seinen, in dem wir mit Hilfe der gesamten Radioindustrie wechselnde Studios bieten k\u00f6nnen.<\/p>\n\n\n\n<p>00:01:50 Sprecher 2<\/p>\n\n\n\n<p>Und so haben wir den B\u00fcrgerradios vorgeschlagen, dass sie daran interessiert sein k\u00f6nnten, die B\u00fcros zu mieten, und so stellen wir Material, Ausr\u00fcstung, F\u00e4higkeiten und alles, unser ganzes Kontaktnetz zur Verf\u00fcgung, um sicherzustellen, dass sie dazu in der Lage sind.<\/p>\n\n\n\n<p>00:02:10 Sprecher 2<\/p>\n\n\n\n<p>Ihr Radio realisieren, es zu produzieren.<\/p>\n\n\n\n<p>00:02:12 Sprecher 2<\/p>\n\n\n\n<p>Radio und damit jede beliebiges (hinzugef\u00fcgt audio)<\/p>\n\n\n\n<p>00:02:13 Sprecher 2<\/p>\n\n\n\n<p>Und heute kann man hierher kommen und kann seine Software einbringen, da wir uns auf VMs befinden, also auf virtuellen Servern, virtuellen Computern. Sie k\u00f6nnen schnell ihr Sendesystem installieren und auf Sendung gehen. Sie k\u00f6nnen es mieten?<\/p>\n\n\n\n<p>00:02:27 Sprecher 2<\/p>\n\n\n\n<p>Die&#8230;.. .<\/p>\n\n\n\n<p>00:02:28 Sprecher 2<\/p>\n\n\n\n<p>Das Studio, sei es f\u00fcr den Audioteil, f\u00fcr den Videoteil, da wir hier Glasfaser haben, und das erlaubt uns tats\u00e4chlich, diesen Raum zu vermieten, die Ausr\u00fcstung zu vergemeinschaften und so zu machen (hinzugef\u00fcgt f\u00fcr die Branche da zu sein.)<\/p>\n\n\n\n<p>00:02:40 Sprecher 2<\/p>\n\n\n\n<p>Die Pr\u00e4fektin des Departements Corr\u00e8ze ist hier gewesen. Die vier (beherbergten) Radiosender haben das Signal \u00fcbernommen, das wir gemacht hatten, wir hatten einen Youtube-Live-Stream auf der Website der Pr\u00e4fektur eingestellt, und wir k\u00f6nnen Radio und Video machen und das alles zusammenlegen, damit es auf so vielen Kan\u00e4len wie m\u00f6glich ausgestrahlt werden kann, also jedes beliebige Radio und sogar ein gro\u00dfes Radio, ein Energie-Radio, ein RTL-Radio, wenn es das Bed\u00fcrfnis hat, zu uns zu kommen.<\/p>\n\n\n\n<p>00:03:07 Sprecher 1<\/p>\n\n\n\n<p>Oh ja, ich sehe, das sucht zweifellos seinesgleichen.<\/p>\n\n\n\n<p>\u2026.<\/p>\n\n\n\n<p>00:03:12 Sprecher 1<\/p>\n\n\n\n<p>Wenn ich das so sehe und Philippe  redet von &#8222;assoziativen Radios&#8220;, was soviel hei\u00dft wie Verbands- oder unabh\u00e4ngige Radios. Wie ist &#8230; die<\/p>\n\n\n\n<p>00:03:20 Sprecher 1<\/p>\n\n\n\n<p>franz\u00f6sische Radiolandschaft organisiert Philippe?<\/p>\n\n\n\n<p>00:03:25 Sprecher 1<\/p>\n\n\n\n<p>K\u00f6nnen Sie in wenigen Worten beschreiben, wie die franz\u00f6sische Radiolandschaft strukturiert, gemacht ist? In Frankreich gibt es, glaube ich, 4 Kategorien.<\/p>\n\n\n\n<p>00:03:32 Sprecher 2<\/p>\n\n\n\n<p>Also, es gibt mehr als mehr als 4 Kategorien, wir sind in Frankreich tats\u00e4chlich in 6 Kategorien unterteilt und es gibt die Kategorie A, die ungef\u00e4hr 650 repr\u00e4sentiert.<\/p>\n\n\n\n<p>00:03:44 Sprecher 2<\/p>\n\n\n\n<p>Das sind Anbieter, es sind echte Unternehmen, 650 Sender auf viel mehr Frequenzen, denn die privaten Radios haben insgesamt 6000 Frequenzen . Der \u00f6ffentliche Dienst hat etwas mehr als 5.000 Frequenzen, es werden also  insgesamt 11.000 Frequenzen genutzt, die H\u00e4lfte f\u00fcr den \u00f6ffentlichen Dienst, die andere H\u00e4lfte f\u00fcr den privaten Dienst, also haben Sie die A-Kategorien, die insgesamt 650 sind.<\/p>\n\n\n\n<p>00:04:03 Sprecher 2<\/p>\n\n\n\n<p>Sogenannte &#8222;Gemeinschaftsradios&#8220; (radios communitaires)<\/p>\n\n\n\n<p>00:04:04 Sprecher 2<\/p>\n\n\n\n<p>Also solche ohne kommerzielle Ziele, aber sie k\u00f6nnen immerhin 20% Werbung ausstrahlen. Ja, in Bezug auf ihren Umsatz, das ist also die Besonderheit von sogenannten Verbands-Radiosendern, sie erhalten Unterst\u00fctzungsbeihilfen.<\/p>\n\n\n\n<p>00:04:16 Sprecher 2<\/p>\n\n\n\n<p>Aus Unterst\u00fctzungsfonds, Mittel, die ihnen jedes Jahr vom Staat zur Verf\u00fcgung gestellt werden.<\/p>\n\n\n\n<p>00:04:20 Sprecher 2<\/p>\n\n\n\n<p>Das ist also Kategorie A, dann haben Sie Kategorie B, das sind private kommerzielle Radios, private kommerzielle Radios, die in Bezug auf Werbung viel weiter gehen k\u00f6nnen. Es gibt keine Begrenzung, es gibt noch einige Begrenzungen, aber das sind kommerzielle Radios, in Frankreich gibt es davon etwa 250.<\/p>\n\n\n\n<p>00:04:36 Sprecher 2<\/p>\n\n\n\n<p>Wer, sie&nbsp;<\/p>\n\n\n\n<p>00:04:38 Sprecher 2<\/p>\n\n\n\n<p>Es (handelt sich in etwa um das Gegenst\u00fcck von deutschen) GmbHs, es sind also Unternehmen und keine Vereine, es gibt zwar ein paar Vereine in der Kategorie B, aber das sind Unternehmen, die da sind, um Geld zu verdienen und um Medien zu entwickeln, Werbung zu schalten, Partnerschaften einzugehen. Das sind also echte Unternehmer.<\/p>\n\n\n\n<p>00:04:52 Sprecher 2<\/p>\n\n\n\n<p>Also wo die B\u00fcrgerradios eher die &#8222;leidenschaftliche&#8220; Seite, die Seite der Region, die N\u00e4he in \u00dcbereinstimmung mit den, mit den, den Rath\u00e4usern, darstellt.<\/p>\n\n\n\n<p>00:05:03 Sprecher 1<\/p>\n\n\n\n<p>Und die Nummer 3?<\/p>\n\n\n\n<p>00:05:04 Sprecher 2<\/p>\n\n\n\n<p>Und Nummer 3, da haben Sie die Kategorie C-Radios, die lokale Sendegebiete haben. Das sind Radios der Kategorie D, das sind landesweite private Spartenradios, die in der Kategorie C kleine lokale Ausstrahlungen f\u00fcr eine Stunde, zwei Stunden, Fenster, Fenster, Fenster machen. Also Sie haben dann die Kategorie D, die ein nationales Spartenradio mit einem nationalen Programm produzieren.<\/p>\n\n\n\n<p>00:05:24 Sprecher 2<\/p>\n\n\n\n<p>Und da sind es etwas gr\u00f6\u00dfere Unternehmen und die haben Werbebeschr\u00e4nkungen, die zwischen 9 und 15 min\/h Werbung liegen. Ja, das ist die Kategorie. Dann haben Sie die Kategorien E, (&#8230;das ist das allgemeine Radio). Es gibt nur vier in Frankreich, RMC.<\/p>\n\n\n\n<p>00:05:40 Sprecher 2<\/p>\n\n\n\n<p>RTL. (eingef\u00fcgt  Sud Radio, Europe 1)<\/p>\n\n\n\n<p>00:05:40 Sprecher 1<\/p>\n\n\n\n<p>National mehr.<\/p>\n\n\n\n<p>00:05:41 Sprecher 2<\/p>\n\n\n\n<p>Voil\u00e0 und dann haben Sie die Kategorie SP service public oder die Kategorie F, die alle Radiosender des \u00f6ffentlichen Dienstes sind, die alle alle Radiosender Frankreichs sind.<\/p>\n\n\n\n<p>00:05:50 Sprecher 1<\/p>\n\n\n\n<p>France Inter.<\/p>\n\n\n\n<p>00:05:54 Sprecher 2<\/p>\n\n\n\n<p>France Inter, France Bleu und France Bleu nat\u00fcrlich, wer?<\/p>\n\n\n\n<p>00:05:56 Sprecher 2<\/p>\n\n\n\n<p>Sind Radiosender mit enrsprechenden Dienstleistungen.<\/p>\n\n\n\n<p>00:05:59 Sprecher 1<\/p>\n\n\n\n<p>Das hei\u00dft also, dass da auch ein Riesenunterschied bei den Werbeeinnahmen ist.<\/p>\n\n\n\n<p>Lassen Sie uns \u00fcber Ums\u00e4tze sprechen, also die Radiosender, die \u00f6ffentlich-rechtlichen.<\/p>\n\n\n\n<p>00:06:09 Sprecherin 1<\/p>\n\n\n\n<p>Sie machen einen. Sie machen ein Einkommen in der Gr\u00f6\u00dfenordnung von 50.000.000 Euro pro Jahr. Das ist richtig, oder? Ist diese Zahl richtig?<\/p>\n\n\n\n<p>00:06:15 Sprecher 3<\/p>\n\n\n\n<p>Nein, nein, nein.<\/p>\n\n\n\n<p>00:06:21 Sprecher 2<\/p>\n\n\n\n<p>Ja, dann habe ich die Zahl nicht. Die Zahl im Kopf, aber die Werbeeinnahmen des \u00f6ffentlich-rechtlichen Rundfunks.<\/p>\n\n\n\n<p>00:06:27 Sprecher 2<\/p>\n\n\n\n<p>Sind, da sind sind. (Eingef\u00fcgt etwa 46 Mio. \u20ac pro Jahr)<\/p>\n\n\n\n<p>00:06:28 Sprecher 2<\/p>\n\n\n\n<p>Sind wichtig, aber sind nicht so umfangreich wie die Werbeeinnahmen der Radiosender. (Eingef\u00fcgt: knapp 800 Mio. \u20ac Quelle bump)<\/p>\n\n\n\n<p>00:06:32 Sprecher 2<\/p>\n\n\n\n<p>Allgemein Privat, Radio ist immer noch ein Medium, das, das profitabel ist, auch wenn die Margen vor einigen Jahren eher bei 30 % lagen. Heute sind wir bei weniger, wir haben weniger Marge, aber wir nehmen zum Beispiel eine Gruppe wie die Ind\u00e9s Radios, die ein Werbeangebot von 130 Stationen der Kategorie B Ja, es ist also eine Gruppe, die von TF Werbung verkauft wird, die eine Werbeagentur ist. Sie setzen heute, etwa70.000.000 Euro um an Werbung.<\/p>\n\n\n\n<p>00:07:04 Sprecher 1<\/p>\n\n\n\n<p>Das muss man sich einmal auf der Zunge zergehen lassen: die unabh\u00e4ngigen kleinen privaten Radios werden \u00fcber TF1 einem m\u00e4chtigen TV-Vermarkter vermarktet.<\/p>\n\n\n\n<p>00:07:04 Sprecher 1<\/p>\n\n\n\n<p>&#8230; und gerade mit den Nachrichten, die wir in den letzten Tagen h\u00f6rten zum<\/p>\n\n\n\n<p>00:07:09 Sprecher 1<\/p>\n\n\n\n<p>Thema Merger, Bertelsmann und so weiter<\/p>\n\n\n\n<p>00:07:12 Sprecher 2<\/p>\n\n\n\n<p>Ja, das ist Fernsehen und Fernsehen.<\/p>\n\n\n\n<p>00:07:13 Sprecher 1<\/p>\n\n\n\n<p>Ich finde das.<\/p>\n\n\n\n<p>00:07:14 Sprecher 1<\/p>\n\n\n\n<p>Solch eine Allianz &#8218;Freie Radios&#8216; und Kommerz-TV ist schon au\u00dfergew\u00f6hnlich.<\/p>\n\n\n\n<p>00:07:24 Sprecher 2<\/p>\n\n\n\n<p>Es wurde abgesagt, ja.<\/p>\n\n\n\n<p>00:07:25 Sprecher 1<\/p>\n\n\n\n<p>Es wurde aus ziemlich wettbewerbsorientierten, konkurrenzorientierten Gr\u00fcnden abgesagt. Ja, meine allerletzte Frage<\/p>\n\n\n\n<p>00:07:25 Sprecher 1<\/p>\n\n\n\n<p>Es wurde aus ziemlich wettbewerbsorientierten, wettbewerbsorientierten Gr\u00fcnden abgesagt (Merger Bertelsmann, TF1) Ja, meine allerletzte Frage<\/p>\n\n\n\n<p>Meine allerletzte Frage. Was<\/p>\n\n\n\n<p>00:07:35 Sprecher 1<\/p>\n\n\n\n<p>Was k\u00f6nnten deutsche Sender von franz\u00f6sischen Radios lernen?<\/p>\n\n\n\n<p>00:07:47 Sprecher 2<\/p>\n\n\n\n<p>Also, der Unterschied zwischen der deutschen und der franz\u00f6sischen Landschaft, auch wenn sich das durch DBplus ge\u00e4ndert hat &#8230;<\/p>\n\n\n\n<p>00:07:55 Sprecher 2<\/p>\n\n\n\n<p>Es ist die Tatsache, dass dort (in Deutschland) der Rundfunk nach Bundesl\u00e4ndern organisiert ist und funktioniert und.<\/p>\n\n\n\n<p>00:08:01 Sprecher 2<\/p>\n\n\n\n<p>Und. Und ich denke, dass das Gesch\u00e4ftsmodell, das von Jean-\u00c9ric Valli f\u00fcr Ind\u00e9s Radios eingef\u00fchrt wurde und meiner Meinung nach ziemlich interessant ist.<\/p>\n\n\n\n<p>00:08:09 Sprecher 2<\/p>\n\n\n\n<p>Gerade weil Sie Marktf\u00fchrer haben, dann vor einem Jahr ein nationaler Markt mit dem DB plus, aber.<\/p>\n\n\n\n<p>00:08:14 Sprecher 2<\/p>\n\n\n\n<p>Es sind immer noch die Bundesl\u00e4nder, die also der Vorteil ist, dass man eigentlich viele Radiosender, die in vielen kleinen Regionen sind, vereinen und machen kann.<\/p>\n\n\n\n<p>00:08:24 Sprecher 2<\/p>\n\n\n\n<p>Ein Gewicht heute in den Radios wiegt so viel wie ein RTL oder ein France Inter, das hei\u00dft ein Radio, das, das, das. Es sind 130 Radiosender, die.<\/p>\n\n\n\n<p>00:08:32 Sprecher 3<\/p>\n\n\n\n<p>Z\u00e4hlen als eine. (gemeint ist die kumulierte Reichweiten der Ind\u00e9s im Vergleich zu etablierten kommerziellen Sendergruppen)<\/p>\n\n\n\n<p>00:08:33 Sprecher 2<\/p>\n\n\n\n<p>Und das, die haben eine Meisterleistung erbracht, weil sie.<\/p>\n\n\n\n<p>00:08:36 Sprecher 2<\/p>\n\n\n\n<p>In den Einschaltquoten schaffen sie es, eine Linie und Ind\u00e9-Radios zu haben, neben gro\u00dfen Radiosendern also haben sie genauso viele Einschaltquoten wie RTL.<\/p>\n\n\n\n<p>00:08:43 Sprecher 2<\/p>\n\n\n\n<p>Oder als, na ja, die.<\/p>\n\n\n\n<p>00:08:44 Sprecher 1<\/p>\n\n\n\n<p>Ich werde Sie.<\/p>\n\n\n\n<p>00:08:44 Sprecher 1<\/p>\n\n\n\n<p>Etwas sagen, das ist ein nicht ganz korrekte Beurteilung, weil es tats\u00e4chlich nationale Angebote gibt in Deutschland, die von drei Vermarktern betrieben werden.<\/p>\n\n\n\n<p>00:08:55 Sprecher 1<\/p>\n\n\n\n<p>00:08:57 Sprecher 1<\/p>\n\n\n\n<p>Die nationale Werbung ausstrahlen. Das ist die RMS, das ist die ARD media, das sind (eingef\u00fcgt: noch in 2022 zumeist die \u00f6ffentlich-rechtlichen Sender) und studio gong und vielleicht noch andere Gruppen, das hei\u00dft, das sind die Unternehmen, die nationale Werbung ausstrahlen, (Text nach Interview hinzugef\u00fcgt: Sie haben aber Recht, es gibt keine nationalen Marken von Privatradios in Deutschland).<\/p>\n\n\n\n<p>Meine allerletzte Frage: &#8230;.<\/p>\n\n\n\n<p>00:09:25 Sprecher 1<\/p>\n\n\n\n<p>Es gibt in Frankreich viele Talk Radios.<\/p>\n\n\n\n<p>00:09:34 Sprecher 1<\/p>\n\n\n\n<p>00:09:29 Sprecher 1<\/p>\n\n\n\n<p>Bei uns sehr wenige<\/p>\n\n\n\n<p>00:09:34 Sprecher 1<\/p>\n\n\n\n<p>Im Grunde zwei nationale.<\/p>\n\n\n\n<p>00:09:38 Sprecher 1<\/p>\n\n\n\n<p>Zwei \u00f6ffentlich-rechtliche Anbieter , die nicht sehr viele H\u00f6rer haben, aber dennoch Einnahmen und Subventionen in H\u00f6he von vielen Millionen Euros haben (390 Mio. \u20ac f\u00fcr DW), das ist eine Menge. Ja, und es wird dort sehr elegant und zivilisiert, wohl erzogen gesprochen &#8230;.<\/p>\n\n\n\n<p>&nbsp;gut.<\/p>\n\n\n\n<p>00:09:50 Sprecher 2<\/p>\n\n\n\n<p>\u2026\u2026<\/p>\n\n\n\n<p>00:09:56 Sprecher 1<\/p>\n\n\n\n<p>Wir haben auch keine privaten Talk Radios in Deutschland.<\/p>\n\n\n\n<p>00:10:08 Sprecher 1<\/p>\n\n\n\n<p>Was h\u00e4ltst du von exzessiven Stimmen im Radio, von Populismus?<\/p>\n\n\n\n<p>00:10:15 Sprecher 2<\/p>\n\n\n\n<p>Ich denke, das Radio ist dazu da, um gesprochen zu werden. Warum ist das so? Weil es beim Radio urspr\u00fcnglich darum geht, die Stimme zu verk\u00f6rpern und die Vorstellungskraft zu verbreiten und viele Botschaften zu \u00fcbermitteln.<\/p>\n\n\n\n<p>00:10:29 Sprecher 2<\/p>\n\n\n\n<p>Durch die Stimme.<\/p>\n\n\n\n<p>00:10:30 Sprecher 2<\/p>\n\n\n\n<p>Und und und und also in Frankreich haben wir viel Radio Talk und es gibt viel Austausch, der stattfindet und also Austausch, von Ideen.<\/p>\n\n\n\n<p>00:10:38 Sprecher 2<\/p>\n\n\n\n<p>Und das stimmt auch.<\/p>\n\n\n\n<p>00:10:38 Sprecher 2<\/p>\n\n\n\n<p>Dass ich denke, dass das die Rolle des Radios ist, die Rolle des Radios. Das hat mir jemand von einem gro\u00dfen Radiosender erz\u00e4hlt. Er sagte, das Radio, f\u00fcr mich, wenn es nicht aufgenommen , (recorded)  werden soll, ist es sinnvoll.<\/p>\n\n\n\n<p>00:10:51 Sprecher 2<\/p>\n\n\n\n<p>Und Freude machen, wenn man, wenn man es h\u00f6rt, wenn man ihm zuh\u00f6rt. Aber man sollte kein Interesse daran haben, es wieder zu h\u00f6ren, es soll unterhalten, es soll angenehm, \u00fcberraschend und fesselnd  sein.<\/p>\n\n\n\n<p>00:11:05 Sprecher 1<\/p>\n\n\n\n<p>Oh,, (lacht) Dieses Haus hei\u00dft &#8222;Radio House Podcast Replay&#8220; &#8230;?<\/p>\n\n\n\n<p>00:11:10 Sprecher 2<\/p>\n\n\n\n<p>Widerspr\u00fcchlich? Nein, denn nein, denn hier geht es um einen nativen Podcast.<\/p>\n\n\n\n<p>00:11:14 Sprecher 2<\/p>\n\n\n\n<p>Ach so!<\/p>\n\n\n\n<p>00:11:15 Sprecher 2<\/p>\n\n\n\n<p>Und der native Podcast, das ist f\u00fcr mich die Produktion, die wirklich gemacht wird.<\/p>\n\n\n\n<p>00:11:20 Sprecher 2<\/p>\n\n\n\n<p>In einem in.<\/p>\n\n\n\n<p>00:11:21 Sprecher 2<\/p>\n\n\n\n<p>Wie es ist, es ist ein bisschen wie ein Vergleich zwischen Fernsehen und Kino.<\/p>\n\n\n\n<p>00:11:26 Sprecher 2<\/p>\n\n\n\n<p>Ja, Kino, das ist auch TV-Produktion, aber es ist weniger weniger, es ist viel mehr bearbeitet. Der native Podcast ist viel mehr auf der Seite des Soundwriting hingearbeitet, wo man im Radio das Gleiche macht, man macht.<\/p>\n\n\n\n<p>00:11:40 Sprecher 2<\/p>\n\n\n\n<p>Audio, aber wir werden.<\/p>\n\n\n\n<p>00:11:41 Sprecher 2<\/p>\n\n\n\n<p>nicht an einem (elaborierten) Klangobjekt arbeiten.<\/p>\n\n\n\n<p>00:11:45 Sprecher 1<\/p>\n\n\n\n<p>Nachricht erhalten, danke f\u00fcr die Aufkl\u00e4rung, die Insights und viel Erfolg dem Radio House in Brive, danke.<\/p>\n\n\n\n<p>00:11:47 Sprecher 2<\/p>\n\n\n\n<p>Gerne!<\/p>\n\n\n\n<p>&#8212;&#8212;&#8212;&#8212;&#8212;&#8212;&#8212;&#8212;&#8212;&#8212;&#8212;&#8212;&#8212;&#8212;&#8212;&#8212;&#8212;&#8212;&#8212;&#8212;&#8212;&#8212;&#8212;&#8212;&#8212;&#8212;&#8212;&#8212;&#8212;&#8212;&#8212;&#8212;&#8212;&#8212;&#8212;-<\/p>\n\n\n\n<p><\/p>\n\n\n\n<p>&#8212;&#8212;&#8212;&#8212;&#8212;&#8212;&#8212;&#8212;&#8212;&#8212;&#8212;&#8212;&#8212;&#8212;&#8212;&#8212;&#8212;&#8212;&#8212;&#8212;&#8212;&#8212;&#8212;&#8212;&#8212;&#8212;&#8212;&#8212;&#8212;&#8212;&#8212;&#8212;&#8212;&#8212;&#8212;&#8211;<\/p>\n\n\n\n<p><strong>Version fran\u00e7aise de l\u201cinterview Philippe Chapot RadioHouse et Helmut Poppe RadioSales Weekly<\/strong><\/p>\n\n\n\n<figure class=\"wp-block-embed is-type-video is-provider-youtube wp-block-embed-youtube wp-embed-aspect-16-9 wp-has-aspect-ratio\"><div class=\"wp-block-embed__wrapper\">\n<iframe loading=\"lazy\" title=\"RadioSales Weekly Interview mit  RadioHouse - ein Omni Channel Anbieter audio\" width=\"525\" height=\"295\" src=\"https:\/\/www.youtube.com\/embed\/zT5dLGKvbqQ?feature=oembed\" frameborder=\"0\" allow=\"accelerometer; autoplay; clipboard-write; encrypted-media; gyroscope; picture-in-picture; web-share\" referrerpolicy=\"strict-origin-when-cross-origin\" allowfullscreen><\/iframe>\n<\/div><\/figure>\n\n\n\n<p>Interviewer Helmut Poppe<br>1: Bonjour et merci Philippe de me recevoir dans la RadioHouse \u00e0 Brive la Gaillarde dans le Sud-Ouest de la belle France. Dites-moi qu&#8217;est-e que faites \u00e0 la RadioHouse. Quelles sont vos prestations?<\/p>\n\n\n\n<p><\/p>\n\n\n\n<p>Philippe Chapot<br>2:  0:22<\/p>\n\n\n\n<p>notre m\u00e9tier depuis plus de 20 ans c&#8217;est de&nbsp; f\u00e9d\u00e9rer les acteurs de la radio de les rassembler&nbsp;&nbsp;<\/p>\n\n\n\n<p>0:30<\/p>\n\n\n\n<p>dans des \u00e9v\u00e9nements de faire des publications&nbsp; professionnelles pour les informer de tout ce&nbsp;&nbsp;<\/p>\n\n\n\n<p>0:38<\/p>\n\n\n\n<p>qui se passe dans la plan\u00e8te radio de toutes les&nbsp; activit\u00e9s pour ce qui concerne le digital mais&nbsp;&nbsp;<\/p>\n\n\n\n<p>0:46<\/p>\n\n\n\n<p>aussi l&#8217;\u00e9volution vers le podcast et donc on cr\u00e9e&nbsp; un salon tous les ans et on a un site d&#8217;actualit\u00e9&nbsp;&nbsp;<\/p>\n\n\n\n<p>0:54<\/p>\n\n\n\n<p>quotidien et un magazine mensuel qui informe tous&nbsp; les professionnels de tout ce qui se passe dans&nbsp;&nbsp;<\/p>\n\n\n\n<p>1:00<\/p>\n\n\n\n<p>dans ces secteurs qui est sans cesse en \u00e9volution&nbsp; alors si j&#8217;ai bien compris pendant mon ma visite&nbsp;&nbsp;<\/p>\n\n\n\n<p>1:07<\/p>\n\n\n\n<p>au d\u00e9but vous louez des les cours du loco et de&nbsp; la technologie \u00e7a se passe comment s&#8217;il vous pla\u00eet<\/p>\n\n\n\n<p>1:14<\/p>\n\n\n\n<p>est un espace o\u00f9 nous avons nos bureaux et&nbsp; notre objectif \u00e9tait de pouvoir aussi \u00eatre une&nbsp;&nbsp;<\/p>\n\n\n\n<p>1:38<\/p>\n\n\n\n<p>sorte de laboratoire o\u00f9 on peut avec l&#8217;aide&nbsp; de toute l&#8217;industrie de la radio avoir des&nbsp;&nbsp;<\/p>\n\n\n\n<p>1:46<\/p>\n\n\n\n<p>studios fruit\u00e9s et donc on a propos\u00e9 \u00e0 des radios&nbsp; associatives de \u00e7a pouvait les int\u00e9resser et de&nbsp;&nbsp;<\/p>\n\n\n\n<p>1:56<\/p>\n\n\n\n<p>louer les bureaux et donc on met \u00e0 disposition du&nbsp; mat\u00e9riel de l&#8217;\u00e9quipement des comp\u00e9tences et tout&nbsp;&nbsp;<\/p>\n\n\n\n<p>2:04<\/p>\n\n\n\n<p>d&#8217;autres notre r\u00e9seau de contact pour faire&nbsp; en sorte qu&#8217;ils puissent r\u00e9aliser leur radio&nbsp;&nbsp;<\/p>\n\n\n\n<p>2:11<\/p>\n\n\n\n<p>produire la radio et donc n&#8217;importe quelle&nbsp; radio aujourd&#8217;hui peut venir ici et peut&nbsp;&nbsp;<\/p>\n\n\n\n<p>2:15<\/p>\n\n\n\n<p>rajouter son logiciel puisque on est sur&nbsp; des VM donc sur des serveurs de virtuels&nbsp;&nbsp;<\/p>\n\n\n\n<p>2:21<\/p>\n\n\n\n<p>des ordinateurs virtuels ils peuvent rapidement&nbsp; installer leur syst\u00e8me de diffusion et prendre&nbsp;&nbsp;<\/p>\n\n\n\n<p>2:26<\/p>\n\n\n\n<p>l&#8217;antenne louer le studio que \u00e7a soit pour la&nbsp; partie audio pour la partie vid\u00e9o puisqu&#8217;on a&nbsp;&nbsp;<\/p>\n\n\n\n<p>2:32<\/p>\n\n\n\n<p>la fibre optique ici et \u00e7a nous permet en fait&nbsp; de louer cet espace de mutualiser le mat\u00e9riel&nbsp;&nbsp;<\/p>\n\n\n\n<p>2:38<\/p>\n\n\n\n<p>et de faire en sorte que il nous est arriv\u00e9&nbsp; d&#8217;avoir le la pr\u00e9f\u00e8te de la Corr\u00e8ze qui est&nbsp;&nbsp;<\/p>\n\n\n\n<p>2:45<\/p>\n\n\n\n<p>venu ici les quatre radios ont repris le&nbsp; signal qu&#8217;on avait fait on avait fait un&nbsp;&nbsp;<\/p>\n\n\n\n<p>2:51<\/p>\n\n\n\n<p>YouTube live sur le site de la pr\u00e9fecture et&nbsp; on peut faire de la radio et de la vid\u00e9o et&nbsp;&nbsp;<\/p>\n\n\n\n<p>2:56<\/p>\n\n\n\n<p>mutualiser tout \u00e7a pour que \u00e7a soit diffus\u00e9&nbsp; sur autant de canaux que que l&#8217;on veut donc&nbsp;&nbsp;<\/p>\n\n\n\n<p>3:02<\/p>\n\n\n\n<p>n&#8217;importe quelle radio et m\u00eame une grande radio&nbsp; d&#8217;\u00e9nergie une RTL si elle a besoin de venir ici<\/p>\n\n\n\n<p>3:16<\/p>\n\n\n\n<p>la radio associative et Sophie<\/p>\n\n\n\n<p>3:19<\/p>\n\n\n\n<p>pourriez-vous d\u00e9crire en quelques mots comme on&nbsp; est fait le syst\u00e8me radiophonique en France il y&nbsp;&nbsp;<\/p>\n\n\n\n<p>3:30<\/p>\n\n\n\n<p>a que je crois 4 cat\u00e9gories alors il y a plus que&nbsp; plus que quatre cat\u00e9gories on est divis\u00e9 en fait&nbsp;&nbsp;<\/p>\n\n\n\n<p>3:36<\/p>\n\n\n\n<p>en six cat\u00e9gories en France il y a la cat\u00e9gorie&nbsp; a donc qui repr\u00e9sente \u00e0 peu pr\u00e8s 650 stations&nbsp;&nbsp;<\/p>\n\n\n\n<p>3:44<\/p>\n\n\n\n<p>c&#8217;est vraiment des des entreprises 650 stations&nbsp; sur beaucoup plus de fr\u00e9quences puisque au total&nbsp;&nbsp;<\/p>\n\n\n\n<p>3:50<\/p>\n\n\n\n<p>les radios priv\u00e9es ont 6000 fr\u00e9quences le service&nbsp; public a un peu plus de 5000 fr\u00e9quences donc au&nbsp;&nbsp;<\/p>\n\n\n\n<p>3:56<\/p>\n\n\n\n<p>total il y a 11000 fr\u00e9quences la moiti\u00e9 pour le&nbsp; service public la moiti\u00e9 pour le pour le priv\u00e9&nbsp;&nbsp;<\/p>\n\n\n\n<p>4:00<\/p>\n\n\n\n<p>donc vous avez les cat\u00e9gories A qui sont 650 qui&nbsp; sont les radios associatives donc sans objectif&nbsp;&nbsp;<\/p>\n\n\n\n<p>4:06<\/p>\n\n\n\n<p>commercial mais ils peuvent quand m\u00eame diffuser&nbsp; 20% de publicit\u00e9 par rapport \u00e0 leur chiffre&nbsp;&nbsp;<\/p>\n\n\n\n<p>4:10<\/p>\n\n\n\n<p>d&#8217;affaires donc \u00e7a c&#8217;est c&#8217;est la sp\u00e9cificit\u00e9 des&nbsp; radioscestives et elles ont des aides de soutien&nbsp;&nbsp;<\/p>\n\n\n\n<p>4:16<\/p>\n\n\n\n<p>un fond de soutien de l&#8217;argent qui lui aurait&nbsp; donn\u00e9 tous les ans par l&#8217;\u00c9tat donc \u00e7a c&#8217;est la&nbsp;&nbsp;<\/p>\n\n\n\n<p>4:20<\/p>\n\n\n\n<p>cat\u00e9gorie ensuite vous avez la cat\u00e9gorie&nbsp; B qui sont les radios commerciales priv\u00e9s&nbsp;&nbsp;<\/p>\n\n\n\n<p>4:24<\/p>\n\n\n\n<p>les radios commerciales priv\u00e9es qui peuvent&nbsp; aller beaucoup plus en termes de publicit\u00e9&nbsp;&nbsp;<\/p>\n\n\n\n<p>4:29<\/p>\n\n\n\n<p>il y a pas de limite il y a quand m\u00eame quelques&nbsp; limites mais ce sont des radios commerciales il&nbsp;&nbsp;<\/p>\n\n\n\n<p>4:34<\/p>\n\n\n\n<p>y en a \u00e0 peu pr\u00e8s 250 en France qui elle sont&nbsp; des SARL sont des entreprises ne sont pas des&nbsp;&nbsp;<\/p>\n\n\n\n<p>4:41<\/p>\n\n\n\n<p>associations il y a quelques associations&nbsp; quand m\u00eame dans les baies mais ce sont des&nbsp;&nbsp;<\/p>\n\n\n\n<p>4:45<\/p>\n\n\n\n<p>entreprises qui sont l\u00e0 pour gagner de l&#8217;argent&nbsp; et pour d\u00e9velopper le m\u00e9dia pour passer de la&nbsp;&nbsp;<\/p>\n\n\n\n<p>4:49<\/p>\n\n\n\n<p>publicit\u00e9 pour faire des partenariats&nbsp; donc c&#8217;est des vrais entrepreneurs l\u00e0&nbsp;&nbsp;<\/p>\n\n\n\n<p>4:53<\/p>\n\n\n\n<p>o\u00f9 les radios associatifs c&#8217;est plus le le&nbsp; c\u00f4t\u00e9 passionn\u00e9 le c\u00f4t\u00e9 terroir proximit\u00e9 en&nbsp;&nbsp;<\/p>\n\n\n\n<p>5:00<\/p>\n\n\n\n<p>accord avec les avec les mairies avec des&nbsp; num\u00e9ros les num\u00e9ros 3 vous avez les radios&nbsp;&nbsp;<\/p>\n\n\n\n<p>5:06<\/p>\n\n\n\n<p>cat\u00e9gories C qui sont avec des d\u00e9crochages&nbsp; locaux sont des radios cat\u00e9gories D qui sont&nbsp;&nbsp;<\/p>\n\n\n\n<p>5:11<\/p>\n\n\n\n<p>des radios th\u00e9matiques priv\u00e9es nationales qui est&nbsp; en cat\u00e9gorie C font des petits d\u00e9crochages locaux&nbsp;&nbsp;<\/p>\n\n\n\n<p>5:16<\/p>\n\n\n\n<p>pendant une heure deux heures des fen\u00eatres des&nbsp; fen\u00eatres donc vous avez ensuite la cat\u00e9gorie D&nbsp;&nbsp;<\/p>\n\n\n\n<p>5:20<\/p>\n\n\n\n<p>qui est une radio th\u00e9matique nationale avec un&nbsp; programme national et l\u00e0 ce sont des entreprises&nbsp;&nbsp;<\/p>\n\n\n\n<p>5:25<\/p>\n\n\n\n<p>un peu plus grosses et qui ont des limites de&nbsp; publicit\u00e9 qui sont entre 9 et 15 minutes par heure&nbsp;&nbsp;<\/p>\n\n\n\n<p>5:31<\/p>\n\n\n\n<p>de publicit\u00e9 \u00e7a c&#8217;est la cat\u00e9gorie et ensuite vous&nbsp; avez la cat\u00e9gorie E qui est la radio g\u00e9n\u00e9raliste&nbsp;&nbsp;<\/p>\n\n\n\n<p>5:37<\/p>\n\n\n\n<p>il y en a que 4 en France RMC RTL voil\u00e0 et&nbsp; ensuite vous avez la cat\u00e9gorie SP service public&nbsp;&nbsp;<\/p>\n\n\n\n<p>5:46<\/p>\n\n\n\n<p>ou la cat\u00e9gorie F qui sont toutes les radios&nbsp; du service public qui sont toutes les radios&nbsp;&nbsp;<\/p>\n\n\n\n<p>5:53<\/p>\n\n\n\n<p>France France Inter France Bleu et les France Bleu&nbsp; bien s\u00fbr qui sont des radios aussi service public<\/p>\n\n\n\n<p>5:59<\/p>\n\n\n\n<p>parlons revenu alors les radios radio&nbsp; public elles font un revenu de l&#8217;ordre&nbsp;&nbsp;<\/p>\n\n\n\n<p>6:12<\/p>\n\n\n\n<p>de 5 millions de France par an c&#8217;est \u00e7a l&#8217;euro<\/p>\n\n\n\n<p>6:15<\/p>\n\n\n\n<p>par an oui alors j&#8217;ai pas le chiffre le chiffre&nbsp; en t\u00eate mais les revenus publicitaires de du&nbsp;&nbsp;<\/p>\n\n\n\n<p>6:26<\/p>\n\n\n\n<p>service public sont voil\u00e0 sont importants mais&nbsp; ils sont pas aussi importants que les revenus&nbsp;&nbsp;<\/p>\n\n\n\n<p>6:30<\/p>\n\n\n\n<p>publicitaires des radios des radios priv\u00e9es la&nbsp; radio est encore un m\u00e9dia qui qui est profitable&nbsp;&nbsp;<\/p>\n\n\n\n<p>6:36<\/p>\n\n\n\n<p>m\u00eame si les marges \u00e9taient plut\u00f4t de 30%, il&nbsp; y a quelques ann\u00e9es aujourd&#8217;hui on est \u00e0 moins&nbsp;&nbsp;<\/p>\n\n\n\n<p>6:43<\/p>\n\n\n\n<p>on a moins de marge mais on prend par exemple un&nbsp; groupe comme comme les ann\u00e9es radio qui rassemble&nbsp;&nbsp;<\/p>\n\n\n\n<p>6:49<\/p>\n\n\n\n<p>une offre publicitaire de 130 stations de&nbsp; cat\u00e9gories B donc c&#8217;est un groupe qui est&nbsp;&nbsp;<\/p>\n\n\n\n<p>6:55<\/p>\n\n\n\n<p>vendu par TF1 Publicit\u00e9 qui est une r\u00e9gie pub ils&nbsp; sont aujourd&#8217;hui pratiquement 70 millions d&#8217;euros<\/p>\n\n\n\n<p>7:00<\/p>\n\n\n\n<p>la r\u00e9gie 7e oui c&#8217;est la t\u00e9l\u00e9vision je&nbsp; trouve \u00e7a avec les histoires qu&#8217;il y a&nbsp;&nbsp;<\/p>\n\n\n\n<p>7:17<\/p>\n\n\n\n<p>eu ce qu&#8217;il y a quelques jours&nbsp; tu es une femme grosse merde<\/p>\n\n\n\n<p>7:22<\/p>\n\n\n\n<p>\u00e7a a \u00e9t\u00e9 annul\u00e9 pour des raisons assez&nbsp;&nbsp;<\/p>\n\n\n\n<p>7:28<\/p>\n\n\n\n<p>concurrentiel concurrentiel oui&nbsp; ma toute derni\u00e8re question Manale<\/p>\n\n\n\n<p>7:35<\/p>\n\n\n\n<p>alors qu&#8217;est-ce que les radios allemandes&nbsp; pourraient apprendre par les radios fran\u00e7aises&nbsp;&nbsp;<\/p>\n\n\n\n<p>7:46<\/p>\n\n\n\n<p>des radios fran\u00e7aises alors la diff\u00e9rence entre&nbsp; le paysage allemand et le paysage fran\u00e7ais m\u00eame&nbsp;&nbsp;<\/p>\n\n\n\n<p>7:52<\/p>\n\n\n\n<p>si \u00e7a a \u00e9volu\u00e9 gr\u00e2ce au DAB+ c&#8217;est le fait que la&nbsp; radio est fonctionne sous forme de l&#8217;Ender et je&nbsp;&nbsp;<\/p>\n\n\n\n<p>8:01<\/p>\n\n\n\n<p>pense que le mod\u00e8le \u00e9conomique qui a \u00e9t\u00e9 mis en&nbsp; place par Jean-\u00c9ric valide et des Ind\u00e9s Radios&nbsp;&nbsp;<\/p>\n\n\n\n<p>8:07<\/p>\n\n\n\n<p>et \u00e0 mon avis assez int\u00e9ressant justement parce&nbsp; que vous avez des l&#8217;Ender alors il y a maintenant&nbsp;&nbsp;<\/p>\n\n\n\n<p>8:11<\/p>\n\n\n\n<p>un march\u00e9 national avec le DAB+ mais c&#8217;est encore&nbsp; toujours des l&#8217;Ender qui qui sont donc l&#8217;avantage&nbsp;&nbsp;<\/p>\n\n\n\n<p>8:19<\/p>\n\n\n\n<p>de pouvoir unir en fait plein de radios qui&nbsp; sont dans plein de petites r\u00e9gions et de faire&nbsp;&nbsp;<\/p>\n\n\n\n<p>8:23<\/p>\n\n\n\n<p>un poids aujourd&#8217;hui les Ind\u00e9s Radios p\u00e8se autant&nbsp; qu&#8217;un RTL ou qu&#8217;un France Inter c&#8217;est-\u00e0-dire une&nbsp;&nbsp;<\/p>\n\n\n\n<p>8:28<\/p>\n\n\n\n<p>radio qui qui c&#8217;est 130 radio qui compte pour une&nbsp; et \u00e7a s&#8217;ils ont fait un tour de ma\u00eetre parce que&nbsp;&nbsp;<\/p>\n\n\n\n<p>8:35<\/p>\n\n\n\n<p>ils ont dans les audiences ils r\u00e9ussissent \u00e0 avoir&nbsp; une ligne les Ind\u00e9s Radios \u00e0 c\u00f4t\u00e9 de grande radio&nbsp;&nbsp;<\/p>\n\n\n\n<p>8:41<\/p>\n\n\n\n<p>donc ils ont autant d&#8217;audience que RTL ou que je&nbsp; vais vous dire un truc \u00e7a c&#8217;est une un jugement&nbsp;&nbsp;<\/p>\n\n\n\n<p>8:47<\/p>\n\n\n\n<p>erron\u00e9 parce qu&#8217;il y en a pub national&nbsp; qui est rassembl\u00e9e il y a trois r\u00e9gies<\/p>\n\n\n\n<p>8:54<\/p>\n\n\n\n<p>l&#8217;impudicit\u00e9 nationale c&#8217;est \u00e0 la messe priv\u00e9&nbsp; c&#8217;est la RD c&#8217;est les radios publics et et je&nbsp;&nbsp;<\/p>\n\n\n\n<p>9:06<\/p>\n\n\n\n<p>te dis encore mais peut-\u00eatre encore d&#8217;autres&nbsp; groupes c&#8217;est \u00e0 dire c&#8217;est ces entreprises l\u00e0&nbsp;&nbsp;<\/p>\n\n\n\n<p>9:12<\/p>\n\n\n\n<p>diffuse la pub national de n&#8217;importe&nbsp; quelle langue d&#8217;accord alors c&#8217;est pas&nbsp;&nbsp;<\/p>\n\n\n\n<p>9:18<\/p>\n\n\n\n<p>une question de technologie pas du tout&nbsp; la toute derni\u00e8re question malade se fera<\/p>\n\n\n\n<p>9:23<\/p>\n\n\n\n<p>est-ce que<\/p>\n\n\n\n<p>9:27<\/p>\n\n\n\n<p>en France il y a beaucoup de radio donc&nbsp; et chez nous aucune peut-\u00eatre une public&nbsp;&nbsp;<\/p>\n\n\n\n<p>9:39<\/p>\n\n\n\n<p>qui a pas tellement de delliance mais quand&nbsp; m\u00eame des recettes des subventions de l&#8217;ordre&nbsp;&nbsp;<\/p>\n\n\n\n<p>9:47<\/p>\n\n\n\n<p>de 250 millions d&#8217;euros par an \u00e7a fait&nbsp; beaucoup oui et \u00e7a parle tr\u00e8s de fa\u00e7on&nbsp;&nbsp;<\/p>\n\n\n\n<p>9:53<\/p>\n\n\n\n<p>tr\u00e8s sophistiqu\u00e9e et tout bon alors on n&#8217;a&nbsp; pas le droit de troc et il y a toujours le&nbsp;&nbsp;<\/p>\n\n\n\n<p>9:59<\/p>\n\n\n\n<p>le dilemme entre la des propos qui sont&nbsp; qui peuvent \u00eatre gauche de droite extr\u00eame<\/p>\n\n\n\n<p>10:14<\/p>\n\n\n\n<p>moi je pense que la radio elle est faite pour&nbsp; \u00eatre pour \u00eatre parl\u00e9 pourquoi parce que la radio&nbsp;&nbsp;<\/p>\n\n\n\n<p>10:20<\/p>\n\n\n\n<p>c&#8217;est \u00e0 l&#8217;origine c&#8217;est incarner la voix et faire&nbsp; passer l&#8217;imaginaire et faire passer beaucoup de&nbsp;&nbsp;<\/p>\n\n\n\n<p>10:28<\/p>\n\n\n\n<p>messages par par la voix et et donc en France on&nbsp; a beaucoup de radiotolk il y a beaucoup d&#8217;\u00e9changes&nbsp;&nbsp;<\/p>\n\n\n\n<p>10:35<\/p>\n\n\n\n<p>qui se font et donc d&#8217;\u00e9changes de d&#8217;id\u00e9es et&nbsp; c&#8217;est vrai je pense que c&#8217;est le r\u00f4le de la&nbsp;&nbsp;<\/p>\n\n\n\n<p>10:40<\/p>\n\n\n\n<p>radio le r\u00f4le de la radio quelqu&#8217;un me disait \u00e7a&nbsp; d&#8217;une grande radio il me disait la radio pour moi&nbsp;&nbsp;<\/p>\n\n\n\n<p>10:45<\/p>\n\n\n\n<p>on n&#8217;est pas cens\u00e9e \u00eatre enregistr\u00e9e elle est&nbsp; cens\u00e9e faire plaisir quand on quand on l&#8217;entend&nbsp;&nbsp;<\/p>\n\n\n\n<p>10:54<\/p>\n\n\n\n<p>quand elle \u00e9coute mais elle devrait pas avoir&nbsp; d&#8217;int\u00e9r\u00eat \u00e0 \u00eatre r\u00e9\u00e9cout\u00e9s elle doit \u00eatre un&nbsp;&nbsp;<\/p>\n\n\n\n<p>11:00<\/p>\n\n\n\n<p>to timing elle doit \u00eatre agr\u00e9able surprenante et&nbsp; \u00e9prenante et cette maison s&#8217;appelle la radio house&nbsp;&nbsp;<\/p>\n\n\n\n<p>11:07<\/p>\n\n\n\n<p>podcast replay c&#8217;est contradictoire non parce&nbsp; que non parce que l\u00e0 on parle de podcast natif&nbsp;&nbsp;<\/p>\n\n\n\n<p>11:14<\/p>\n\n\n\n<p>et le podcast natif pour moi c&#8217;est la production&nbsp; qui est vraiment r\u00e9alis\u00e9e dans un dans comme c&#8217;est&nbsp;&nbsp;<\/p>\n\n\n\n<p>11:22<\/p>\n\n\n\n<p>un peu comme si on comparait la t\u00e9l\u00e9 et le cin\u00e9ma&nbsp; oui le cin\u00e9ma c&#8217;est de la production en t\u00e9l\u00e9 aussi&nbsp;&nbsp;<\/p>\n\n\n\n<p>11:29<\/p>\n\n\n\n<p>mais c&#8217;est moins moins croyable c&#8217;est beaucoup&nbsp; plus travaill\u00e9 le podcast natif est beaucoup&nbsp;&nbsp;<\/p>\n\n\n\n<p>11:34<\/p>\n\n\n\n<p>plus travaill\u00e9 sur le c\u00f4t\u00e9 \u00e9criture sonore l\u00e0 o\u00f9 \u00e0&nbsp; la radio on fait la m\u00eame chose on fait de l&#8217;audio&nbsp;&nbsp;<\/p>\n\n\n\n<p>11:40<\/p>\n\n\n\n<p>mais on ne va pas travailler un objet sonore. <br>Message&nbsp; re\u00e7u merci et bon succ\u00e8s \u00e0 la radio house merci<\/p>\n\n\n\n<p class=\"has-text-align-center\">..<img loading=\"lazy\" decoding=\"async\" width=\"150\" height=\"333\" class=\"wp-image-1326\" style=\"width: 150px;\" src=\"https:\/\/dasmedienzentrum.org\/wp-content\/uploads\/2022\/11\/firmenschilder-als-standbild-rotated.jpg\" alt=\"\" srcset=\"https:\/\/dasmedienzentrum.org\/wp-content\/uploads\/2022\/11\/firmenschilder-als-standbild-rotated.jpg 343w, https:\/\/dasmedienzentrum.org\/wp-content\/uploads\/2022\/11\/firmenschilder-als-standbild-135x300.jpg 135w\" sizes=\"auto, (max-width: 150px) 100vw, 150px\" \/><\/p>\n\n\n\n<figure class=\"wp-block-image size-full\"><img loading=\"lazy\" decoding=\"async\" width=\"1024\" height=\"576\" src=\"https:\/\/dasmedienzentrum.org\/wp-content\/uploads\/2022\/11\/le-marchedelaradiofrance2015.jpg\" alt=\"\" class=\"wp-image-1337\" srcset=\"https:\/\/dasmedienzentrum.org\/wp-content\/uploads\/2022\/11\/le-marchedelaradiofrance2015.jpg 1024w, https:\/\/dasmedienzentrum.org\/wp-content\/uploads\/2022\/11\/le-marchedelaradiofrance2015-300x169.jpg 300w, https:\/\/dasmedienzentrum.org\/wp-content\/uploads\/2022\/11\/le-marchedelaradiofrance2015-768x432.jpg 768w\" sizes=\"auto, (max-width: 767px) 89vw, (max-width: 1000px) 54vw, (max-width: 1071px) 543px, 580px\" \/><\/figure>\n\n\n\n<figure class=\"wp-block-image size-large\"><img loading=\"lazy\" decoding=\"async\" width=\"1024\" height=\"639\" src=\"https:\/\/dasmedienzentrum.org\/wp-content\/uploads\/2022\/11\/categories-1024x639.jpg\" alt=\"\" class=\"wp-image-1339\" srcset=\"https:\/\/dasmedienzentrum.org\/wp-content\/uploads\/2022\/11\/categories-1024x639.jpg 1024w, https:\/\/dasmedienzentrum.org\/wp-content\/uploads\/2022\/11\/categories-300x187.jpg 300w, https:\/\/dasmedienzentrum.org\/wp-content\/uploads\/2022\/11\/categories-768x479.jpg 768w, https:\/\/dasmedienzentrum.org\/wp-content\/uploads\/2022\/11\/categories-1536x958.jpg 1536w, https:\/\/dasmedienzentrum.org\/wp-content\/uploads\/2022\/11\/categories-2048x1278.jpg 2048w\" sizes=\"auto, (max-width: 767px) 89vw, (max-width: 1000px) 54vw, (max-width: 1071px) 543px, 580px\" \/><\/figure>\n\n\n\n<figure class=\"wp-block-gallery has-nested-images columns-default is-cropped wp-block-gallery-1 is-layout-flex wp-block-gallery-is-layout-flex\">\n<figure class=\"wp-block-image size-large\"><img loading=\"lazy\" decoding=\"async\" width=\"418\" height=\"405\" data-id=\"1346\" src=\"https:\/\/dasmedienzentrum.org\/wp-content\/uploads\/2022\/11\/lesradiosprivees-altenativeseonomiques.gif\" alt=\"\" class=\"wp-image-1346\"\/><figcaption class=\"wp-element-caption\">Alternatives \u00e9conomiques<\/figcaption><\/figure>\n<\/figure>\n\n\n\n<figure class=\"wp-block-gallery has-nested-images columns-default is-cropped wp-block-gallery-2 is-layout-flex wp-block-gallery-is-layout-flex\">\n<figure class=\"wp-block-image size-large\"><img loading=\"lazy\" decoding=\"async\" width=\"605\" height=\"337\" data-id=\"1348\" src=\"https:\/\/dasmedienzentrum.org\/wp-content\/uploads\/2022\/11\/bumpremiesem22.jpg\" alt=\"\" class=\"wp-image-1348\" srcset=\"https:\/\/dasmedienzentrum.org\/wp-content\/uploads\/2022\/11\/bumpremiesem22.jpg 605w, https:\/\/dasmedienzentrum.org\/wp-content\/uploads\/2022\/11\/bumpremiesem22-300x167.jpg 300w\" sizes=\"auto, (max-width: 605px) 100vw, 605px\" \/><figcaption class=\"wp-element-caption\">Bump, 1. Halbjahr 22, Sch\u00e4tzung radiopub 750 Mio. \u20ac f\u00fcr gesamtes Jahr 2022<\/figcaption><\/figure>\n<\/figure>\n\n\n\n<figure class=\"wp-block-image size-full\"><img loading=\"lazy\" decoding=\"async\" width=\"605\" height=\"318\" src=\"https:\/\/dasmedienzentrum.org\/wp-content\/uploads\/2022\/11\/radiowerbung2021.jpg\" alt=\"\" class=\"wp-image-1350\" srcset=\"https:\/\/dasmedienzentrum.org\/wp-content\/uploads\/2022\/11\/radiowerbung2021.jpg 605w, https:\/\/dasmedienzentrum.org\/wp-content\/uploads\/2022\/11\/radiowerbung2021-300x158.jpg 300w\" sizes=\"auto, (max-width: 605px) 100vw, 605px\" \/><\/figure>\n\n\n\n<p>Bemerkenswert bei den Werbeums\u00e4tzen im Vergleich (Angaben f\u00fcr Frankreich in &#8222;netto&#8220;, in Deutschland &#8222;brutto&#8220; f\u00fcr beide L\u00e4nder teilweise ohne Lokalwerbung: <strong>Werbeeinnahmen der staatlichen Radios beschr\u00e4nkt auf 46 Mio. \u20ac p.a.  (Deutschland 2021 ARD Funk ca. 580 Mio. \u20ac)<\/strong><\/p>\n\n\n\n<p><strong>Kategorisierung franz\u00f6sischer Radioanbieter (Quelle CSA)  Radiosender  <\/strong><\/p>\n\n\n\n<p><strong>Kategorie A<\/strong> &#8211; B\u00fcrgerradiodienste, die einen Auftrag zur sozialen Kommunikation in der Nachbarschaft erf\u00fcllen. Die Einnahmen aus Werbung oder Sponsoring m\u00fcssen weniger als 20 % ihres Gesamtumsatzes ausmachen.<\/p>\n\n\n\n<p><strong>Kategorie B<\/strong> &#8211; unabh\u00e4ngige lokale oder regionale H\u00f6rfunkdienste, die kein landesweites Programm ausstrahlen.<\/p>\n\n\n\n<p><strong>Kategorie C<\/strong> &#8211; lokale oder regionale H\u00f6rfunkdienste, die das Programm eines thematischen Netzwerks mit nationaler Ausrichtung ausstrahlen.<\/p>\n\n\n\n<p><strong>Kategorie D<\/strong> &#8211; thematische Radiodienste mit nationaler Ausrichtung.<\/p>\n\n\n\n<p><strong>Kategorie E <\/strong>&#8211; allgemeine Radiodienste mit landesweiter Ausrichtung.<br>Hinzu kommen<strong> Autobahnradios<\/strong>, die eine eigene Kategorie bilden.<\/p>\n\n\n\n<p><strong>Finanzierung des \u00f6ffentlichen und privaten Radios. Ein Vergleich zwischen Deutschland und Frankreich (Gesamter Bericht auf Anfrage an interactive@poppe-media.de)<\/strong><\/p>\n\n\n\n<p>Ab 2022 wird der Beitrag f\u00fcr den \u00f6ffentlichen Rundfunk in Frankreich abgeschafft, mit dem der \u00f6ffentliche Rundfunk finanziert wird. Diese Abgabe, brachte dem Staat bisher 3,7 Milliarden Euro von 23 Mio. franz\u00f6sischen Haushalten und soll bis Ende 2024 durch einen Transfer eines Teils des Mehrwertsteueraufkommens ausgeglichen.<\/p>\n\n\n\n<p>Ab hier ausgefadet und mit Sichw\u00f6rtern: &#8230;. Die H\u00f6he der Jahres-Fernsehgeb\u00fchr belief sich auf 138 \u20ac im europ\u00e4ischen Frankreich &#8230;Der Anteil aus Werbung tr\u00e4gt im franz\u00f6sichen Rundfunksystem wenig bei zur Finanzierung des Betriebes. &#8230;. Vergleich der Rundfunkeinnahmen, gewichtet nach Haushalten in beiden L\u00e4ndern. &#8230;.. Angaben zur Anzahl der Besch\u00e4ftigten. Analyse der Programme und der Einnahmen der verschiedenen franz\u00f6sischen Gruppierungen &#8230;. Programmanalysen &#8230;. Kosten der Verbreitung &#8230; Personalkosten &#8230; Werbeanalysen: Ums\u00e4tze, Kunden, Inhalte &#8230;. Mitschnittservice &#8230;. Adresse in Deutschland, in Frankreich &#8230;. Ansprechpartner &#8230;.<\/p>\n\n\n\n<p><strong>Qu&#8217;apporte un regard sur la France lorsqu&#8217;il s&#8217;agit de tendances et de services pour la radio et l&#8217;audio ?<\/strong><\/p>\n\n\n\n<p>Avec un nombre de radios &#8211; dont une part importante de radios associatives et locales &#8211; nettement plus \u00e9lev\u00e9 qu&#8217;en Allemagne (env. 1.500 vs. env. 600 via la FM pour l&#8217;Allemagne), une part nettement plus importante de talk radios et le ph\u00e9nom\u00e8ne de l&#8217;existence de 4 stations nationales qui desservent en partie exclusivement le format talk, il est possible d&#8217;identifier les tendances de programmation et les nouveaux services chez nos voisins. Les d\u00e9cideurs qui y voient des \u00e9volutions, les comprennent et sont en mesure de les mettre en \u0153uvre, ont un avantage strat\u00e9gique certain dans un paysage radiophonique allemand qui continue \u00e0 miser sur le vieux mod\u00e8le &#8222;publicit\u00e9, 2 titres, bavardage, 2 titres, trafic, actualit\u00e9s, m\u00e9t\u00e9o, 2 titres \u2026&#8220;, et pas seulement en radio priv\u00e9e. Ceci en raison de la crainte souvent \u00e9voqu\u00e9e de perdre des audiences au quart d&#8217;heure. De tels formats trouveront de moins en moins d&#8217;auditeurs \u00e0 l&#8217;avenir, ce qui s&#8217;explique notamment par d&#8217;autres offres musicales attrayantes et surtout par le manque d&#8217;interaction. C&#8217;est justement chez les jeunes groupes de population que le m\u00e9dia radio risque de perdre du temps et de l&#8217;\u00e9motion face \u00e0 la concurrence des m\u00e9dias sociaux. Ce qui est d\u00e9j\u00e0 le cas.<br>Les fournisseurs fran\u00e7ais empruntent d\u00e9sormais d&#8217;autres voies, et pas seulement celle d&#8217;une programmation beaucoup plus vari\u00e9e. Des fournisseurs proposant des portefeuilles de services innovants, comme celui de RadioHouse, viennent s&#8217;y ajouter. Helmut Poppe, responsable du format #RadioSalesWeekly, a interrog\u00e9 Philippe Chapot, directeur de RadioHouse, sur les offres techniques, m\u00e9diatiques et \u00e9v\u00e9nementielles ainsi que sur la production qui aident les radiodiffuseurs et les fournisseurs audio. Selon lui, le succ\u00e8s des stations fran\u00e7aises s&#8217;explique aussi par le fait que, contrairement aux stations de la rive gauche du Rhin, il n&#8217;existe pas encore de prestataires commerciaux nationaux. RadioHouse se consid\u00e8re comme un &#8222;f\u00e9d\u00e9rateur&#8220; de radios et, dans le cadre de la mission qu&#8217;elle s&#8217;est fix\u00e9e, elle travaille non seulement dans toutes les branches, mais ne se concentre pas non plus sur des appartenances commerciales sp\u00e9cifiques. Des offres similaires existent depuis peu sur le march\u00e9 allemand, notamment chez RTL Group, Funke, Regiocast et Audiotainment S\u00fcdwest. En revanche, ils ne proposent pas d&#8217;h\u00e9bergement pour des radiodiffuseurs &#8218;\u00e9trangers&#8216;, ni leur propre salon radio, ni un magazine imprim\u00e9 ou en ligne, ni la location de studios d&#8217;enregistrement.<\/p>\n\n\n\n<p><strong>Financement des radios publiques et priv\u00e9es. Une comparaison entre l&#8217;Allemagne et la France (Rapport complet sur demande \u00e0 interactive at poppe-media.de)<\/strong><\/p>\n\n\n\n<p>A partir de 2022, la contribution \u00e0 l&#8217;audiovisuel public, qui finance l&#8217;audiovisuel public en France, sera supprim\u00e9e. Cette contribution, qui rapportait jusqu&#8217;\u00e0 pr\u00e9sent 3,7 milliards d&#8217;euros \u00e0 l&#8217;Etat de la part de 23 millions de foyers fran\u00e7ais, devrait \u00eatre compens\u00e9e d&#8217;ici fin 2024 par un transfert d&#8217;une partie du produit de la TVA.<\/p>\n\n\n\n<p>A partir d&#8217;ici contenu flou\u00e9 : \u2026. Le montant de la redevance TV annuelle s&#8217;\u00e9levait \u00e0 138 \u20ac en France europ\u00e9enne \u2026La part de la publicit\u00e9 contribue peu au financement de l&#8217;exploitation du syst\u00e8me audiovisuel fran\u00e7ais. \u2026. Comparaison des recettes de la radiodiffusion, pond\u00e9r\u00e9es par les m\u00e9nages dans les deux pays. \u2026.. Donn\u00e9es sur le nombre de salari\u00e9s. Analyse des programmes et des recettes des diff\u00e9rents groupes fran\u00e7ais \u2026. Analyse des programmes \u2026. <strong>Ces analyses sur demande.<\/strong><\/p>\n\n\n\n<p><strong>The benefits of taking a look at France when it comes to trends and services for radio &amp; audio?<\/strong><\/p>\n\n\n\n<p>With a significantly higher number of radio providers &#8211; with a considerable proportion coming from so-called radio associations and local radio stations &#8211; than in Germany (approx. 1,500 vs. approx. 600 via FM for D), a significantly higher proportion of talk radios and the phenomenon of the existence of 4 national stations, some of which exclusively serve the talk format, program trends and new services can be identified in our neighbors. Decision-makers who see developments there, understand them and are able to implement them, have a clear strategic advantage in a German radio landscape that still relies on the old pattern of &#8222;advertising, 2 titles, chat, 2 titles, traffic, news, weather, 2 titles \u2026&#8220; not only in private radio. This is due to the frequently mentioned fear of losing quarter-hour reach. Such formats will find fewer and fewer listeners in the future; one reason for this is to be found in other attractive music offerings and, above all, in the lack of interaction. Especially among young population groups, the medium of radio runs the risk of losing out in competition with social media in terms of time budget and emotional bidding. This is already the case.<br>French providers are now taking a different approach, not only in terms of much more varied programming. They are being joined by providers with innovative service portfolios, such as those offered by RadioHouse. Helmut Poppe, operator of the format #RadioSalesWeekly asked the managing director of the RadioHouse Philippe Chapot with which offers from technology, branch media and Events as well as with the production radio and audio offerers helps. It sees the success of French transmitters also in the fact justified that there are so far no national commercial offerers different than with the left Rhine. The RadioHouse sees itself as a &#8222;f\u00e9d\u00e9rateur&#8220; of radios, and within the framework of this self-imposed mission, it not only works across industries but is also not focused on specific marketing affiliations. Similar services have recently been offered to some extent in the German market by the RTL Group, Funke, Regiocast and Audiotainment S\u00fcdwest. These have also succeeded in attracting one or two print providers for audio services, but they do not offer hosting for &#8222;third-party&#8220; radio providers, their own radio trade show, a print or online magazine, or rental of sound studios.<\/p>\n\n\n\n<p><strong>Financing of public and private radio stations. A comparison between Germany and France (Full report available on request at interactive at poppe-media.de)<\/strong><\/p>\n\n\n\n<p>From 2022, the public broadcasting contribution, which finances public broadcasting in France, will be abolished. This contribution, which until now brought in 3.7 billion euros to the state from 23 million French households, should be compensated by the end of 2024 by a transfer of part of the proceeds from VAT.<\/p>\n\n\n\n<p>From here content blurred: \u2026. The annual TV licence fee amounted to 138 \u20ac in European France \u2026The share of advertising contributes little to the financing of the operation of the French audiovisual system. \u2026. Comparison of broadcasting revenues, weighted by households in both countries. \u2026.. Data on the number of employees. Analysis of the programs and revenues of the different French groups \u2026. Analysis of programs \u2026. <strong>These analyses on request.<\/strong><\/p>\n","protected":false},"excerpt":{"rendered":"<p>RadioSalesWeekly No. 98 The Podcast &amp; RadioHouse &#8211; House of Radio and Podcast is a space dedicated to the audio, radio and podcast sector. It brings together in a 200 m2 space stations, businesses, a radio and podcast studio, speaks and recording booths. It welcomes players from the media industry in the form of monthly, &hellip; <\/p>\n<p class=\"link-more\"><a href=\"https:\/\/dasmedienzentrum.org\/?p=1319\" class=\"more-link\"><span class=\"screen-reader-text\">\u201eDas Radio House &#8211; ein Omni Channel Anbieter f\u00fcr die gesamte Mediengattung\u201c<\/span> weiterlesen<\/a><\/p>\n","protected":false},"author":1,"featured_media":1321,"comment_status":"closed","ping_status":"closed","sticky":false,"template":"","format":"standard","meta":{"footnotes":""},"categories":[1,256,258,259],"tags":[29,255,254],"class_list":["post-1319","post","type-post","status-publish","format-standard","has-post-thumbnail","hentry","category-allgemein","category-medien","category-medienwirtschaft","category-radio-audio","tag-helmut-poppe","tag-philippe-chapot","tag-radiohouse"],"_links":{"self":[{"href":"https:\/\/dasmedienzentrum.org\/index.php?rest_route=\/wp\/v2\/posts\/1319","targetHints":{"allow":["GET"]}}],"collection":[{"href":"https:\/\/dasmedienzentrum.org\/index.php?rest_route=\/wp\/v2\/posts"}],"about":[{"href":"https:\/\/dasmedienzentrum.org\/index.php?rest_route=\/wp\/v2\/types\/post"}],"author":[{"embeddable":true,"href":"https:\/\/dasmedienzentrum.org\/index.php?rest_route=\/wp\/v2\/users\/1"}],"replies":[{"embeddable":true,"href":"https:\/\/dasmedienzentrum.org\/index.php?rest_route=%2Fwp%2Fv2%2Fcomments&post=1319"}],"version-history":[{"count":29,"href":"https:\/\/dasmedienzentrum.org\/index.php?rest_route=\/wp\/v2\/posts\/1319\/revisions"}],"predecessor-version":[{"id":1361,"href":"https:\/\/dasmedienzentrum.org\/index.php?rest_route=\/wp\/v2\/posts\/1319\/revisions\/1361"}],"wp:featuredmedia":[{"embeddable":true,"href":"https:\/\/dasmedienzentrum.org\/index.php?rest_route=\/wp\/v2\/media\/1321"}],"wp:attachment":[{"href":"https:\/\/dasmedienzentrum.org\/index.php?rest_route=%2Fwp%2Fv2%2Fmedia&parent=1319"}],"wp:term":[{"taxonomy":"category","embeddable":true,"href":"https:\/\/dasmedienzentrum.org\/index.php?rest_route=%2Fwp%2Fv2%2Fcategories&post=1319"},{"taxonomy":"post_tag","embeddable":true,"href":"https:\/\/dasmedienzentrum.org\/index.php?rest_route=%2Fwp%2Fv2%2Ftags&post=1319"}],"curies":[{"name":"wp","href":"https:\/\/api.w.org\/{rel}","templated":true}]}}