{"id":1368,"date":"2022-12-08T12:06:01","date_gmt":"2022-12-08T11:06:01","guid":{"rendered":"https:\/\/dasmedienzentrum.org\/?p=1368"},"modified":"2023-01-27T08:37:19","modified_gmt":"2023-01-27T07:37:19","slug":"verbraucherverhalten-2023-radio-einschaltkosten","status":"publish","type":"post","link":"https:\/\/dasmedienzentrum.org\/?p=1368","title":{"rendered":"Verbraucherverhalten 2023 &#8211; Radio &#8211; Einschaltkosten"},"content":{"rendered":"\n<p><\/p>\n\n\n\n<p><strong>Die Deutschen hauen ihr Geld (noch) nicht hinaus. Sagen die Radiosender h\u00f6here Einschaltkosten und TKPs an? Kommen sie damit durch?<\/strong><\/p>\n\n\n\n<p>Der \u00d6konom Jason Furman rechnete j\u00fcngst vor, dass die US-Amerikaner in den letzten 13 Monaten \u201abescheidene\u2018 800 Mrd Dollar mehr ausgaben als gew\u00f6hnlich. Er fragt sich, ob ein \u201eWile E. Coyote\u201c-Moment droht. Man kennt das Bild des Wettstreits mit dem Roadrunner, der dann im Eifer des Laufs in den Abgrund f\u00fchrt. Wird das im Jahr 2023 geschehen? Werden die Verbraucher im letzten Moment den fehlenden finanziellen Spielraum erkennen ud stande pede ihren Konsum zur\u00fcckfahren? In Deutschland meint <strong>Rolf B\u00fcrkl, GfK-Konsumexpert<\/strong>e: \u201eTrotz der leichten Besserung bleibt die Situation beim Konsumklima jedoch weiterhin angespannt.\u201c<\/p>\n\n\n\n<figure class=\"wp-block-image size-full\"><img loading=\"lazy\" decoding=\"async\" width=\"999\" height=\"844\" src=\"https:\/\/dasmedienzentrum.org\/wp-content\/uploads\/2022\/12\/ma-trend-rms-22.png\" alt=\"\" class=\"wp-image-1369\" srcset=\"https:\/\/dasmedienzentrum.org\/wp-content\/uploads\/2022\/12\/ma-trend-rms-22.png 999w, https:\/\/dasmedienzentrum.org\/wp-content\/uploads\/2022\/12\/ma-trend-rms-22-300x253.png 300w, https:\/\/dasmedienzentrum.org\/wp-content\/uploads\/2022\/12\/ma-trend-rms-22-768x649.png 768w\" sizes=\"auto, (max-width: 767px) 89vw, (max-width: 1000px) 54vw, (max-width: 1071px) 543px, 580px\" \/><figcaption class=\"wp-element-caption\">RMS ma trends 2022<\/figcaption><\/figure>\n\n\n\n<p class=\"has-text-align-left\">Was bedeutet das f\u00fcr Radio? Sie leisteten zumindest im s\u00fcddeutschen Raum inflation\u00e4ren Entwicklungen Folge und erh\u00f6hten ihre Einschaltkosten \u2013 und die im Mediavergleich niedrigen TKPs. Die nationalen Vermarkter haben ihre Senderzusammensetzungen ge\u00e4ndert, hier sieht man deshalb angepasste  absolute und relative Preise ( z.Bsp. ARD-MEDIA-Radiokombi 2023 4,59 EUR &nbsp;f\u00fcr ZG 14\/59). <strong>Sind solche Gegen\u00fcberstellungen \u00fcberhaupt sinnvoll?<\/strong> Welchen Anteil an den Ums\u00e4tzen machen au\u00dfertarifliche Arrangements und Verkaufsangebote\/Pakete aus? Reden wir hier von einem 10 oder 50%-Anteil am Gesamtgesch\u00e4ft?<\/p>\n\n\n\n<p>Wie entwickelt sich der deutsche Werbe- und insbesondere der Radiomarkt? Der IWF erwartet, dass die weltweite Inflation bis 2023 auf 6,5 % sinken wird, und die GroupM sieht einen \u00e4hnlichen Trend in 26 M\u00e4rkten voraus mit einem Werbewachstum von 5,9%. Digital nimmt da wieder einen vorderen Platz ein. In vier M\u00e4rkten prognostiziert die Agenturgruppe ein sinkendes nominales Wachstum n\u00e4mlich in \u00d6sterreich, Italien, Neuseeland und Spanien. F\u00fcr das deutsche Radio d\u00fcrfte 2023 dennoch weiterhin ein schwieriges Jahr sein, die seit Monaten anhaltenden Werber\u00fcckg\u00e4nge sich angesichts des schlechten Konsumklimas bis zumindest April 2023 fortsetzen. In diese Richtung geht auch eine Prognose des  ZAW, der ab dem 2. Quartal 23 eine lahmende Entwicklung der Werbewirtschaft voraussieht.<\/p>\n\n\n\n<p>Eine Vertriebsstrategie von vielen f\u00fcr Radio w\u00e4re, k\u00fcrzere Spots anzubieten und 20-Sek\u00fcnder als antiinflation\u00e4re Ma\u00dfnahme zu verkaufen.<\/p>\n\n\n\n<p>Ein Beitrag im Rahmen von <strong>#RadioSalesWeekly #102<\/strong><\/p>\n\n\n\n<p>Beitragsbild DALLE-2<\/p>\n","protected":false},"excerpt":{"rendered":"<p>Die Deutschen hauen ihr Geld (noch) nicht hinaus. Sagen die Radiosender h\u00f6here Einschaltkosten und TKPs an? Kommen sie damit durch? Der \u00d6konom Jason Furman rechnete j\u00fcngst vor, dass die US-Amerikaner in den letzten 13 Monaten \u201abescheidene\u2018 800 Mrd Dollar mehr ausgaben als gew\u00f6hnlich. Er fragt sich, ob ein \u201eWile E. Coyote\u201c-Moment droht. Man kennt das &hellip; <\/p>\n<p class=\"link-more\"><a href=\"https:\/\/dasmedienzentrum.org\/?p=1368\" class=\"more-link\"><span class=\"screen-reader-text\">\u201eVerbraucherverhalten 2023 &#8211; Radio &#8211; Einschaltkosten\u201c<\/span> weiterlesen<\/a><\/p>\n","protected":false},"author":1,"featured_media":1370,"comment_status":"closed","ping_status":"closed","sticky":false,"template":"","format":"standard","meta":{"footnotes":""},"categories":[1],"tags":[264,266],"class_list":["post-1368","post","type-post","status-publish","format-standard","has-post-thumbnail","hentry","category-allgemein","tag-radio-advertising","tag-radiorevenus-2023"],"_links":{"self":[{"href":"https:\/\/dasmedienzentrum.org\/index.php?rest_route=\/wp\/v2\/posts\/1368","targetHints":{"allow":["GET"]}}],"collection":[{"href":"https:\/\/dasmedienzentrum.org\/index.php?rest_route=\/wp\/v2\/posts"}],"about":[{"href":"https:\/\/dasmedienzentrum.org\/index.php?rest_route=\/wp\/v2\/types\/post"}],"author":[{"embeddable":true,"href":"https:\/\/dasmedienzentrum.org\/index.php?rest_route=\/wp\/v2\/users\/1"}],"replies":[{"embeddable":true,"href":"https:\/\/dasmedienzentrum.org\/index.php?rest_route=%2Fwp%2Fv2%2Fcomments&post=1368"}],"version-history":[{"count":9,"href":"https:\/\/dasmedienzentrum.org\/index.php?rest_route=\/wp\/v2\/posts\/1368\/revisions"}],"predecessor-version":[{"id":1381,"href":"https:\/\/dasmedienzentrum.org\/index.php?rest_route=\/wp\/v2\/posts\/1368\/revisions\/1381"}],"wp:featuredmedia":[{"embeddable":true,"href":"https:\/\/dasmedienzentrum.org\/index.php?rest_route=\/wp\/v2\/media\/1370"}],"wp:attachment":[{"href":"https:\/\/dasmedienzentrum.org\/index.php?rest_route=%2Fwp%2Fv2%2Fmedia&parent=1368"}],"wp:term":[{"taxonomy":"category","embeddable":true,"href":"https:\/\/dasmedienzentrum.org\/index.php?rest_route=%2Fwp%2Fv2%2Fcategories&post=1368"},{"taxonomy":"post_tag","embeddable":true,"href":"https:\/\/dasmedienzentrum.org\/index.php?rest_route=%2Fwp%2Fv2%2Ftags&post=1368"}],"curies":[{"name":"wp","href":"https:\/\/api.w.org\/{rel}","templated":true}]}}