{"id":1382,"date":"2023-01-27T09:25:39","date_gmt":"2023-01-27T08:25:39","guid":{"rendered":"https:\/\/dasmedienzentrum.org\/?p=1382"},"modified":"2023-02-02T18:42:27","modified_gmt":"2023-02-02T17:42:27","slug":"team-radio-beitrag-von-helmut-poppe-27-01-2023","status":"publish","type":"post","link":"https:\/\/dasmedienzentrum.org\/?p=1382","title":{"rendered":"TEAM Radio Beitrag von Helmut Poppe 02.02.2023"},"content":{"rendered":"\n<p><strong>GPT 3 Generative Pretrained Transformer <br>TESTS<\/strong><br><br><strong>Podacsts <\/strong><\/p>\n\n\n\n<p><strong><em>Sind Podcasts in Deutschland tats\u00e4chlich angekommen? <\/em><\/strong><em><\/em><\/p>\n\n\n\n<p><em>Podcasts haben in den USA bereits einen etablierten Markt erreicht, mit Sch\u00e4tzungen, dass im Jahr 2022 mehrere Milliarden Euro im Podcast-Business generiert werden, haupts\u00e4chlich durch Werbung und Produktionen. Im Vergleich dazu ist der Podcast-Markt in Deutschland noch relativ jung und hatte laut Sch\u00e4tzungen von <strong>Helmut Poppe &#8211; #RadioSalesWeekly<\/strong> und Radiomarketer &#8211; im Jahr 2021 ein Umsatzvolumen von 50-60 Millionen Euro aus Werbung und Produktion (Quelle radioszene.de). Die Ums\u00e4tze im Radiomarkt und im H\u00f6rbuchmarkt in Deutschland sind jedoch deutlich h\u00f6her mit 2 Milliarden Euro aus dem nationalen und lokalen Markt. Der H\u00f6rbuchmarkt generiert Ums\u00e4tze in H\u00f6he von 250 Millionen Euro im Jahr. Die Gr\u00fcnde f\u00fcr die h\u00f6heren Podcast-Ums\u00e4tze in den USA sind vielf\u00e4ltig und k\u00f6nnen unter anderem auf eine gr\u00f6\u00dfere Podcast-Kultur, eine gr\u00f6\u00dfere Anzahl von Podcast-Produzenten und -H\u00f6rern sowie eine gr\u00f6\u00dfere Anzahl von Werbekunden zur\u00fcckzuf\u00fchren sein. Es gibt auch Berichte, dass einige der Sch\u00e4tzungen der Ums\u00e4tze in den USA \u00fcbertrieben sein k\u00f6nnen. Es gibt mehrere Gr\u00fcnde, warum es deutschen Podcast-Anbietern bisher nicht gelungen ist, ihre Gesch\u00e4ftsmodelle erfolgreich umzusetzen. Dazu k\u00f6nnen unter anderem ein geringeres Interesse der H\u00f6rer und eine geringere Anzahl von Werbekunden geh\u00f6ren. Es gibt auch Berichte, dass es in Deutschland noch nicht gen\u00fcgend Podcast-Produzenten gibt, die in der Lage sind, qualitativ hochwertige Inhalte zu produzieren und zu monetarisieren. B\u00f6se Stimmen meinen sogar, dass diese neue Audioangebots-Variante hervorragend als Einschlafhilfe zu nutzen sei \u2013 Podcasts ein Melatoninersatz mithin? Grafische Darstellungen und Tabellen, die die Umsatzentwicklung von Podcasts in den USA und Deutschland demonstrieren, kann Chat GPT3 nicht finden. Diese k\u00f6nnten nach deren Meinung \u201e\u00fcber verschiedene Quellen, wie zum Beispiel Branchenberichte und Marktforschungsunternehmen, &#8230;\u201c<\/em><\/p>\n\n\n\n<p>zu einem Versuch einer Spotproduktion (nur Text) durch GPT 3<br><br>Radiospot:<\/p>\n\n\n\n<p>(M\u00e4nnlicher Sprecher) &#8222;Sie tr\u00e4umen von Sonne, Strand und Meer? Dann haben wir genau das Richtige f\u00fcr Sie! Mit unseren Sonderangeboten f\u00fcr die Balearen k\u00f6nnen Sie jetzt Ihren Traumurlaub zu einem unschlagbaren Preis buchen.&#8220;<\/p>\n\n\n\n<p>(Weibliche Sprecherin) &#8222;Entdecken Sie die Sch\u00f6nheit der Inseln Mallorca, Menorca, Ibiza und Formentera. Ob Sie eine erholsame Strandwoche oder eine aufregende Partyreise planen, wir haben das passende Angebot f\u00fcr Sie.&#8220;<\/p>\n\n\n\n<p>(M\u00e4nnlicher Sprecher) &#8222;Und das Beste: Wenn Sie jetzt buchen, erhalten Sie einen zus\u00e4tzlichen Rabatt. Also z\u00f6gern Sie nicht und buchen Sie noch heute Ihren Traumurlaub bei uns im Reiseb\u00fcro XYZ.&#8220;<\/p>\n\n\n\n<p>(Weibliche Sprecherin) &#8222;Auf bald in den Balearen!&#8220;<\/p>\n\n\n\n<p><strong>Italien-Studie<\/strong><\/p>\n\n\n\n<figure class=\"wp-block-image size-full\"><img loading=\"lazy\" decoding=\"async\" width=\"475\" height=\"747\" src=\"https:\/\/dasmedienzentrum.org\/wp-content\/uploads\/2023\/01\/otailenstudie.png\" alt=\"\" class=\"wp-image-1383\" srcset=\"https:\/\/dasmedienzentrum.org\/wp-content\/uploads\/2023\/01\/otailenstudie.png 475w, https:\/\/dasmedienzentrum.org\/wp-content\/uploads\/2023\/01\/otailenstudie-191x300.png 191w\" sizes=\"auto, (max-width: 475px) 100vw, 475px\" \/><figcaption class=\"wp-element-caption\">Quelle: radiopub.fr<\/figcaption><\/figure>\n\n\n\n<p><strong>Wachsen des weltweiten Onlinemarktes 2023<\/strong><\/p>\n\n\n\n<p><\/p>\n\n\n\n<figure class=\"wp-block-image size-full\"><img loading=\"lazy\" decoding=\"async\" width=\"518\" height=\"516\" src=\"https:\/\/dasmedienzentrum.org\/wp-content\/uploads\/2023\/01\/werbeausgabendigitalweltweit23.png\" alt=\"\" class=\"wp-image-1384\" srcset=\"https:\/\/dasmedienzentrum.org\/wp-content\/uploads\/2023\/01\/werbeausgabendigitalweltweit23.png 518w, https:\/\/dasmedienzentrum.org\/wp-content\/uploads\/2023\/01\/werbeausgabendigitalweltweit23-300x300.png 300w, https:\/\/dasmedienzentrum.org\/wp-content\/uploads\/2023\/01\/werbeausgabendigitalweltweit23-150x150.png 150w, https:\/\/dasmedienzentrum.org\/wp-content\/uploads\/2023\/01\/werbeausgabendigitalweltweit23-100x100.png 100w\" sizes=\"auto, (max-width: 518px) 100vw, 518px\" \/><figcaption class=\"wp-element-caption\">Quelle: radiopub.fr<\/figcaption><\/figure>\n\n\n\n<figure class=\"wp-block-image size-full\"><img loading=\"lazy\" decoding=\"async\" width=\"449\" height=\"647\" src=\"https:\/\/dasmedienzentrum.org\/wp-content\/uploads\/2023\/01\/dasendeofpodcasts.png\" alt=\"\" class=\"wp-image-1385\" srcset=\"https:\/\/dasmedienzentrum.org\/wp-content\/uploads\/2023\/01\/dasendeofpodcasts.png 449w, https:\/\/dasmedienzentrum.org\/wp-content\/uploads\/2023\/01\/dasendeofpodcasts-208x300.png 208w\" sizes=\"auto, (max-width: 449px) 100vw, 449px\" \/><\/figure>\n\n\n\n<p><strong>Radiospotarchive<\/strong><\/p>\n\n\n\n<p>RMS, naja &#8230; au\u00dferdem alles 30-Sek\u00fcnder.<\/p>\n\n\n\n<figure class=\"wp-block-embed is-type-wp-embed is-provider-radioszene wp-block-embed-radioszene\"><div class=\"wp-block-embed__wrapper\">\n<blockquote class=\"wp-embedded-content\" data-secret=\"XS3QXkcCbO\"><a href=\"https:\/\/www.radioszene.de\/170315\/radiozentrale-gattungsspots-2023.html\">Radiozentrale schickt f\u00fcnf neue Gattungsspots on air<\/a><\/blockquote><iframe loading=\"lazy\" class=\"wp-embedded-content\" sandbox=\"allow-scripts\" security=\"restricted\" style=\"position: absolute; clip: rect(1px, 1px, 1px, 1px);\" title=\"&#8222;Radiozentrale schickt f\u00fcnf neue Gattungsspots on air&#8220; &#8212; RADIOSZENE\" src=\"https:\/\/www.radioszene.de\/170315\/radiozentrale-gattungsspots-2023.html\/embed#?secret=nvqcR6p7xy#?secret=XS3QXkcCbO\" data-secret=\"XS3QXkcCbO\" width=\"525\" height=\"296\" frameborder=\"0\" marginwidth=\"0\" marginheight=\"0\" scrolling=\"no\"><\/iframe>\n<\/div><\/figure>\n\n\n\n<p>\u201eStellen Sie sich vor &#8230; \u201e<\/p>\n\n\n\n<p><strong>Besser<\/strong> (leider in franz\u00f6sischer Sprache, daf\u00fcr ausgesprochen umfangreich 4000+ und exemplarisch)<\/p>\n\n\n\n<figure class=\"wp-block-embed is-type-wp-embed is-provider-radiopub wp-block-embed-radiopub\"><div class=\"wp-block-embed__wrapper\">\n<blockquote class=\"wp-embedded-content\" data-secret=\"IHlFC0xpaD\"><a href=\"https:\/\/radiopub.fr\/spots\/\">4000 exemples de spots radio<\/a><\/blockquote><iframe loading=\"lazy\" class=\"wp-embedded-content\" sandbox=\"allow-scripts\" security=\"restricted\" style=\"position: absolute; clip: rect(1px, 1px, 1px, 1px);\" title=\"\u00ab\u00a04000 exemples de spots radio\u00a0\u00bb &#8212; Radiopub\" src=\"https:\/\/radiopub.fr\/spots\/embed\/#?secret=85cWoybVmc#?secret=IHlFC0xpaD\" data-secret=\"IHlFC0xpaD\" width=\"525\" height=\"296\" frameborder=\"0\" marginwidth=\"0\" marginheight=\"0\" scrolling=\"no\"><\/iframe>\n<\/div><\/figure>\n\n\n\n<figure class=\"wp-block-image size-full\"><img loading=\"lazy\" decoding=\"async\" width=\"605\" height=\"544\" src=\"https:\/\/dasmedienzentrum.org\/wp-content\/uploads\/2023\/01\/radiospotarchiv.png\" alt=\"\" class=\"wp-image-1386\" srcset=\"https:\/\/dasmedienzentrum.org\/wp-content\/uploads\/2023\/01\/radiospotarchiv.png 605w, https:\/\/dasmedienzentrum.org\/wp-content\/uploads\/2023\/01\/radiospotarchiv-300x270.png 300w\" sizes=\"auto, (max-width: 605px) 100vw, 605px\" \/><\/figure>\n","protected":false},"excerpt":{"rendered":"<p>GPT 3 Generative Pretrained Transformer TESTS Podacsts Sind Podcasts in Deutschland tats\u00e4chlich angekommen? Podcasts haben in den USA bereits einen etablierten Markt erreicht, mit Sch\u00e4tzungen, dass im Jahr 2022 mehrere Milliarden Euro im Podcast-Business generiert werden, haupts\u00e4chlich durch Werbung und Produktionen. Im Vergleich dazu ist der Podcast-Markt in Deutschland noch relativ jung und hatte laut &hellip; <\/p>\n<p class=\"link-more\"><a href=\"https:\/\/dasmedienzentrum.org\/?p=1382\" class=\"more-link\"><span class=\"screen-reader-text\">\u201eTEAM Radio Beitrag von Helmut Poppe 02.02.2023\u201c<\/span> weiterlesen<\/a><\/p>\n","protected":false},"author":1,"featured_media":1387,"comment_status":"closed","ping_status":"closed","sticky":false,"template":"","format":"standard","meta":{"footnotes":""},"categories":[1],"tags":[267],"class_list":["post-1382","post","type-post","status-publish","format-standard","has-post-thumbnail","hentry","category-allgemein","tag-2022-the-year-that-podasting-died"],"_links":{"self":[{"href":"https:\/\/dasmedienzentrum.org\/index.php?rest_route=\/wp\/v2\/posts\/1382","targetHints":{"allow":["GET"]}}],"collection":[{"href":"https:\/\/dasmedienzentrum.org\/index.php?rest_route=\/wp\/v2\/posts"}],"about":[{"href":"https:\/\/dasmedienzentrum.org\/index.php?rest_route=\/wp\/v2\/types\/post"}],"author":[{"embeddable":true,"href":"https:\/\/dasmedienzentrum.org\/index.php?rest_route=\/wp\/v2\/users\/1"}],"replies":[{"embeddable":true,"href":"https:\/\/dasmedienzentrum.org\/index.php?rest_route=%2Fwp%2Fv2%2Fcomments&post=1382"}],"version-history":[{"count":3,"href":"https:\/\/dasmedienzentrum.org\/index.php?rest_route=\/wp\/v2\/posts\/1382\/revisions"}],"predecessor-version":[{"id":1390,"href":"https:\/\/dasmedienzentrum.org\/index.php?rest_route=\/wp\/v2\/posts\/1382\/revisions\/1390"}],"wp:featuredmedia":[{"embeddable":true,"href":"https:\/\/dasmedienzentrum.org\/index.php?rest_route=\/wp\/v2\/media\/1387"}],"wp:attachment":[{"href":"https:\/\/dasmedienzentrum.org\/index.php?rest_route=%2Fwp%2Fv2%2Fmedia&parent=1382"}],"wp:term":[{"taxonomy":"category","embeddable":true,"href":"https:\/\/dasmedienzentrum.org\/index.php?rest_route=%2Fwp%2Fv2%2Fcategories&post=1382"},{"taxonomy":"post_tag","embeddable":true,"href":"https:\/\/dasmedienzentrum.org\/index.php?rest_route=%2Fwp%2Fv2%2Ftags&post=1382"}],"curies":[{"name":"wp","href":"https:\/\/api.w.org\/{rel}","templated":true}]}}