{"id":1396,"date":"2023-03-22T13:17:36","date_gmt":"2023-03-22T12:17:36","guid":{"rendered":"https:\/\/dasmedienzentrum.org\/?p=1396"},"modified":"2023-03-22T13:17:36","modified_gmt":"2023-03-22T12:17:36","slug":"haderer-und-gelbwurst","status":"publish","type":"post","link":"https:\/\/dasmedienzentrum.org\/?p=1396","title":{"rendered":"Haderer und Gelbwurst"},"content":{"rendered":"\n<p>#CaricaturaMuseum #Frankfurt pr\u00e4sentiert einen der bedeutendsten satirischen Zeichner im deutschsprachigen Raum: Gerhard #Haderer. Im Mittelpunkt beeindruckende \u00d6lgem\u00e4lde zwischen fotorealistischer Perfektion und karikaturesker \u00dcberspitzung. <strong>Er\u00f6ffnung Mittwoch, 5. April 2023, 18.00 h.<\/strong> Der K\u00fcnstler ist anwesend. Caricatura Museum Frankfurt (Weckmarkt 17) Tipp: Zuvor Gelbwurst bei Frau Schreiber #Kleinmarkthalle.<br>#frankfurtlive<br><\/p>\n\n\n\n<figure class=\"wp-block-image size-large\"><img loading=\"lazy\" decoding=\"async\" width=\"1024\" height=\"576\" src=\"https:\/\/dasmedienzentrum.org\/wp-content\/uploads\/2023\/03\/frauschreiber-1024x576.jpg\" alt=\"\" class=\"wp-image-1400\" srcset=\"https:\/\/dasmedienzentrum.org\/wp-content\/uploads\/2023\/03\/frauschreiber-1024x576.jpg 1024w, https:\/\/dasmedienzentrum.org\/wp-content\/uploads\/2023\/03\/frauschreiber-300x169.jpg 300w, https:\/\/dasmedienzentrum.org\/wp-content\/uploads\/2023\/03\/frauschreiber-768x432.jpg 768w, https:\/\/dasmedienzentrum.org\/wp-content\/uploads\/2023\/03\/frauschreiber-1536x864.jpg 1536w, https:\/\/dasmedienzentrum.org\/wp-content\/uploads\/2023\/03\/frauschreiber.jpg 1684w\" sizes=\"auto, (max-width: 767px) 89vw, (max-width: 1000px) 54vw, (max-width: 1071px) 543px, 580px\" \/><\/figure>\n","protected":false},"excerpt":{"rendered":"<p>#CaricaturaMuseum #Frankfurt pr\u00e4sentiert einen der bedeutendsten satirischen Zeichner im deutschsprachigen Raum: Gerhard #Haderer. Im Mittelpunkt beeindruckende \u00d6lgem\u00e4lde zwischen fotorealistischer Perfektion und karikaturesker \u00dcberspitzung. Er\u00f6ffnung Mittwoch, 5. April 2023, 18.00 h. Der K\u00fcnstler ist anwesend. Caricatura Museum Frankfurt (Weckmarkt 17) Tipp: Zuvor Gelbwurst bei Frau Schreiber #Kleinmarkthalle.#frankfurtlive<\/p>\n","protected":false},"author":1,"featured_media":1403,"comment_status":"closed","ping_status":"closed","sticky":false,"template":"","format":"standard","meta":{"footnotes":""},"categories":[1],"tags":[88,280,279,278,29,281],"class_list":["post-1396","post","type-post","status-publish","format-standard","has-post-thumbnail","hentry","category-allgemein","tag-dasmedienzentrum-2","tag-fra7u-screiber","tag-frankfurtlive","tag-gerhard-haderer","tag-helmut-poppe","tag-kleinmarkthalle"],"_links":{"self":[{"href":"https:\/\/dasmedienzentrum.org\/index.php?rest_route=\/wp\/v2\/posts\/1396","targetHints":{"allow":["GET"]}}],"collection":[{"href":"https:\/\/dasmedienzentrum.org\/index.php?rest_route=\/wp\/v2\/posts"}],"about":[{"href":"https:\/\/dasmedienzentrum.org\/index.php?rest_route=\/wp\/v2\/types\/post"}],"author":[{"embeddable":true,"href":"https:\/\/dasmedienzentrum.org\/index.php?rest_route=\/wp\/v2\/users\/1"}],"replies":[{"embeddable":true,"href":"https:\/\/dasmedienzentrum.org\/index.php?rest_route=%2Fwp%2Fv2%2Fcomments&post=1396"}],"version-history":[{"count":2,"href":"https:\/\/dasmedienzentrum.org\/index.php?rest_route=\/wp\/v2\/posts\/1396\/revisions"}],"predecessor-version":[{"id":1401,"href":"https:\/\/dasmedienzentrum.org\/index.php?rest_route=\/wp\/v2\/posts\/1396\/revisions\/1401"}],"wp:featuredmedia":[{"embeddable":true,"href":"https:\/\/dasmedienzentrum.org\/index.php?rest_route=\/wp\/v2\/media\/1403"}],"wp:attachment":[{"href":"https:\/\/dasmedienzentrum.org\/index.php?rest_route=%2Fwp%2Fv2%2Fmedia&parent=1396"}],"wp:term":[{"taxonomy":"category","embeddable":true,"href":"https:\/\/dasmedienzentrum.org\/index.php?rest_route=%2Fwp%2Fv2%2Fcategories&post=1396"},{"taxonomy":"post_tag","embeddable":true,"href":"https:\/\/dasmedienzentrum.org\/index.php?rest_route=%2Fwp%2Fv2%2Ftags&post=1396"}],"curies":[{"name":"wp","href":"https:\/\/api.w.org\/{rel}","templated":true}]}}