{"id":1447,"date":"2023-07-06T15:11:17","date_gmt":"2023-07-06T13:11:17","guid":{"rendered":"https:\/\/dasmedienzentrum.org\/?p=1447"},"modified":"2023-07-06T17:34:26","modified_gmt":"2023-07-06T15:34:26","slug":"ki-im-unterricht","status":"publish","type":"post","link":"https:\/\/dasmedienzentrum.org\/?p=1447","title":{"rendered":"KI im Unterricht"},"content":{"rendered":"\n<h1 class=\"wp-block-heading\">Aktuelle Entwicklungen<\/h1>\n\n\n\n<p><strong><mark style=\"background-color:rgba(0, 0, 0, 0)\" class=\"has-inline-color has-cyan-bluish-gray-color\">Ist  k\u00fcnstliche Intelligenz<br>wirklich notwendig?<br>Steuernde &nbsp;Akteure \u2013 Stand<br>\u2013 alles nur Hype?<\/mark><\/strong><\/p>\n\n\n\n<p>Aus einer Pressemitteilung des HKM: \u201eDerzeit wird in der \u00d6ffentlichkeit viel \u00fcber KI-basierte Anwendungen diskutiert, darunter Text-, Bild-, Musik- oder Videoproduktion (u. a. ChatGPT). Bildungsverwaltungen, Schulen und Lehrkr\u00e4fte stehen vor der Aufgabe, sich mit diesen Entwicklungen und ihren Auswirkungen auf den Unterricht auseinanderzusetzen.<\/p>\n\n\n\n<figure class=\"wp-block-image size-full\"><img loading=\"lazy\" decoding=\"async\" width=\"727\" height=\"639\" src=\"https:\/\/dasmedienzentrum.org\/wp-content\/uploads\/2023\/07\/schulranzen.png\" alt=\"\" class=\"wp-image-1453\" srcset=\"https:\/\/dasmedienzentrum.org\/wp-content\/uploads\/2023\/07\/schulranzen.png 727w, https:\/\/dasmedienzentrum.org\/wp-content\/uploads\/2023\/07\/schulranzen-300x264.png 300w\" sizes=\"auto, (max-width: 727px) 100vw, 727px\" \/><\/figure>\n\n\n\n<p>Viele Nutzerinnen und Nutzer fragen sich, wie solche KI-Anwendungen funktionieren, wie sie im Bildungskontext eingesetzt werden sollten und welche rechtlichen Rahmenbedingungen dabei beachtet werden m\u00fcssen. Das Hessische Kultusministerium hat daher eine neue KI-Handreichung (\u201eK\u00fcnstliche Intelligenz (KI) in Schule und Unterricht\u201c) entwickelt, um Schulen dabei zu unterst\u00fctzen, das Potenzial der k\u00fcnstlichen Intelligenz im Bildungsbereich zu nutzen und Sch\u00fclerinnen und Sch\u00fcler auf die digitalen Chancen und Herausforderungen vorzubereiten.<\/p>\n\n\n\n<p>Hessens Kultusminister Prof. Dr. R. Alexander Lorz sagte dazu in Wiesbaden: \u201eDie Digitalisierung stellt uns vor neue Herausforderungen, aber sie bietet auch enorme Chancen f\u00fcr unsere Bildungseinrichtungen. Mit der KI-Handreichung m\u00f6chten wir Lehrkr\u00e4fte in Hessen ermutigen, die M\u00f6glichkeiten der KI zu erkunden und sie sinnvoll in den Unterricht zu integrieren. Unsere Sch\u00fclerinnen und Sch\u00fcler k\u00f6nnen so die erforderlichen Kompetenzen f\u00fcr die digitale Zukunft entwickeln.\u201c<\/p>\n\n\n\n<p>Die neue Handreichung ist das Resultat einer Zusammenarbeit von Fachleuten aus den Bereichen Bildung und Technologie. Sowohl der Praxisbeirat Digitale Schule Hessen als auch die Konzeptgruppe, denen auch Schulleitungen und Lehrkr\u00e4fte angeh\u00f6ren, die Landessch\u00fclervertretung sowie Experten des \u201eAI-Quality &amp; Testing Hubs\u201c in Frankfurt, welches durch das Hessische Ministerium f\u00fcr Digitale Strategie und Entwicklung gef\u00f6rdert wird, haben ihr Fachwissen ma\u00dfgeblich eingebracht. Die Handreichung bietet Lehrkr\u00e4ften und Schulleitungen wertvolle Orientierung und konkrete Anleitungen zur Integration von KI-Technologien in den Schulalltag. Aufgrund der dynamischen Entwicklungen werden die Inhalte dieser Handreichung kontinuierlich \u00fcberpr\u00fcft und weiterentwickelt. Die Handreichung wurde an alle dienstlichen E-Mail-Adressen der Lehrkr\u00e4fte in Hessen versandt und steht zus\u00e4tzlich zum Download auf der Internetseite www.digitale-schule.hessen.de zur Verf\u00fcgung.<\/p>\n\n\n\n<p><strong>Altersgerechte Thematisierung von k\u00fcnstlicher Intelligenz, rechtlicher Rahmen und konkrete Unterrichtsbeispiele &#8230;\u201c<\/strong><\/p>\n\n\n\n<h1 class=\"wp-block-heading\">Sinn und Zweck<\/h1>\n\n\n\n<p>\u201aLernen\u2018 erfolgt in den Stufen: Kognitivieren, \u00dcben, Transfer. Im Zusammenhang mit dem Begriff \u201ak\u00fcnstliche Intelligenz\u2018 stellt sich die Frage, ob diese einzelnen Phasen durch KI \u201abedient\u2018 werden k\u00f6nnen oder ob es sich schlichtweg um eine schnelle Erzeugung von Ergebnisresultaten geht. Bei dieser einseitigen Auslegung ginge es nur um textliche oder bildliche Darstellungen von Themen, die bisher mit mehr oder m\u00fchsamer Arbeit realisiert werden konnten im Laufe eines Lernprozesses.<\/p>\n\n\n\n<p>Auch stellt sich die Frage f\u00fcr welche Schulf\u00e4cher KI Anwendnung finden kann und dort konkret in welchen der drei oben genannten Phasen. Der Verdacht liegt nahe, dass in den Blick der \u00d6ffentlichkeit haupts\u00e4chlich Schulf\u00e4cher und Aufgabenstellungen aus Natur- und Gesellschaftswissenschaften, Deutsch, Geographie und Geschichte geraten.<\/p>\n\n\n\n<p>Nachfolgende \u00dcberlegungen sollen aufzeigen wie es um den m\u00f6glichen Einsatz einzelner Schulf\u00e4cher steht: <a href=\"https:\/\/www.kmk.org\/themen\/allgemeinbildende-schulen\/unterrichtsfaecher\/deutsch.html\">Deutsch<\/a>, <a href=\"https:\/\/www.kmk.org\/themen\/allgemeinbildende-schulen\/unterrichtsfaecher\/fremdsprachen.html\">Fremdsprachen<\/a>, <a href=\"https:\/\/www.kmk.org\/themen\/allgemeinbildende-schulen\/unterrichtsfaecher\/mathematik-informatik-naturwissenschaften-technik-mint.html\">Mathematik, Informatik, Naturwissenschaften, Technik (MINT)<\/a>, <a href=\"https:\/\/www.kmk.org\/themen\/allgemeinbildende-schulen\/unterrichtsfaecher\/gesellschaftswissenschaften.html\">Gesellschaftswissenschaften<\/a>: Religion, Ethik, Geschichte, Sozialkunde, Geographie, Philosophie, Wirtschaft und Recht. <a href=\"https:\/\/www.kmk.org\/themen\/allgemeinbildende-schulen\/unterrichtsfaecher\/musische-faecher.html\">musische F\u00e4cher<\/a>, <a href=\"https:\/\/www.kmk.org\/themen\/sport.html\">Sport.<\/a><\/p>\n\n\n\n<figure class=\"wp-block-image size-large\"><img loading=\"lazy\" decoding=\"async\" width=\"576\" height=\"1024\" src=\"https:\/\/dasmedienzentrum.org\/wp-content\/uploads\/2023\/07\/ki-schulfaecher-canva-u-Movavi-576x1024.png\" alt=\"\" class=\"wp-image-1448\" srcset=\"https:\/\/dasmedienzentrum.org\/wp-content\/uploads\/2023\/07\/ki-schulfaecher-canva-u-Movavi-576x1024.png 576w, https:\/\/dasmedienzentrum.org\/wp-content\/uploads\/2023\/07\/ki-schulfaecher-canva-u-Movavi-169x300.png 169w, https:\/\/dasmedienzentrum.org\/wp-content\/uploads\/2023\/07\/ki-schulfaecher-canva-u-Movavi-768x1365.png 768w, https:\/\/dasmedienzentrum.org\/wp-content\/uploads\/2023\/07\/ki-schulfaecher-canva-u-Movavi-864x1536.png 864w, https:\/\/dasmedienzentrum.org\/wp-content\/uploads\/2023\/07\/ki-schulfaecher-canva-u-Movavi.png 1080w\" sizes=\"auto, (max-width: 576px) 100vw, 576px\" \/><\/figure>\n\n\n\n<p>Gleich vorneweg l\u00e4sst sich feststellen, dass von dem Lernenden eigenst\u00e4ndig erbrachte Lernnachweise kaum oder \u00fcberhaupt nicht durch KI erzeugen lassen in bestimmten F\u00e4chern. Hierzu geh\u00f6ren Fremdsprachen in m\u00fcndlich produzierter Form der Person selbst, Sport und musische Disziplinen. Durch die \u201ePerson selbst\u201c bedeutet bei diesen Schulf\u00e4chern ohne Zuhilfenahme von technischen Ger\u00e4ten wie Simultan\u00fcbersetzer, Optimierungs-Apps f\u00fcr die Erlangung sportlicher Leistungen oder digitale Bild- oder Musikgeneratoren. Immerhin machen diese Schulf\u00e4cher mehr als ein Drittel der Stundendeputate der Lernenden aus.<\/p>\n\n\n\n<p>Ah dieser Stelle sei erw\u00e4hnt, dass die Thematik \u201aKI\u2018 im schulischen Unterricht kritisch gesehen werden muss nach den bisher gemachten Erfahrungen mit der Digitalisierung des Unterrichts. Nach \u00fcber 20 Jahren Erfahrung hiermit zeigte sich, dass nicht nur die schulische Infrastruktur fehlte, sondern, dass Schulbuchverlage au\u00dfer Lehrwerke als PDFs nur gelegentlich AI- oder VR-Lernmodule anbieten. Es fehlte vor allem die Einsatzbereitschaft der Unterrichtenden f\u00fcr solche innovative Lernformate. Hinzu kommt, dass die Curricula in der Lehrerausbildung der Hochschulen auf breiter Linie jeweilige fachdidaktische digitale Elemente vermissen lassen.<\/p>\n\n\n\n<p><strong>Hier geht es zu der Bewertungsmatrix: &#8230;..<\/strong> <a href=\"mailto:hpoppe511@gmail.com\" data-type=\"mailto\" data-id=\"mailto:hpoppe511@gmail.com\">Mail auf Anfrag<\/a>e<\/p>\n\n\n\n\n","protected":false},"excerpt":{"rendered":"<p>Aktuelle Entwicklungen Ist k\u00fcnstliche Intelligenzwirklich notwendig?Steuernde &nbsp;Akteure \u2013 Stand\u2013 alles nur Hype? Aus einer Pressemitteilung des HKM: \u201eDerzeit wird in der \u00d6ffentlichkeit viel \u00fcber KI-basierte Anwendungen diskutiert, darunter Text-, Bild-, Musik- oder Videoproduktion (u. a. ChatGPT). Bildungsverwaltungen, Schulen und Lehrkr\u00e4fte stehen vor der Aufgabe, sich mit diesen Entwicklungen und ihren Auswirkungen auf den Unterricht auseinanderzusetzen. &hellip; <\/p>\n<p class=\"link-more\"><a href=\"https:\/\/dasmedienzentrum.org\/?p=1447\" class=\"more-link\"><span class=\"screen-reader-text\">\u201eKI im Unterricht\u201c<\/span> weiterlesen<\/a><\/p>\n","protected":false},"author":1,"featured_media":1451,"comment_status":"closed","ping_status":"closed","sticky":false,"template":"","format":"standard","meta":{"footnotes":""},"categories":[1,256,258],"tags":[],"class_list":["post-1447","post","type-post","status-publish","format-standard","has-post-thumbnail","hentry","category-allgemein","category-medien","category-medienwirtschaft"],"_links":{"self":[{"href":"https:\/\/dasmedienzentrum.org\/index.php?rest_route=\/wp\/v2\/posts\/1447","targetHints":{"allow":["GET"]}}],"collection":[{"href":"https:\/\/dasmedienzentrum.org\/index.php?rest_route=\/wp\/v2\/posts"}],"about":[{"href":"https:\/\/dasmedienzentrum.org\/index.php?rest_route=\/wp\/v2\/types\/post"}],"author":[{"embeddable":true,"href":"https:\/\/dasmedienzentrum.org\/index.php?rest_route=\/wp\/v2\/users\/1"}],"replies":[{"embeddable":true,"href":"https:\/\/dasmedienzentrum.org\/index.php?rest_route=%2Fwp%2Fv2%2Fcomments&post=1447"}],"version-history":[{"count":7,"href":"https:\/\/dasmedienzentrum.org\/index.php?rest_route=\/wp\/v2\/posts\/1447\/revisions"}],"predecessor-version":[{"id":1458,"href":"https:\/\/dasmedienzentrum.org\/index.php?rest_route=\/wp\/v2\/posts\/1447\/revisions\/1458"}],"wp:featuredmedia":[{"embeddable":true,"href":"https:\/\/dasmedienzentrum.org\/index.php?rest_route=\/wp\/v2\/media\/1451"}],"wp:attachment":[{"href":"https:\/\/dasmedienzentrum.org\/index.php?rest_route=%2Fwp%2Fv2%2Fmedia&parent=1447"}],"wp:term":[{"taxonomy":"category","embeddable":true,"href":"https:\/\/dasmedienzentrum.org\/index.php?rest_route=%2Fwp%2Fv2%2Fcategories&post=1447"},{"taxonomy":"post_tag","embeddable":true,"href":"https:\/\/dasmedienzentrum.org\/index.php?rest_route=%2Fwp%2Fv2%2Ftags&post=1447"}],"curies":[{"name":"wp","href":"https:\/\/api.w.org\/{rel}","templated":true}]}}