{"id":1480,"date":"2023-07-24T12:51:55","date_gmt":"2023-07-24T10:51:55","guid":{"rendered":"https:\/\/dasmedienzentrum.org\/?p=1480"},"modified":"2023-07-24T12:51:55","modified_gmt":"2023-07-24T10:51:55","slug":"und-immer-wieder-podcasts","status":"publish","type":"post","link":"https:\/\/dasmedienzentrum.org\/?p=1480","title":{"rendered":"Und immer wieder Podcasts"},"content":{"rendered":"\n<figure class=\"wp-block-image size-full\"><img loading=\"lazy\" decoding=\"async\" width=\"531\" height=\"458\" src=\"https:\/\/dasmedienzentrum.org\/wp-content\/uploads\/2023\/07\/poicastsnutzungnachort.png\" alt=\"\" class=\"wp-image-1481\" srcset=\"https:\/\/dasmedienzentrum.org\/wp-content\/uploads\/2023\/07\/poicastsnutzungnachort.png 531w, https:\/\/dasmedienzentrum.org\/wp-content\/uploads\/2023\/07\/poicastsnutzungnachort-300x259.png 300w\" sizes=\"auto, (max-width: 531px) 100vw, 531px\" \/><\/figure>\n\n\n\n<p>In diesen Situationen werden Podcasts geh\u00f6rt. Podcasts sind das Nebenbei-Medium schlechthin \u2013 eine Bezeichnung, die fr\u00fcher f\u00fcr das Radio verwendet wurde. Sie werden in den unterschiedlichsten Situationen nebenbei geh\u00f6rt. H\u00e4ufig werden Podcasts unterwegs geh\u00f6rt: 39 Prozent schalten sie im Auto ein, 24 Prozent in \u00f6ffentlichen Verkehrsmitteln.<br>Nur, &#8230; wer f\u00e4hrt noch zur Arbeit?<\/p>\n\n\n\n<p>These are the situations in which&nbsp;<a href=\"https:\/\/www.linkedin.com\/feed\/hashtag\/?keywords=podcasts&amp;highlightedUpdateUrns=urn%3Ali%3Aactivity%3A7089193416693014528\">#Podcasts<\/a>&nbsp;are listened to. They are the sideline medium par excellence &#8211; a term that used to be used for radio. Podcasts are listened to on the side in a wide variety of situations. They are often listened to on the go: 39 percent turn them on in the car, 24 percent on public transportation. &#8230; Only, who else drives to work?<\/p>\n\n\n\n<p><a href=\"https:\/\/www.linkedin.com\/feed\/hashtag\/?keywords=bitkom&amp;highlightedUpdateUrns=urn%3Ali%3Aactivity%3A7089193416693014528\">#Bitkom<\/a><a href=\"https:\/\/www.linkedin.com\/feed\/hashtag\/?keywords=radiosalesweekly&amp;highlightedUpdateUrns=urn%3Ali%3Aactivity%3A7089193416693014528\">#RadioSalesWeekly<\/a><br>During work, school, university In the car While relaxing To fall asleep While cleaning and tidying up On public transport While exercising While eating\u00a0\u00a0<\/p>\n\n\n\n<p><\/p>\n\n\n\n<p>Ob True Crime oder Nachrichten, ob zum Einschlafen oder beim Autofahren: Knapp jeder und jede zweite Deutsche ab 16 Jahren (43 Prozent) h\u00f6rt zumindest hin und wieder Podcasts \u2013 das entspricht 29,7 Millionen Menschen und damit dem Niveau von 2022. Unter den J\u00fcngeren zwischen 16 und 29 Jahren h\u00f6rt sogar mehr als die H\u00e4lfte Podcasts (52 Prozent), bei den 30- bis 49-J\u00e4hrigen ist es exakt die H\u00e4lfte (50 Prozent), w\u00e4hrend es bei den 50- bis 64-J\u00e4hrigen nur noch 40 Prozent beziehungsweise bei den \u00fcber 65-J\u00e4hrigen 32 Prozent sind. Das ist das Ergebnis einer Befragung unter 1.159 Personen in Deutschland ab 16 Jahren im Auftrag des Digitalverbands Bitkom. In den Vorjahren waren die Nutzerzahlen von Podcasts noch sehr stark gestiegen, von 22,8 Millionen (33 Prozent) in 2020 auf 26,3 Millionen (38 Prozent) in 2021 und dann die genannten knapp 30 Millionen (43 Prozent) in 2022. (Quelle Bitkom)<\/p>\n","protected":false},"excerpt":{"rendered":"<p>In diesen Situationen werden Podcasts geh\u00f6rt. Podcasts sind das Nebenbei-Medium schlechthin \u2013 eine Bezeichnung, die fr\u00fcher f\u00fcr das Radio verwendet wurde. Sie werden in den unterschiedlichsten Situationen nebenbei geh\u00f6rt. H\u00e4ufig werden Podcasts unterwegs geh\u00f6rt: 39 Prozent schalten sie im Auto ein, 24 Prozent in \u00f6ffentlichen Verkehrsmitteln.Nur, &#8230; wer f\u00e4hrt noch zur Arbeit? These are the &hellip; <\/p>\n<p class=\"link-more\"><a href=\"https:\/\/dasmedienzentrum.org\/?p=1480\" class=\"more-link\"><span class=\"screen-reader-text\">\u201eUnd immer wieder Podcasts\u201c<\/span> weiterlesen<\/a><\/p>\n","protected":false},"author":1,"featured_media":1481,"comment_status":"closed","ping_status":"closed","sticky":false,"template":"","format":"standard","meta":{"footnotes":""},"categories":[256,258,259],"tags":[291,21,192,90,35],"class_list":["post-1480","post","type-post","status-publish","format-standard","has-post-thumbnail","hentry","category-medien","category-medienwirtschaft","category-radio-audio","tag-bitkom","tag-dasmedienzentrm","tag-radiosalesweekly","tag-radiowerbung","tag-werbung"],"_links":{"self":[{"href":"https:\/\/dasmedienzentrum.org\/index.php?rest_route=\/wp\/v2\/posts\/1480","targetHints":{"allow":["GET"]}}],"collection":[{"href":"https:\/\/dasmedienzentrum.org\/index.php?rest_route=\/wp\/v2\/posts"}],"about":[{"href":"https:\/\/dasmedienzentrum.org\/index.php?rest_route=\/wp\/v2\/types\/post"}],"author":[{"embeddable":true,"href":"https:\/\/dasmedienzentrum.org\/index.php?rest_route=\/wp\/v2\/users\/1"}],"replies":[{"embeddable":true,"href":"https:\/\/dasmedienzentrum.org\/index.php?rest_route=%2Fwp%2Fv2%2Fcomments&post=1480"}],"version-history":[{"count":2,"href":"https:\/\/dasmedienzentrum.org\/index.php?rest_route=\/wp\/v2\/posts\/1480\/revisions"}],"predecessor-version":[{"id":1483,"href":"https:\/\/dasmedienzentrum.org\/index.php?rest_route=\/wp\/v2\/posts\/1480\/revisions\/1483"}],"wp:featuredmedia":[{"embeddable":true,"href":"https:\/\/dasmedienzentrum.org\/index.php?rest_route=\/wp\/v2\/media\/1481"}],"wp:attachment":[{"href":"https:\/\/dasmedienzentrum.org\/index.php?rest_route=%2Fwp%2Fv2%2Fmedia&parent=1480"}],"wp:term":[{"taxonomy":"category","embeddable":true,"href":"https:\/\/dasmedienzentrum.org\/index.php?rest_route=%2Fwp%2Fv2%2Fcategories&post=1480"},{"taxonomy":"post_tag","embeddable":true,"href":"https:\/\/dasmedienzentrum.org\/index.php?rest_route=%2Fwp%2Fv2%2Ftags&post=1480"}],"curies":[{"name":"wp","href":"https:\/\/api.w.org\/{rel}","templated":true}]}}