{"id":1492,"date":"2023-10-09T17:34:39","date_gmt":"2023-10-09T15:34:39","guid":{"rendered":"https:\/\/dasmedienzentrum.org\/?p=1492"},"modified":"2023-11-09T11:15:35","modified_gmt":"2023-11-09T10:15:35","slug":"die-gemaelde-der-anderen","status":"publish","type":"post","link":"https:\/\/dasmedienzentrum.org\/?p=1492","title":{"rendered":"Die Gem\u00e4lde der Anderen"},"content":{"rendered":"\n<figure class=\"wp-block-gallery has-nested-images columns-default is-cropped wp-block-gallery-1 is-layout-flex wp-block-gallery-is-layout-flex\">\n<figure class=\"wp-block-image size-large\"><img loading=\"lazy\" decoding=\"async\" width=\"958\" height=\"958\" data-id=\"1522\" src=\"https:\/\/dasmedienzentrum.org\/wp-content\/uploads\/2023\/11\/frankfurtskylinefeiningenstyle-nightcafe.jpg\" alt=\"\" class=\"wp-image-1522\" srcset=\"https:\/\/dasmedienzentrum.org\/wp-content\/uploads\/2023\/11\/frankfurtskylinefeiningenstyle-nightcafe.jpg 958w, https:\/\/dasmedienzentrum.org\/wp-content\/uploads\/2023\/11\/frankfurtskylinefeiningenstyle-nightcafe-300x300.jpg 300w, https:\/\/dasmedienzentrum.org\/wp-content\/uploads\/2023\/11\/frankfurtskylinefeiningenstyle-nightcafe-150x150.jpg 150w, https:\/\/dasmedienzentrum.org\/wp-content\/uploads\/2023\/11\/frankfurtskylinefeiningenstyle-nightcafe-768x768.jpg 768w, https:\/\/dasmedienzentrum.org\/wp-content\/uploads\/2023\/11\/frankfurtskylinefeiningenstyle-nightcafe-100x100.jpg 100w\" sizes=\"auto, (max-width: 767px) 89vw, (max-width: 1000px) 54vw, (max-width: 1071px) 543px, 580px\" \/><\/figure>\n<\/figure>\n\n\n\n<p>Statt sich in Museen oder  in Galerien umzuschauen, was an Neuem in der Szene geboten wird, besteht in Frankfurt &#8211; wie in vielen anderen St\u00e4dten auch &#8211;  die M\u00f6glichkeit, Neues  zu entdecken in Sachen Kunst und warum nicht \u2013  bei den Anderen? Wo und wie erfahren Sie hier. Dazu  auch ein Blick auf k\u00fcnstliche Intelligenz, und was das f\u00fcr die Kunst im allgemeinen bedeuten k\u00f6nnte.  Das Eingangsbild zeigt  als Beispiel die Skyline der Stadt am Main inspiriert vom &#8222;FeiningerStyle&#8220;. Den &#8222;Prompt&#8220; zur Erstellung des Bildes gab der Autor dieser Zeilen, die Erstellung selbst erfolgte durch die Anwendung &#8222;Nightcaf\u00e9&#8220;.  Ben\u00f6tigt wurden  hierf\u00fcr keine 5 Minuten. Man h\u00e4tte die Sache noch weiter entwickeln k\u00f6nnen, Kunstexperten suchen bestimmt noch die  langen M\u00e4nner mit hohen Zylindern, Erkennungszeichen von Lyonel Feiningers Gem\u00e4lden.<\/p>\n\n\n\n<p>In der Stadt am Main bestehen einige Initiativen, die private Kunstausstellungen in den eigenen vier W\u00e4nden zeigen. Eine davon ist die Plattform &#8222;Offene Ateliers und Werkst\u00e4tten&#8220;, die von der Stadt Frankfurt organisiert wird. Im Rahmen dieser Initiative k\u00f6nnen Kunstschaffende ihre Ateliers und Werkst\u00e4tten f\u00fcr die \u00d6ffentlichkeit \u00f6ffnen. Zur\u00fcckliegende fanden statt im vergangenen September, weitere folgen am 21. und 22. Oktober 2023. Eine weitere Initiative ist &#8222;Hessen Offen&#8220;. Im Rahmen dieser Initiative \u00f6ffnen Kunstschaffende ihre Ateliers und Werkst\u00e4tten f\u00fcr die \u00d6ffentlichkeit an jedem ersten Sonntag im Monat. Dar\u00fcber hinaus gibt es noch zahlreiche weitere private Kunstausstellungen, die \u00fcber soziale Medien oder andere Kan\u00e4le bekannt gemacht werden wie zum Beispiel &#8222;Kunst im Wohnzimmer&#8220;.<\/p>\n\n\n\n<p>Schaut mal aber einmal genauer hin, sieht man, dass solche Kunst-Veranstaltungen eher in einem alten Bunker oder bei engagierten K\u00fcnstlern stattfinden. Anders sieht dies durchaus in einigen St\u00e4dten aus. <\/p>\n\n\n\n<p><\/p>\n\n\n\n<p><strong>Da stellt sich die Frage nach der k\u00fcnstlichen Intelligenz<\/strong><\/p>\n\n\n\n<p>Was bedeutet diese f\u00fcr die Kunst und deren Macher? Bei der Erstellung von als h\u00e4ufig \u201averbl\u00fcffend echten Simulationen\u2018 bezeichneten Darstellungen in Form von Filmen und Stimmen tritt die neue Technologie KI auf. Macht diese in der Zukunft die schaffenden K\u00fcnstler arbeitslos? Als Antwort mag gelten, dass &nbsp;KI noch nicht in der Lage ist, die Kreativit\u00e4t und Originalit\u00e4t von Menschen zu replizieren. Sie kann zwar realistische Bilder und Stimmen erzeugen, aber nicht die gleiche emotionale Wirkung erzielen wie menschliche Kunst.<\/p>\n\n\n\n<p>Dar\u00fcber hinaus gibt es immer noch einen Bedarf an Menschen in der Film- und Stimmproduktion, um KI-Systeme zu \u00fcberwachen und zu steuern. Diese Menschen m\u00fcssen \u00fcber ein tiefes Verst\u00e4ndnis der K\u00fcnste und der Technologie verf\u00fcgen.<\/p>\n\n\n\n<p>KI wird die Kunst-, Film- und Stimmproduktion zweifellos ver\u00e4ndern, aber sie wird nicht alle schaffenden K\u00fcnstler arbeitslos machen. KI wird vielmehr neue M\u00f6glichkeiten f\u00fcr K\u00fcnstler er\u00f6ffnen, ihre Kreativit\u00e4t zu entfalten.<\/p>\n\n\n\n<p>Eine Chance besteht darin, dass es K\u00fcnstlern erm\u00f6glicht wird, neue und herausfordernde Projekte zu realisieren. KI wird dabei die Film- und Stimmproduktion zu einem kreativeren und innovativeren Medium machen k\u00f6nnen.<\/p>\n\n\n\n<p>Hier seien einige Beispiele gegen\u00fcbergestellt.<\/p>\n\n\n\n<p><\/p>\n\n\n\n<p>Mitunter sieht man bereits mehr oder wenig klobig und ein wenig humanoid anmutende Roboter, die Gem\u00e4lde erstellen. Gut vorstellbar ist, dass zuk\u00fcnftig \u2013 was bereits schon der Fall ist \u2013 auf Bildern gesondert angemerkt sein muss, dass solche kreative Erzeugnisse von Menschenhand erstellt wurden und keine Roboter im Spiel waren. In einigen L\u00e4ndern gibt es bereits Regelungen, die vorschreiben, dass angegeben werden muss, wenn Kundstwerke von KI generiert wurden. In den USA beispielsweise hat die Federal Trade Commission (FTC) eine Richtlinie erlassen, die Unternehmen verpflichtet, Verbraucher \u00fcber die Verwendung von KI bei der Erstellung von Bildern zu informieren.<\/p>\n\n\n\n<figure class=\"wp-block-image size-large is-resized\"><img loading=\"lazy\" decoding=\"async\" width=\"1024\" height=\"671\" src=\"https:\/\/dasmedienzentrum.org\/wp-content\/uploads\/2023\/10\/spitzweg-original-1024x671.jpg\" alt=\"\" class=\"wp-image-1494\" style=\"width:674px;height:442px\" srcset=\"https:\/\/dasmedienzentrum.org\/wp-content\/uploads\/2023\/10\/spitzweg-original-1024x671.jpg 1024w, https:\/\/dasmedienzentrum.org\/wp-content\/uploads\/2023\/10\/spitzweg-original-300x197.jpg 300w, https:\/\/dasmedienzentrum.org\/wp-content\/uploads\/2023\/10\/spitzweg-original-768x503.jpg 768w, https:\/\/dasmedienzentrum.org\/wp-content\/uploads\/2023\/10\/spitzweg-original.jpg 1056w\" sizes=\"auto, (max-width: 767px) 89vw, (max-width: 1000px) 54vw, (max-width: 1071px) 543px, 580px\" \/><\/figure>\n\n\n\n<figure class=\"wp-block-image size-full\"><img loading=\"lazy\" decoding=\"async\" width=\"947\" height=\"947\" src=\"https:\/\/dasmedienzentrum.org\/wp-content\/uploads\/2023\/10\/spitzweg-dalle-e.jpg\" alt=\"\" class=\"wp-image-1495\" srcset=\"https:\/\/dasmedienzentrum.org\/wp-content\/uploads\/2023\/10\/spitzweg-dalle-e.jpg 947w, https:\/\/dasmedienzentrum.org\/wp-content\/uploads\/2023\/10\/spitzweg-dalle-e-300x300.jpg 300w, https:\/\/dasmedienzentrum.org\/wp-content\/uploads\/2023\/10\/spitzweg-dalle-e-150x150.jpg 150w, https:\/\/dasmedienzentrum.org\/wp-content\/uploads\/2023\/10\/spitzweg-dalle-e-768x768.jpg 768w, https:\/\/dasmedienzentrum.org\/wp-content\/uploads\/2023\/10\/spitzweg-dalle-e-100x100.jpg 100w\" sizes=\"auto, (max-width: 767px) 89vw, (max-width: 1000px) 54vw, (max-width: 1071px) 543px, 580px\" \/><\/figure>\n\n\n\n<figure class=\"wp-block-gallery has-nested-images columns-default is-cropped wp-block-gallery-2 is-layout-flex wp-block-gallery-is-layout-flex\">\n<figure class=\"wp-block-image size-large\"><img loading=\"lazy\" decoding=\"async\" width=\"1024\" height=\"671\" data-id=\"1496\" src=\"https:\/\/dasmedienzentrum.org\/wp-content\/uploads\/2023\/10\/spotzweg-picasa-1024x671.jpg\" alt=\"\" class=\"wp-image-1496\" srcset=\"https:\/\/dasmedienzentrum.org\/wp-content\/uploads\/2023\/10\/spotzweg-picasa-1024x671.jpg 1024w, https:\/\/dasmedienzentrum.org\/wp-content\/uploads\/2023\/10\/spotzweg-picasa-300x197.jpg 300w, https:\/\/dasmedienzentrum.org\/wp-content\/uploads\/2023\/10\/spotzweg-picasa-768x503.jpg 768w, https:\/\/dasmedienzentrum.org\/wp-content\/uploads\/2023\/10\/spotzweg-picasa-1536x1007.jpg 1536w, https:\/\/dasmedienzentrum.org\/wp-content\/uploads\/2023\/10\/spotzweg-picasa.jpg 1648w\" sizes=\"auto, (max-width: 767px) 89vw, (max-width: 1000px) 54vw, (max-width: 1071px) 543px, 580px\" \/><\/figure>\n<\/figure>\n\n\n\n<p>Bilder im Stil von F. Spitzweg<\/p>\n\n\n\n<p><\/p>\n\n\n\n<p><\/p>\n","protected":false},"excerpt":{"rendered":"<p>Statt sich in Museen oder in Galerien umzuschauen, was an Neuem in der Szene geboten wird, besteht in Frankfurt &#8211; wie in vielen anderen St\u00e4dten auch &#8211; die M\u00f6glichkeit, Neues zu entdecken in Sachen Kunst und warum nicht \u2013 bei den Anderen? Wo und wie erfahren Sie hier. Dazu auch ein Blick auf k\u00fcnstliche Intelligenz, &hellip; <\/p>\n<p class=\"link-more\"><a href=\"https:\/\/dasmedienzentrum.org\/?p=1492\" class=\"more-link\"><span class=\"screen-reader-text\">\u201eDie Gem\u00e4lde der Anderen\u201c<\/span> weiterlesen<\/a><\/p>\n","protected":false},"author":1,"featured_media":0,"comment_status":"closed","ping_status":"closed","sticky":false,"template":"","format":"standard","meta":{"footnotes":""},"categories":[1],"tags":[],"class_list":["post-1492","post","type-post","status-publish","format-standard","hentry","category-allgemein"],"_links":{"self":[{"href":"https:\/\/dasmedienzentrum.org\/index.php?rest_route=\/wp\/v2\/posts\/1492","targetHints":{"allow":["GET"]}}],"collection":[{"href":"https:\/\/dasmedienzentrum.org\/index.php?rest_route=\/wp\/v2\/posts"}],"about":[{"href":"https:\/\/dasmedienzentrum.org\/index.php?rest_route=\/wp\/v2\/types\/post"}],"author":[{"embeddable":true,"href":"https:\/\/dasmedienzentrum.org\/index.php?rest_route=\/wp\/v2\/users\/1"}],"replies":[{"embeddable":true,"href":"https:\/\/dasmedienzentrum.org\/index.php?rest_route=%2Fwp%2Fv2%2Fcomments&post=1492"}],"version-history":[{"count":13,"href":"https:\/\/dasmedienzentrum.org\/index.php?rest_route=\/wp\/v2\/posts\/1492\/revisions"}],"predecessor-version":[{"id":1524,"href":"https:\/\/dasmedienzentrum.org\/index.php?rest_route=\/wp\/v2\/posts\/1492\/revisions\/1524"}],"wp:attachment":[{"href":"https:\/\/dasmedienzentrum.org\/index.php?rest_route=%2Fwp%2Fv2%2Fmedia&parent=1492"}],"wp:term":[{"taxonomy":"category","embeddable":true,"href":"https:\/\/dasmedienzentrum.org\/index.php?rest_route=%2Fwp%2Fv2%2Fcategories&post=1492"},{"taxonomy":"post_tag","embeddable":true,"href":"https:\/\/dasmedienzentrum.org\/index.php?rest_route=%2Fwp%2Fv2%2Ftags&post=1492"}],"curies":[{"name":"wp","href":"https:\/\/api.w.org\/{rel}","templated":true}]}}