{"id":1526,"date":"2023-11-30T19:04:53","date_gmt":"2023-11-30T18:04:53","guid":{"rendered":"https:\/\/dasmedienzentrum.org\/?p=1526"},"modified":"2023-12-01T09:56:17","modified_gmt":"2023-12-01T08:56:17","slug":"masterclass-von-michel-colin-30-11-23","status":"publish","type":"post","link":"https:\/\/dasmedienzentrum.org\/?p=1526","title":{"rendered":"MasterClass von Michel Colin 30-11-23"},"content":{"rendered":"\n<figure class=\"wp-block-image size-large\"><img loading=\"lazy\" decoding=\"async\" width=\"1024\" height=\"567\" src=\"https:\/\/dasmedienzentrum.org\/wp-content\/uploads\/2023\/11\/MasterClassBumpefface-1024x567.png\" alt=\"\" class=\"wp-image-1530\" srcset=\"https:\/\/dasmedienzentrum.org\/wp-content\/uploads\/2023\/11\/MasterClassBumpefface-1024x567.png 1024w, https:\/\/dasmedienzentrum.org\/wp-content\/uploads\/2023\/11\/MasterClassBumpefface-300x166.png 300w, https:\/\/dasmedienzentrum.org\/wp-content\/uploads\/2023\/11\/MasterClassBumpefface-768x425.png 768w, https:\/\/dasmedienzentrum.org\/wp-content\/uploads\/2023\/11\/MasterClassBumpefface-1536x850.png 1536w, https:\/\/dasmedienzentrum.org\/wp-content\/uploads\/2023\/11\/MasterClassBumpefface.png 1725w\" sizes=\"auto, (max-width: 767px) 89vw, (max-width: 1000px) 54vw, (max-width: 1071px) 543px, 580px\" \/><\/figure>\n\n\n\n<p>Werbeentwicklung Radio 22 zu 23 &#8211; Vor Ort Veranstaltungen<\/p>\n\n\n\n<p>Dabei waren mehr als 40 Teilnehmer aus Frankreich, Kanada und \u00dcberseegebieten.<\/p>\n\n\n\n<p>1. Michel Colin berichtet aus US-M\u00e4rkten, wo der Anteil der Online-Werbeums\u00e4tze aus allen Kan\u00e4len social media, Newsletter etc. mittlerweile 20 bis 40% der gesamten Werbeums\u00e4tze ausmachen.<\/p>\n\n\n\n<p>2. <a><\/a>Insgesamt sehen die versammelten Teilnehmer das Gesamtjahresergebnis in ihren M\u00e4rkten im Vergleich zum Vorjahr positiv wenn nicht sogar h\u00f6her.<\/p>\n\n\n\n<p>3. Der Jahresbericht des Mafo-Instituts bump verzeichnet f\u00fcr die ersten 3 Quartale 2023 i. Vgl zu Q1bis3 22 h\u00f6here Einschaltvolumina in Radios von 3,3% bei prozentual niedrigeren Nettoms\u00e4tzen aus Werbung.<\/p>\n\n\n\n<p>4. Der Hauptaugenmerk der heutigen Masterclass galt Au\u00dfenauftritten von Sendern, deren Vor \u2013 und manche Nachteile. Anbieter stellten ihre Preismodelle und Packages vor, die zwischen 600 (ein Radio aus Bordeaux) und bis zu 6.000 \u20ac, Radio Montblanc, liegen.<\/p>\n\n\n\n<p>Bravo Michel f\u00fcr dieses hochklassige und instruktive Webinar, das man allen Radioleuten nicht nur in Sales ans Herz legen m\u00f6chte!<\/p>\n\n\n\n<p><a href=\"https:\/\/www.facebook.com\/hashtag\/radiosalesweekly?__eep__=6&amp;__cft__[0]=AZWNC5odBlppoBjoi9A7HLs4id1GUuAlK4LWebKe9n4IGK0NfcyL6srHDzINOvlR6OF3YKBgEWDzH5HmHqb7aXrpS3N1Axcr5RsPMmTHV0XmkJ45HxfSCA7XlBAWNMKWBNaPGnRoKQfp8A2lW-hwDidJ&amp;__tn__=*NK-R\">#RadioSalesWeekly<\/a><\/p>\n\n\n\n<figure class=\"wp-block-gallery has-nested-images columns-default is-cropped wp-block-gallery-1 is-layout-flex wp-block-gallery-is-layout-flex\">\n<figure class=\"wp-block-image size-large\"><img loading=\"lazy\" decoding=\"async\" width=\"1024\" height=\"658\" data-id=\"1529\" src=\"https:\/\/dasmedienzentrum.org\/wp-content\/uploads\/2023\/11\/Masteclass301123-4-noms-visages-blurs-1024x658.png\" alt=\"\" class=\"wp-image-1529\" srcset=\"https:\/\/dasmedienzentrum.org\/wp-content\/uploads\/2023\/11\/Masteclass301123-4-noms-visages-blurs-1024x658.png 1024w, https:\/\/dasmedienzentrum.org\/wp-content\/uploads\/2023\/11\/Masteclass301123-4-noms-visages-blurs-300x193.png 300w, https:\/\/dasmedienzentrum.org\/wp-content\/uploads\/2023\/11\/Masteclass301123-4-noms-visages-blurs-768x493.png 768w, https:\/\/dasmedienzentrum.org\/wp-content\/uploads\/2023\/11\/Masteclass301123-4-noms-visages-blurs.png 1177w\" sizes=\"auto, (max-width: 767px) 89vw, (max-width: 1000px) 54vw, (max-width: 1071px) 543px, 580px\" \/><\/figure>\n<\/figure>\n","protected":false},"excerpt":{"rendered":"<p>Werbeentwicklung Radio 22 zu 23 &#8211; Vor Ort Veranstaltungen Dabei waren mehr als 40 Teilnehmer aus Frankreich, Kanada und \u00dcberseegebieten. 1. Michel Colin berichtet aus US-M\u00e4rkten, wo der Anteil der Online-Werbeums\u00e4tze aus allen Kan\u00e4len social media, Newsletter etc. mittlerweile 20 bis 40% der gesamten Werbeums\u00e4tze ausmachen. 2. Insgesamt sehen die versammelten Teilnehmer das Gesamtjahresergebnis in &hellip; <\/p>\n<p class=\"link-more\"><a href=\"https:\/\/dasmedienzentrum.org\/?p=1526\" class=\"more-link\"><span class=\"screen-reader-text\">\u201eMasterClass von Michel Colin 30-11-23\u201c<\/span> weiterlesen<\/a><\/p>\n","protected":false},"author":1,"featured_media":0,"comment_status":"closed","ping_status":"closed","sticky":false,"template":"","format":"standard","meta":{"footnotes":""},"categories":[1],"tags":[],"class_list":["post-1526","post","type-post","status-publish","format-standard","hentry","category-allgemein"],"_links":{"self":[{"href":"https:\/\/dasmedienzentrum.org\/index.php?rest_route=\/wp\/v2\/posts\/1526","targetHints":{"allow":["GET"]}}],"collection":[{"href":"https:\/\/dasmedienzentrum.org\/index.php?rest_route=\/wp\/v2\/posts"}],"about":[{"href":"https:\/\/dasmedienzentrum.org\/index.php?rest_route=\/wp\/v2\/types\/post"}],"author":[{"embeddable":true,"href":"https:\/\/dasmedienzentrum.org\/index.php?rest_route=\/wp\/v2\/users\/1"}],"replies":[{"embeddable":true,"href":"https:\/\/dasmedienzentrum.org\/index.php?rest_route=%2Fwp%2Fv2%2Fcomments&post=1526"}],"version-history":[{"count":3,"href":"https:\/\/dasmedienzentrum.org\/index.php?rest_route=\/wp\/v2\/posts\/1526\/revisions"}],"predecessor-version":[{"id":1532,"href":"https:\/\/dasmedienzentrum.org\/index.php?rest_route=\/wp\/v2\/posts\/1526\/revisions\/1532"}],"wp:attachment":[{"href":"https:\/\/dasmedienzentrum.org\/index.php?rest_route=%2Fwp%2Fv2%2Fmedia&parent=1526"}],"wp:term":[{"taxonomy":"category","embeddable":true,"href":"https:\/\/dasmedienzentrum.org\/index.php?rest_route=%2Fwp%2Fv2%2Fcategories&post=1526"},{"taxonomy":"post_tag","embeddable":true,"href":"https:\/\/dasmedienzentrum.org\/index.php?rest_route=%2Fwp%2Fv2%2Ftags&post=1526"}],"curies":[{"name":"wp","href":"https:\/\/api.w.org\/{rel}","templated":true}]}}