{"id":1551,"date":"2024-02-05T14:15:27","date_gmt":"2024-02-05T13:15:27","guid":{"rendered":"https:\/\/dasmedienzentrum.org\/?p=1551"},"modified":"2024-02-08T18:39:22","modified_gmt":"2024-02-08T17:39:22","slug":"wie-junge-zielgruppen-wieder-zu-radio-bringen-eine-nicht-unerhebliche-frage-auch-fuer-das-mediamarketing","status":"publish","type":"post","link":"https:\/\/dasmedienzentrum.org\/?p=1551","title":{"rendered":"Wie junge Zielgruppen wieder zu Radio bringen?                    Eine nicht unerhebliche Frage auch f\u00fcr das Mediamarketing."},"content":{"rendered":"\n<figure class=\"wp-block-image size-full is-resized\"><img loading=\"lazy\" decoding=\"async\" width=\"1024\" height=\"1024\" src=\"https:\/\/dasmedienzentrum.org\/wp-content\/uploads\/2024\/02\/nightcafe-3-maenner.jpg\" alt=\"\" class=\"wp-image-1552\" style=\"width:675px;height:auto\" srcset=\"https:\/\/dasmedienzentrum.org\/wp-content\/uploads\/2024\/02\/nightcafe-3-maenner.jpg 1024w, https:\/\/dasmedienzentrum.org\/wp-content\/uploads\/2024\/02\/nightcafe-3-maenner-300x300.jpg 300w, https:\/\/dasmedienzentrum.org\/wp-content\/uploads\/2024\/02\/nightcafe-3-maenner-150x150.jpg 150w, https:\/\/dasmedienzentrum.org\/wp-content\/uploads\/2024\/02\/nightcafe-3-maenner-768x768.jpg 768w, https:\/\/dasmedienzentrum.org\/wp-content\/uploads\/2024\/02\/nightcafe-3-maenner-100x100.jpg 100w\" sizes=\"auto, (max-width: 767px) 89vw, (max-width: 1000px) 54vw, (max-width: 1071px) 543px, 580px\" \/><\/figure>\n\n\n\n<p>Nightcaf\u00e9, Auf einem Bein h\u00f6rt es sich nicht gut &#8230;.<br><\/p>\n\n\n\n<p><strong>Kurzergebnisse eines \u201eMicro-Trottoirs\u201c wie die Franzosen f\u00fcr eine Kurzumfrage sagen.<\/strong><\/p>\n\n\n\n<p>Drei m\u00e4nnliche Jugendliche sitzen auf einer Parkbank an einem Montagmittag und daddeln auf ihren Handys. Kommentare \u201eGeil, schau mal \u2026\u201c etc. . Spontane Frage des Passanten, der just eine Recherche erstellt zu dem Thema \u201eRadio \u2013 und Audionutzung jugendlicher Zielgruppen im Dezennienvergleich\u201c: \u201eHi, Verzeihung, ich h\u00e4tte da mal eine Frage: Wann habt ihr zum letzten Mal Radio wo geh\u00f6rt?\u201c<\/p>\n\n\n\n<p>Junger Man No. 1: \u201eHeute fr\u00fch im Auto. Mit meiner Mutter.\u201c<br>Junger Mann No. 3: \u201eJa, ich auch. Auf dem Schulweg im Auto meiner Mutter.\u201c<br>Junger Mann No. 2: \u201eJa, im Auto heute fr\u00fch \u2026. Auch, mit meiner Mutter.\u201c Da diese Kurzbefragung im Speckg\u00fcrtel Frankfurts erfolgte, handelt es sich hier nicht um eine durch den \u00d6PNV schlecht versorgte Region. Brave Muttis \u2026.. Aber das ist ein anderes Helikopter- und bestimmt auch \u00d6ko-Thema.<\/p>\n\n\n\n<p><strong>Wie sieht es denn aus mit der Radionutzung der 14 bis 29-J\u00e4hrigen? Am besten im Vergleich der letzten Dezennien?<\/strong><\/p>\n\n\n\n<p>Eine Auswertung der Studie ARD ZDF-Massenkommunikation zeigt die deutliche Abweichung junger Zielgruppen im Vergleich zu den \u00c4lteren bei der reinen Radionutzung im Berichtszeitraum 2022-2023: Die Nutzungsdauer in Minuten Radio live h\u00f6ren belief sich nur auf die H\u00e4lfte der Zeit aller Befragten mit 71 Minuten t\u00e4glich f\u00fcr die 14 bis 29-J\u00e4hrigen. Zeitversetztes Radio- und Podcasth\u00f6ren machten nur einen geringen Anteil aus mit zus\u00e4tzlichen 22 Minuten.<\/p>\n\n\n\n<figure class=\"wp-block-image size-large\"><img loading=\"lazy\" decoding=\"async\" width=\"1024\" height=\"674\" src=\"https:\/\/dasmedienzentrum.org\/wp-content\/uploads\/2024\/02\/tagesreichweite-und-nutzungsdauer-ard-zdf-masskomm-22-23-1024x674.png\" alt=\"\" class=\"wp-image-1575\" srcset=\"https:\/\/dasmedienzentrum.org\/wp-content\/uploads\/2024\/02\/tagesreichweite-und-nutzungsdauer-ard-zdf-masskomm-22-23-1024x674.png 1024w, https:\/\/dasmedienzentrum.org\/wp-content\/uploads\/2024\/02\/tagesreichweite-und-nutzungsdauer-ard-zdf-masskomm-22-23-300x198.png 300w, https:\/\/dasmedienzentrum.org\/wp-content\/uploads\/2024\/02\/tagesreichweite-und-nutzungsdauer-ard-zdf-masskomm-22-23-768x506.png 768w, https:\/\/dasmedienzentrum.org\/wp-content\/uploads\/2024\/02\/tagesreichweite-und-nutzungsdauer-ard-zdf-masskomm-22-23-1536x1011.png 1536w, https:\/\/dasmedienzentrum.org\/wp-content\/uploads\/2024\/02\/tagesreichweite-und-nutzungsdauer-ard-zdf-masskomm-22-23.png 1596w\" sizes=\"auto, (max-width: 767px) 89vw, (max-width: 1000px) 54vw, (max-width: 1071px) 543px, 580px\" \/><\/figure>\n\n\n\n<p>J\u00fcngste Ergebnisse aus der Reichweitenforschung zeigen zwar, dass es vermutlich bedingt durch eine h\u00f6here Mobilit\u00e4t nach Corona und damit verbunden zu einer R\u00fcckkehr zu gewohnten Alltagsroutinen kam. Neuerdings wird daf\u00fcr weniger Musik-Streaming genutzt.<\/p>\n\n\n\n<p>Die Gruppe der 14- bis 29-J\u00e4hrigen verbringt 10 Minuten mehr pro Tag mit klassischen, linearen Radioangeboten gegen\u00fcber dem Erfassungszeitraum 2022. Insgesamt handelt es sich bei diesen Nutzungsmenge um die satte H\u00e4lfte der durchschnittlichen Radionutzungszeit aller Altersgruppen. Und das zeigt signifikant eine Abkehr von dem Medium.<\/p>\n\n\n\n<p><strong>Wie lauten nun die Strategien der Radioanbieter?<\/strong><\/p>\n\n\n\n<figure class=\"wp-block-image size-full\"><img loading=\"lazy\" decoding=\"async\" width=\"619\" height=\"681\" src=\"https:\/\/dasmedienzentrum.org\/wp-content\/uploads\/2024\/02\/bjoernroehn.png\" alt=\"\" class=\"wp-image-1555\" srcset=\"https:\/\/dasmedienzentrum.org\/wp-content\/uploads\/2024\/02\/bjoernroehn.png 619w, https:\/\/dasmedienzentrum.org\/wp-content\/uploads\/2024\/02\/bjoernroehn-273x300.png 273w\" sizes=\"auto, (max-width: 619px) 100vw, 619px\" \/><\/figure>\n\n\n\n<p>Radio NRJ-Deutschland Social Media-Chef Bj\u00f6rn R\u00f6hn berichtet von einem auf TikTok ausgeschriebenen Casting mit dem der Gewinner eine Radiosendung gewinnen konnte. Damit erzielte Effekte lauteten: Branding f\u00fcr die Marke, potentielle Nachwuchstalente identifizieren und gegebenenfalls rekrutieren, neue Programminhalte ausprobieren. Eine weitere Strategie bestand darin, einen dezidierten Channel K-Pop-Channel zu lancieren und somit einen \u201eFu\u00df in der T\u00fcr\u201c zu neuen Formaten zu haben. Mit speziellen Streaming-Audioangeboten lassen sich generell neue Formate testen.<\/p>\n\n\n\n<p>Valerie Weber von Audiotainment S\u00fcdwest empfiehlt die Auftritte von Radio Influencern ins Auge zu nehmen, um zu erkennen, was, wo wie l\u00e4uft. Eine Strategie, die nicht nur Radio NRJ erfolgreich umgesetzt hat und prominenten Akteuren einen B\u00fchne bot wie \u201edieser.johnny\u201c und \u201ePaulomuc\u201c. Beide bringen es nach Angaben des NRJ-Mannes auf respektable Followerzahlen, die an die 2 Millionen heranreichen.<\/p>\n\n\n\n<figure class=\"wp-block-image size-full\"><img loading=\"lazy\" decoding=\"async\" width=\"920\" height=\"442\" src=\"https:\/\/dasmedienzentrum.org\/wp-content\/uploads\/2024\/02\/dieser-johnny.png\" alt=\"\" class=\"wp-image-1557\" srcset=\"https:\/\/dasmedienzentrum.org\/wp-content\/uploads\/2024\/02\/dieser-johnny.png 920w, https:\/\/dasmedienzentrum.org\/wp-content\/uploads\/2024\/02\/dieser-johnny-300x144.png 300w, https:\/\/dasmedienzentrum.org\/wp-content\/uploads\/2024\/02\/dieser-johnny-768x369.png 768w\" sizes=\"auto, (max-width: 767px) 89vw, (max-width: 1000px) 54vw, (max-width: 1071px) 543px, 580px\" \/><\/figure>\n\n\n\n<figure class=\"wp-block-image size-large\"><img loading=\"lazy\" decoding=\"async\" width=\"694\" height=\"1024\" src=\"https:\/\/dasmedienzentrum.org\/wp-content\/uploads\/2024\/02\/paulomuc-on-tiktok-694x1024.png\" alt=\"\" class=\"wp-image-1558\" srcset=\"https:\/\/dasmedienzentrum.org\/wp-content\/uploads\/2024\/02\/paulomuc-on-tiktok-694x1024.png 694w, https:\/\/dasmedienzentrum.org\/wp-content\/uploads\/2024\/02\/paulomuc-on-tiktok-203x300.png 203w, https:\/\/dasmedienzentrum.org\/wp-content\/uploads\/2024\/02\/paulomuc-on-tiktok-768x1133.png 768w, https:\/\/dasmedienzentrum.org\/wp-content\/uploads\/2024\/02\/paulomuc-on-tiktok.png 981w\" sizes=\"auto, (max-width: 694px) 100vw, 694px\" \/><\/figure>\n\n\n\n<p>Nicht von der Hand zu weisen sind \u201eNebenbei-Effekte\u201c des Heranziehens neuer Akteure f\u00fcr die Werbung. Radiosender k\u00f6nnen sich weitere Umsatzquellen erschlie\u00dfen durch Social Media, Banner- und Textfeldwerbung auf der Website, durch das Erstellen von Videos mit Werbeinsertionen, Pre- und Postrolls und anderen Werbeformen. Nicht zu untersch\u00e4tzen ist auch der Umstand, dass manche Ziel-Kunden nicht unbedingt \u00fcber ein Radiowerbebudget verf\u00fcgen, doch aber \u00fcber den Kommunikationskanal social und digital zu gewinnen sind. Bei der fast entstandenen Allmacht der GAFAs lassen sich viele neue Kunden und neue Umsatzpotentiale erschlie\u00dfen. Man denke da nur beispielsweise an die franz\u00f6sische La Poste, die sich verlorengegangene Kunden durch kreative Marketingma\u00dfnahmen zur\u00fcckholt und zur Bekanntmachung ihrer Aktivit\u00e4ten Radio ben\u00f6tigt. Gemeint sind neue Angebote wie Umkleidekabinen f\u00fcr R\u00fccksendungen im E-Commerce, Agieren als Dienstleistungsdistributor f\u00fcr das Handwerk oder f\u00fcr Senioren. Im benachbarten Ausland funktioniert dies bereits. Auch Aktionen im LEH, wo die Handelskette Carrefour Rabattaktionen mit einem Streaminganbieter durchf\u00fchrt. Hier gibt es Chancen nicht nur f\u00fcr eine unmittelbare Bewerbung \u00fcber Radio sondern einen Einsatz solcher Marketingaktionen durch und mit Radio selbst. Dies als kleinen Exkurs zur Digitalen Transformation.<\/p>\n\n\n\n<figure class=\"wp-block-image size-full\"><img loading=\"lazy\" decoding=\"async\" width=\"848\" height=\"510\" src=\"https:\/\/dasmedienzentrum.org\/wp-content\/uploads\/2024\/02\/poppe-media-digi-transfo.png\" alt=\"\" class=\"wp-image-1572\" srcset=\"https:\/\/dasmedienzentrum.org\/wp-content\/uploads\/2024\/02\/poppe-media-digi-transfo.png 848w, https:\/\/dasmedienzentrum.org\/wp-content\/uploads\/2024\/02\/poppe-media-digi-transfo-300x180.png 300w, https:\/\/dasmedienzentrum.org\/wp-content\/uploads\/2024\/02\/poppe-media-digi-transfo-768x462.png 768w\" sizes=\"auto, (max-width: 767px) 89vw, (max-width: 1000px) 54vw, (max-width: 1071px) 543px, 580px\" \/><\/figure>\n\n\n\n<p>Zur\u00fcck zu den Nachwuchsmoderatoren: Auch wenn der Funkhausleiter Alexander Koller meint, \u201edass die Sender viele neue Talente ausprobieren M\u00dcSSEN, um das Beste nachfolgen zu lassen,\u201c w\u00fcrde er von angeblichem gr\u00f6\u00dferem Selbstbewusstsein aber Abstand nehmen. \u201cDie Pioniere waren die, die den gr\u00f6\u00dften Mut hatten und auch den gr\u00f6\u00dften Hang sich ins Schaufenster zu stellen bzw. B\u00fchnen zu vertreten &#8212; sie waren einfach extrovertierter. Das ist heute anders.\u201c Ihm zufolge ist eine Moderatorenstelle nicht unbedingt das, was die jungen Menschen anstreben. \u201e Wir m\u00fcssen manchmal die Hunde zum Jagen tragen. Wir haben junge talentierte Menschen, die sich zwar 100.000 H\u00f6rer \u00fcber das Mikrofon ansprechen trauen, sich aber nicht auf eine B\u00fchne mit 10 Zuschauern wagen.\u201c<\/p>\n\n\n\n<p>Was die \u00f6ffentlich-rechtlichen Sender anbelangt mit Puffpaff und Bokelberg (ex-Viva) 47 Jahre&#8230; so jung sind die auch nicht mehr. &nbsp;Der SWR3-Mann Constantin Z\u00f6ller passt ins Jugendschema und hat zudem noch eine Privatradio-Vergangenheit, nur, die hier angestellten \u00dcberlegungen betreffen vornehmlich just privatwirtschaftliche Radiosender.<\/p>\n\n\n\n<p><\/p>\n\n\n\n<figure class=\"wp-block-image size-large is-resized\"><img loading=\"lazy\" decoding=\"async\" width=\"1024\" height=\"844\" src=\"https:\/\/dasmedienzentrum.org\/wp-content\/uploads\/2024\/02\/koller-radioszene-FAB2020EINS-scaled-2-1024x844.jpg\" alt=\"\" class=\"wp-image-1563\" style=\"width:674px;height:auto\" srcset=\"https:\/\/dasmedienzentrum.org\/wp-content\/uploads\/2024\/02\/koller-radioszene-FAB2020EINS-scaled-2-1024x844.jpg 1024w, https:\/\/dasmedienzentrum.org\/wp-content\/uploads\/2024\/02\/koller-radioszene-FAB2020EINS-scaled-2-300x247.jpg 300w, https:\/\/dasmedienzentrum.org\/wp-content\/uploads\/2024\/02\/koller-radioszene-FAB2020EINS-scaled-2-768x633.jpg 768w, https:\/\/dasmedienzentrum.org\/wp-content\/uploads\/2024\/02\/koller-radioszene-FAB2020EINS-scaled-2-1536x1266.jpg 1536w, https:\/\/dasmedienzentrum.org\/wp-content\/uploads\/2024\/02\/koller-radioszene-FAB2020EINS-scaled-2-2048x1688.jpg 2048w\" sizes=\"auto, (max-width: 767px) 89vw, (max-width: 1000px) 54vw, (max-width: 1071px) 543px, 580px\" \/><\/figure>\n\n\n\n<p>Alexander Koller rechts mit Moderator<\/p>\n\n\n\n<p>Was die in \u00f6ffentlich-rechtlichen Sender anbelangt mit Puffpaff und Bokelberg (ex-Viva) 47 Jahre&#8230; so jung sind die auch nicht mehr. &nbsp;Der SWR3-Mann Constantin Z\u00f6ller passt ins Jugendschema und hat zudem noch eine Privatradio-Vergangenheit, nur, die hier angestellten \u00dcberlegungen betreffen vornehmlich just privatwirtschaftliche Radiosender.<\/p>\n\n\n\n<p>Es ist durchaus ok, wenn nicht sogar dringend empfehlenswert, dass gerade die privaten Radioanbieter auf neue Streaming-Channels setzen, die eingangs erw\u00e4hnten jungen Leute nutzen das Handy \u00fcberall, und Radio wird von ihnen sehr h\u00e4ufig mobil geh\u00f6rt. Laut einer Z\u00e4hlung durch das Unternehmen AIR SUPPLY in der 50. Kalenderwoche 2023 sind derzeit 1.769 Angebote aktiv. Es bieten sich also reichlich Spielfelder in Webradio-Submarken um Neues auszuprobieren in kuratierten Streams und somit um die Jungen wieder und noch mehr f\u00fcr Radio und Audio \u2013 und zwar in dieser Reihenfolge erstmal \u2013 zu gewinnen.<\/p>\n\n\n\n<p>Letztlich stellt sich noch die Frage des verl\u00e4sslichen Messens neuer und junger Formate. Wie ermittelt man \u2013 abweichend zu den allermeist von Juroren genutzten herk\u00f6mmlichen Kriterien wie Sprachkompetenz, Moderationstalent, Pers\u00f6nlichkeit und geschickte Auswahl der Themen \u2013 wie die jungen Moderatoren tats\u00e4chlich bei der Zielgruppe ankommen? Die zur Verf\u00fcgung stehenden mittlerweile nicht mehr so innovativen Instrumente lauten neben Logfile-Analyse und Sentiment Analysis, eine sogenannte &#8218;emotion engine&#8216;, und Fokusgruppengespr\u00e4che. Nur, deren Einsatz steht vor den H\u00fcrden Repr\u00e4sentativit\u00e4t und Kosten. Eine Anfrage bei den Veranstaltern von \u201eTraut euch! \u2026.\u201c &nbsp;Kompliment an die Gewinnerin, Sarah Edelmann, an dieser Stelle, blieb leider ohne Antwort. Ob weitere Instrumente wie sie das K\u00f6lner Mafo-Unternehmen September nennt &#8222;: Psychologische Tiefeninterviews, Einzelexplorationen, Gruppendiskussionen im Marktforschungs-Studio oder im nat\u00fcrlichen Umfeld&#8220; beispielsweise f\u00fcr die Auswahl der Gewinner des Radiopreises genutzt wurden, war im Laufe der Recherche nicht zu erfahren.<\/p>\n\n\n\n<figure class=\"wp-block-image size-large\"><img loading=\"lazy\" decoding=\"async\" width=\"1024\" height=\"608\" src=\"https:\/\/dasmedienzentrum.org\/wp-content\/uploads\/2024\/02\/planetradiocut-1024x608.png\" alt=\"\" class=\"wp-image-1597\" srcset=\"https:\/\/dasmedienzentrum.org\/wp-content\/uploads\/2024\/02\/planetradiocut-1024x608.png 1024w, https:\/\/dasmedienzentrum.org\/wp-content\/uploads\/2024\/02\/planetradiocut-300x178.png 300w, https:\/\/dasmedienzentrum.org\/wp-content\/uploads\/2024\/02\/planetradiocut-768x456.png 768w, https:\/\/dasmedienzentrum.org\/wp-content\/uploads\/2024\/02\/planetradiocut.png 1374w\" sizes=\"auto, (max-width: 767px) 89vw, (max-width: 1000px) 54vw, (max-width: 1071px) 543px, 580px\" \/><\/figure>\n\n\n\n<p>Anders sieht es aus bei Planet Radio, wie man aus Bad Vilbel bei Frankfurt am Main h\u00f6rt. Zum Einsatz kommen dort begleitend zu laufenden Erhebungen der Agma, die befasst ist mit der Messung der Massenkommunikation und als Standard f\u00fcr Media-Analysen in Deutschland gilt, parallel laufende Analysen des H\u00f6rfunkangebots. Durchgef\u00fchrt von einem \u2013 nicht genannten &#8211; Mafo-Unternehmen werden begleitend zur Ma aber in k\u00fcrzeren 2- oder 4-Wochenabst\u00e4nden Analysen des Programms durchgef\u00fchrt mittels Logfile-Analysen, Tagebucherhebungen, Befragungen ausgesuchter Personen und Telefoninterviews zum Beispiel. Anbieter hierf\u00fcr in Deutschland hei\u00dfen Ifak, Kantar oder ebrand nur um einige zu nennen. Mit Sicherheit steht mit dieser Strategie Hit Radio FFH mit Planet Radio nicht alleine. Zumindest die gro\u00dfen H\u00f6rfunkanbieter analysieren wohl durchaus konstant die Resonanz ihres Angebots. Es ist verst\u00e4ndlich, dass diese Aktivit\u00e4ten und vor allem die Ergebnisse eher unter der Decke bleiben.<\/p>\n\n\n\n<figure class=\"wp-block-image size-large\"><img loading=\"lazy\" decoding=\"async\" width=\"1024\" height=\"432\" src=\"https:\/\/dasmedienzentrum.org\/wp-content\/uploads\/2024\/02\/3mafoinstitutecut-1024x432.png\" alt=\"\" class=\"wp-image-1595\" srcset=\"https:\/\/dasmedienzentrum.org\/wp-content\/uploads\/2024\/02\/3mafoinstitutecut-1024x432.png 1024w, https:\/\/dasmedienzentrum.org\/wp-content\/uploads\/2024\/02\/3mafoinstitutecut-300x126.png 300w, https:\/\/dasmedienzentrum.org\/wp-content\/uploads\/2024\/02\/3mafoinstitutecut-768x324.png 768w, https:\/\/dasmedienzentrum.org\/wp-content\/uploads\/2024\/02\/3mafoinstitutecut.png 1502w\" sizes=\"auto, (max-width: 767px) 89vw, (max-width: 1000px) 54vw, (max-width: 1071px) 543px, 580px\" \/><\/figure>\n\n\n\n<p>Aus dem zentralen Radioverband in Berlin ist zu h\u00f6ren, dass man auf jeden Fall nachvollziehbar und mit validen Messkriterien die einzelnen Produktionen der im Radiopreis im Wettbewerb stehenden Beitr\u00e4ge bewertet aber keinen Effie-Award vergibt. Dieser w\u00fcrdigt den <strong>tats\u00e4chlichen Erfolg<\/strong> einer Kampagne, gemessen an ihren messbaren Ergebnissen wie Effizienz und Wirtschaftlichkeit der Marketingaktivit\u00e4ten f\u00fcr Filme anders als zum Beispiel das Cannes Lions Festival, das sich auf die Kreativit\u00e4t und Innovation der Kampagnen fokussiert. Ein Punkt beim Effie lautet: &#8222;Cultural relevance &#8211;&nbsp;Did the campaign tap into current cultural trends and resonate with the zeitgeist?&#8220; <br>Und da w\u00e4ren wir bei der in dieser Betrachtung vorherrschenden Frage: Ist heutiges Radio noch zeitgem\u00e4\u00df f\u00fcr junge Zielgruppen? Eine weitere Frage lautet: Sind die Radiopreis-Juroren tatschlich auf dem Laufenden was die Youngsters wollen und m\u00f6gen? Laut Auskunft des Mafo-Unternehmens  &#8218;September&#8216; liegen die Kosten im unteren f\u00fcnfstelligen \u20ac-Bereich f\u00fcr eine Messung der Attraktivit\u00e4t neuer Radioformate. Die Firma berichtet von einer Inanspruchnahme ihrer Dienstleistungen durch einige ARD-Anstalten. Wo bleiben da die Privaten?<\/p>\n\n\n\n<p>Bild: Das ist nicht Sarah \ud83d\ude42 Dalle 2<\/p>\n\n\n\n<figure class=\"wp-block-image size-full\"><img loading=\"lazy\" decoding=\"async\" width=\"1024\" height=\"1024\" src=\"https:\/\/dasmedienzentrum.org\/wp-content\/uploads\/2024\/02\/DALL\u00b7E-2024-02-05-14.02.33-ERSTELLE-EIN-fotorealistsiches-BILD-mit-einer-jungen-weiblichen-preisgewinnerin-auf-der-buehne-sie-ist-gluecklich.-ihr-gegenueber-steht-ein-junger-mann-m.png\" alt=\"\" class=\"wp-image-1566\" srcset=\"https:\/\/dasmedienzentrum.org\/wp-content\/uploads\/2024\/02\/DALL\u00b7E-2024-02-05-14.02.33-ERSTELLE-EIN-fotorealistsiches-BILD-mit-einer-jungen-weiblichen-preisgewinnerin-auf-der-buehne-sie-ist-gluecklich.-ihr-gegenueber-steht-ein-junger-mann-m.png 1024w, https:\/\/dasmedienzentrum.org\/wp-content\/uploads\/2024\/02\/DALL\u00b7E-2024-02-05-14.02.33-ERSTELLE-EIN-fotorealistsiches-BILD-mit-einer-jungen-weiblichen-preisgewinnerin-auf-der-buehne-sie-ist-gluecklich.-ihr-gegenueber-steht-ein-junger-mann-m-300x300.png 300w, https:\/\/dasmedienzentrum.org\/wp-content\/uploads\/2024\/02\/DALL\u00b7E-2024-02-05-14.02.33-ERSTELLE-EIN-fotorealistsiches-BILD-mit-einer-jungen-weiblichen-preisgewinnerin-auf-der-buehne-sie-ist-gluecklich.-ihr-gegenueber-steht-ein-junger-mann-m-150x150.png 150w, https:\/\/dasmedienzentrum.org\/wp-content\/uploads\/2024\/02\/DALL\u00b7E-2024-02-05-14.02.33-ERSTELLE-EIN-fotorealistsiches-BILD-mit-einer-jungen-weiblichen-preisgewinnerin-auf-der-buehne-sie-ist-gluecklich.-ihr-gegenueber-steht-ein-junger-mann-m-768x768.png 768w, https:\/\/dasmedienzentrum.org\/wp-content\/uploads\/2024\/02\/DALL\u00b7E-2024-02-05-14.02.33-ERSTELLE-EIN-fotorealistsiches-BILD-mit-einer-jungen-weiblichen-preisgewinnerin-auf-der-buehne-sie-ist-gluecklich.-ihr-gegenueber-steht-ein-junger-mann-m-100x100.png 100w\" sizes=\"auto, (max-width: 767px) 89vw, (max-width: 1000px) 54vw, (max-width: 1071px) 543px, 580px\" \/><\/figure>\n\n\n\n<p><strong>Ein Res\u00fcmee dieses Betrags lautet also:<br><\/strong>Die Radionutzung bei jungen Zielgruppen sinkt. Strategien einiger Radioanbieter gegen den Reichweitenverlust lauten: Einsatz von Social Media,&nbsp;Casting auf TikTok,&nbsp;K-Pop-Channel,&nbsp;Einsatz und Aufbau von Radio-Influencern somit zugleich Erschlie\u00dfung neuer Umsatzquellen:&nbsp;Social-Media-Werbung,&nbsp;Kooperationen mit Streaminganbietern. F\u00f6rderung junger Talente:&nbsp;Nachwuchsf\u00f6rderung,&nbsp;neue Moderatorenformate. Experimentieren mit neuen Formaten:&nbsp;Streaming-Channels,&nbsp;kuratierte Webradio-Submarken.Die Herausforderungen lauten unter anderem: Aufbau neuer Nischenprogramme und F\u00f6rderung junger Talente, Messung des Erfolgs neuer Formate bei gegebenen H\u00fcrden wie Kosten und Repr\u00e4sentanz.<\/p>\n\n\n\n<p>Dieser Beitrag wurde von Helmut Poppe erstellt als Hintergrundrecherche f\u00fcr zwei Kongresse und Kooperationspartner redtech.pro, Paris Radio Show und Radiohouse.fr<br><br><strong>Helmut Poppe<\/strong> ist seit Beginn der deutschen Privatfunkgeschichte mit dabei. Er begann seine Berufskarriere bei einem Kabelanbieter Mitte der 80er Jahre in Berlin, wechselte anschlie\u00dfend zu Stationen in Vertrieb und Marketing bei RPR und Studio Gong. Bei IPA, einem der gro\u00dfen H\u00f6rfunkvermarkter &#8211; privat und ARD zugleich &#8211; sammelte er als Verkaufsdirektor internationale Erfahrung, die er anschlie\u00dfend im Digitalgesch\u00e4ft ausbaute bei einem Vorl\u00e4ufer von arcor\/Vodafone namens germany.net. Auch dort agierte er als Pionier und zwar im Digital Advertising. Nach einer Zwischenstation &#8218;im Staatsauftrag&#8216; mit der Aufgabe, digitale Formen der Kooperation und des Lernens  in das deutsche Bildungswesen zu bringen &#8211; hierbei spielten bemerkenswerterweise Verfahren aus der Kommunikationsforschung eine besondere Rolle &#8211;  ist er seit einigen Jahren wieder im Radiobusiness unterwegs. Er tritt dort als Host des Videoblogs #RadioSalesWeekly auf und verfolgt mit Pers\u00f6nlichkeiten aus der Branche ausgew\u00e4hlte Entwicklungen der Medienbranche.<\/p>\n\n\n\n<figure class=\"wp-block-image size-full\"><a href=\"https:\/\/www.redtech.pro\/category\/events\/\"><img loading=\"lazy\" decoding=\"async\" width=\"552\" height=\"199\" src=\"https:\/\/dasmedienzentrum.org\/wp-content\/uploads\/2024\/02\/redtech-pro.png\" alt=\"\" class=\"wp-image-1578\" srcset=\"https:\/\/dasmedienzentrum.org\/wp-content\/uploads\/2024\/02\/redtech-pro.png 552w, https:\/\/dasmedienzentrum.org\/wp-content\/uploads\/2024\/02\/redtech-pro-300x108.png 300w\" sizes=\"auto, (max-width: 552px) 100vw, 552px\" \/><\/a><\/figure>\n\n\n\n<figure class=\"wp-block-image size-large\"><a href=\"https:\/\/www.radiohouse.fr\/en\/\"><img loading=\"lazy\" decoding=\"async\" width=\"1024\" height=\"461\" src=\"https:\/\/dasmedienzentrum.org\/wp-content\/uploads\/2024\/02\/podcast-und-radiohouse-1024x461.png\" alt=\"\" class=\"wp-image-1577\" srcset=\"https:\/\/dasmedienzentrum.org\/wp-content\/uploads\/2024\/02\/podcast-und-radiohouse-1024x461.png 1024w, https:\/\/dasmedienzentrum.org\/wp-content\/uploads\/2024\/02\/podcast-und-radiohouse-300x135.png 300w, https:\/\/dasmedienzentrum.org\/wp-content\/uploads\/2024\/02\/podcast-und-radiohouse-768x346.png 768w, https:\/\/dasmedienzentrum.org\/wp-content\/uploads\/2024\/02\/podcast-und-radiohouse-1536x692.png 1536w, https:\/\/dasmedienzentrum.org\/wp-content\/uploads\/2024\/02\/podcast-und-radiohouse-2048x923.png 2048w\" sizes=\"auto, (max-width: 767px) 89vw, (max-width: 1000px) 54vw, (max-width: 1071px) 543px, 580px\" \/><\/a><\/figure>\n\n\n\n<figure class=\"wp-block-image size-large\"><a href=\"https:\/\/www.parisradioshow.com\/\"><img loading=\"lazy\" decoding=\"async\" width=\"1024\" height=\"292\" src=\"https:\/\/dasmedienzentrum.org\/wp-content\/uploads\/2024\/02\/parisradioshow24-1024x292.png\" alt=\"\" class=\"wp-image-1568\" srcset=\"https:\/\/dasmedienzentrum.org\/wp-content\/uploads\/2024\/02\/parisradioshow24-1024x292.png 1024w, https:\/\/dasmedienzentrum.org\/wp-content\/uploads\/2024\/02\/parisradioshow24-300x86.png 300w, https:\/\/dasmedienzentrum.org\/wp-content\/uploads\/2024\/02\/parisradioshow24-768x219.png 768w, https:\/\/dasmedienzentrum.org\/wp-content\/uploads\/2024\/02\/parisradioshow24-1536x439.png 1536w, https:\/\/dasmedienzentrum.org\/wp-content\/uploads\/2024\/02\/parisradioshow24.png 1979w\" sizes=\"auto, (max-width: 767px) 89vw, (max-width: 1000px) 54vw, (max-width: 1071px) 543px, 580px\" \/><\/a><\/figure>\n\n\n\n<p><strong>Summary of this article:<\/strong><\/p>\n\n\n\n<ul class=\"wp-block-list\">\n<li>Radio usage among young target groups is declining.<\/li>\n\n\n\n<li>Strategies of some radio providers against the loss of reach include:\n<ul class=\"wp-block-list\">\n<li>Use of social media<\/li>\n\n\n\n<li>Casting on TikTok<\/li>\n\n\n\n<li>K-Pop channels<\/li>\n\n\n\n<li>Use and development of radio influencers<\/li>\n\n\n\n<li>Development of new revenue streams:\n<ul class=\"wp-block-list\">\n<li>Social media advertising<\/li>\n\n\n\n<li>Cooperations with streaming providers<\/li>\n<\/ul>\n<\/li>\n\n\n\n<li>Promotion of young talents:\n<ul class=\"wp-block-list\">\n<li>Talent development<\/li>\n\n\n\n<li>New moderator formats<\/li>\n<\/ul>\n<\/li>\n<\/ul>\n<\/li>\n\n\n\n<li>Experimenting with new formats:\n<ul class=\"wp-block-list\">\n<li>Streaming channels<\/li>\n\n\n\n<li>Curated web radio sub-brands<\/li>\n<\/ul>\n<\/li>\n<\/ul>\n\n\n\n<p><strong>The challenges include:<\/strong><\/p>\n\n\n\n<ul class=\"wp-block-list\">\n<li>Development of new niche programs and promotion of young talents<\/li>\n\n\n\n<li>Measuring the success of new formats given hurdles such as costs and representation<\/li>\n<\/ul>\n\n\n\n<p><strong>This article was written by Helmut Poppe as background research for two congresses and cooperation partners redtech.pro, Paris Radio Show and Radiohouse.fr<\/strong><\/p>\n\n\n\n<figure class=\"wp-block-image size-full\"><img loading=\"lazy\" decoding=\"async\" width=\"137\" height=\"138\" src=\"https:\/\/dasmedienzentrum.org\/wp-content\/uploads\/2024\/02\/hpoppe-qr-code.png\" alt=\"\" class=\"wp-image-1570\" srcset=\"https:\/\/dasmedienzentrum.org\/wp-content\/uploads\/2024\/02\/hpoppe-qr-code.png 137w, https:\/\/dasmedienzentrum.org\/wp-content\/uploads\/2024\/02\/hpoppe-qr-code-100x100.png 100w\" sizes=\"auto, (max-width: 137px) 100vw, 137px\" \/><\/figure>\n","protected":false},"excerpt":{"rendered":"<p>Nightcaf\u00e9, Auf einem Bein h\u00f6rt es sich nicht gut &#8230;. Kurzergebnisse eines \u201eMicro-Trottoirs\u201c wie die Franzosen f\u00fcr eine Kurzumfrage sagen. Drei m\u00e4nnliche Jugendliche sitzen auf einer Parkbank an einem Montagmittag und daddeln auf ihren Handys. Kommentare \u201eGeil, schau mal \u2026\u201c etc. . Spontane Frage des Passanten, der just eine Recherche erstellt zu dem Thema \u201eRadio &hellip; <\/p>\n<p class=\"link-more\"><a href=\"https:\/\/dasmedienzentrum.org\/?p=1551\" class=\"more-link\"><span class=\"screen-reader-text\">\u201eWie junge Zielgruppen wieder zu Radio bringen?                    Eine nicht unerhebliche Frage auch f\u00fcr das Mediamarketing.\u201c<\/span> weiterlesen<\/a><\/p>\n","protected":false},"author":1,"featured_media":0,"comment_status":"closed","ping_status":"closed","sticky":false,"template":"","format":"standard","meta":{"footnotes":""},"categories":[1],"tags":[],"class_list":["post-1551","post","type-post","status-publish","format-standard","hentry","category-allgemein"],"_links":{"self":[{"href":"https:\/\/dasmedienzentrum.org\/index.php?rest_route=\/wp\/v2\/posts\/1551","targetHints":{"allow":["GET"]}}],"collection":[{"href":"https:\/\/dasmedienzentrum.org\/index.php?rest_route=\/wp\/v2\/posts"}],"about":[{"href":"https:\/\/dasmedienzentrum.org\/index.php?rest_route=\/wp\/v2\/types\/post"}],"author":[{"embeddable":true,"href":"https:\/\/dasmedienzentrum.org\/index.php?rest_route=\/wp\/v2\/users\/1"}],"replies":[{"embeddable":true,"href":"https:\/\/dasmedienzentrum.org\/index.php?rest_route=%2Fwp%2Fv2%2Fcomments&post=1551"}],"version-history":[{"count":26,"href":"https:\/\/dasmedienzentrum.org\/index.php?rest_route=\/wp\/v2\/posts\/1551\/revisions"}],"predecessor-version":[{"id":1600,"href":"https:\/\/dasmedienzentrum.org\/index.php?rest_route=\/wp\/v2\/posts\/1551\/revisions\/1600"}],"wp:attachment":[{"href":"https:\/\/dasmedienzentrum.org\/index.php?rest_route=%2Fwp%2Fv2%2Fmedia&parent=1551"}],"wp:term":[{"taxonomy":"category","embeddable":true,"href":"https:\/\/dasmedienzentrum.org\/index.php?rest_route=%2Fwp%2Fv2%2Fcategories&post=1551"},{"taxonomy":"post_tag","embeddable":true,"href":"https:\/\/dasmedienzentrum.org\/index.php?rest_route=%2Fwp%2Fv2%2Ftags&post=1551"}],"curies":[{"name":"wp","href":"https:\/\/api.w.org\/{rel}","templated":true}]}}