{"id":1602,"date":"2024-03-20T11:03:59","date_gmt":"2024-03-20T10:03:59","guid":{"rendered":"https:\/\/dasmedienzentrum.org\/?p=1602"},"modified":"2024-03-20T11:03:59","modified_gmt":"2024-03-20T10:03:59","slug":"bescheidene-deutsche-medienlandschaft","status":"publish","type":"post","link":"https:\/\/dasmedienzentrum.org\/?p=1602","title":{"rendered":"Bescheidene deutsche Medienlandschaft"},"content":{"rendered":"\n<p><strong>Frankreichs Medienmilliard\u00e4re<\/strong><br>Nette Spitzen, wenn es um Medienmacht franz\u00f6sischer Milliard\u00e4re geht: In einer Anh\u00f6rung der Aufsichtsbeh\u00f6rde Arcom, befragtwegen vorgeworfener einseitiger und populistischer Inhalte auf seinem Sender C8 , meinte Moderator Cyril Hanouna: &#8222;Sie haben die Zeit \u00fcberschritten, Madame, wenn Sie in Fort Boyard\u00a0 (reichweitenstarke Unterhaltungssendung) gewesen w\u00e4ren, h\u00e4tten Sie den Schl\u00fcssel verloren&#8220;, seine Antwort an eine Abgeordnete. Hanouna startete seine Karriere im Radio., ist also recht schlagfertig.<br><\/p>\n\n\n\n<figure class=\"wp-block-image size-full\"><img loading=\"lazy\" decoding=\"async\" width=\"633\" height=\"855\" src=\"https:\/\/dasmedienzentrum.org\/wp-content\/uploads\/2024\/03\/Pieds_dans_le_plat_hanouna_2_cropped.jpg\" alt=\"\" class=\"wp-image-1603\" srcset=\"https:\/\/dasmedienzentrum.org\/wp-content\/uploads\/2024\/03\/Pieds_dans_le_plat_hanouna_2_cropped.jpg 633w, https:\/\/dasmedienzentrum.org\/wp-content\/uploads\/2024\/03\/Pieds_dans_le_plat_hanouna_2_cropped-222x300.jpg 222w\" sizes=\"auto, (max-width: 633px) 100vw, 633px\" \/><\/figure>\n\n\n\n<p>Als er dem RN-Abgeordneten Philippe Ballard &#8211; einem ehemaligen LCI-Journalisten &#8211; gegen\u00fcberstand, der ihm versicherte, dass man sich nach dem Fernsehen &#8222;umorientieren&#8220; k\u00f6nne, am\u00fcsierte er sich: &#8222;Also, ja, man kann sich umorientieren. Vielleicht sitze ich in zwei Jahren an Ihrer Stelle und&nbsp;befrage auch einen ex-Moderator ..&#8220;.<\/p>\n\n\n\n<figure class=\"wp-block-image size-large\"><img loading=\"lazy\" decoding=\"async\" width=\"1024\" height=\"524\" src=\"https:\/\/dasmedienzentrum.org\/wp-content\/uploads\/2024\/03\/Logo_C8_2016.svg_-1024x524.png\" alt=\"\" class=\"wp-image-1604\" srcset=\"https:\/\/dasmedienzentrum.org\/wp-content\/uploads\/2024\/03\/Logo_C8_2016.svg_-1024x524.png 1024w, https:\/\/dasmedienzentrum.org\/wp-content\/uploads\/2024\/03\/Logo_C8_2016.svg_-300x154.png 300w, https:\/\/dasmedienzentrum.org\/wp-content\/uploads\/2024\/03\/Logo_C8_2016.svg_-768x393.png 768w, https:\/\/dasmedienzentrum.org\/wp-content\/uploads\/2024\/03\/Logo_C8_2016.svg_-1536x787.png 1536w, https:\/\/dasmedienzentrum.org\/wp-content\/uploads\/2024\/03\/Logo_C8_2016.svg_-2048x1049.png 2048w\" sizes=\"auto, (max-width: 767px) 89vw, (max-width: 1000px) 54vw, (max-width: 1071px) 543px, 580px\" \/><\/figure>\n\n\n\n<p>Bollor\u00e9s Vivendi-Konzern hat im Portfolio: Bezahlsender Canal+, Radiosender Europe 1, Illustrierte \u201eParis Match\u201c und die Sonntagszeitung \u201eJournal du Dimanche\u201c, und\u00a0Hachette, die wichtigste Verlagsgruppe in Frankreich.<br><\/p>\n\n\n\n<p><\/p>\n\n\n\n<p>K\u00fcrzlich wurde Bollor\u00e9 zusammen mit Elon Musk im \u00c9lys\u00e9e-Palast empfangen. Anlass war die Auszeichnung des Unternehmers Bernard Arnault mit dem Gro\u00dfkreuz der Ehrenlegion durch Pr\u00e4sident Macron. Arnault geh\u00f6rt das Wirtschaftsblatt \u201eLes \u00c9chos\u201c und die Tageszeitung \u201eLe Parisien\u201c. Demn\u00e4chst verkauft ihm Bollor\u00e9 \u201eParis Match\u201c, eine franz\u00f6sische, w\u00f6chentlich erscheinende Illustrierte.<br><\/p>\n\n\n\n<p><strong>Medienmacht der Milliard\u00e4re<\/strong><br>Der Marseiller Reeder Rodolphe Saad\u00e9 besitzt die s\u00fcdfranz\u00f6sische Regionalzeitung \u201eLa Provence\u201c , die Wirtschaftszeitung \u201eLa Tribune\u201c und hat gerade den Nachrichtensender BFM-TV erworben (ein Teil davon veranstaltet eine Radioprogramm namens Radio RMC). Das R\u00fcstungsunternehmen Dassault kontrolliert \u201eLe Figaro\u201c, der TK-Unternehmer Xavier Niel ist an \u201eLe Monde\u201c beteiligt. Der Industrielle Martin Bouygues besitzt den gr\u00f6\u00dften privaten Fernsehsender TF1.<\/p>\n\n\n\n<figure class=\"wp-block-image size-large\"><img loading=\"lazy\" decoding=\"async\" width=\"1024\" height=\"1024\" src=\"https:\/\/dasmedienzentrum.org\/wp-content\/uploads\/2024\/03\/collage_sender-1024x1024.png\" alt=\"\" class=\"wp-image-1606\" srcset=\"https:\/\/dasmedienzentrum.org\/wp-content\/uploads\/2024\/03\/collage_sender-1024x1024.png 1024w, https:\/\/dasmedienzentrum.org\/wp-content\/uploads\/2024\/03\/collage_sender-300x300.png 300w, https:\/\/dasmedienzentrum.org\/wp-content\/uploads\/2024\/03\/collage_sender-150x150.png 150w, https:\/\/dasmedienzentrum.org\/wp-content\/uploads\/2024\/03\/collage_sender-768x768.png 768w, https:\/\/dasmedienzentrum.org\/wp-content\/uploads\/2024\/03\/collage_sender-1536x1536.png 1536w, https:\/\/dasmedienzentrum.org\/wp-content\/uploads\/2024\/03\/collage_sender-2048x2048.png 2048w, https:\/\/dasmedienzentrum.org\/wp-content\/uploads\/2024\/03\/collage_sender-100x100.png 100w\" sizes=\"auto, (max-width: 767px) 89vw, (max-width: 1000px) 54vw, (max-width: 1071px) 543px, 580px\" \/><\/figure>\n\n\n\n<p>Was sind wir doch so bescheiden in unserer deutschen Medienlandschaft aufgehoben.<\/p>\n","protected":false},"excerpt":{"rendered":"<p>Frankreichs Medienmilliard\u00e4reNette Spitzen, wenn es um Medienmacht franz\u00f6sischer Milliard\u00e4re geht: In einer Anh\u00f6rung der Aufsichtsbeh\u00f6rde Arcom, befragtwegen vorgeworfener einseitiger und populistischer Inhalte auf seinem Sender C8 , meinte Moderator Cyril Hanouna: &#8222;Sie haben die Zeit \u00fcberschritten, Madame, wenn Sie in Fort Boyard\u00a0 (reichweitenstarke Unterhaltungssendung) gewesen w\u00e4ren, h\u00e4tten Sie den Schl\u00fcssel verloren&#8220;, seine Antwort an eine &hellip; <\/p>\n<p class=\"link-more\"><a href=\"https:\/\/dasmedienzentrum.org\/?p=1602\" class=\"more-link\"><span class=\"screen-reader-text\">\u201eBescheidene deutsche Medienlandschaft\u201c<\/span> weiterlesen<\/a><\/p>\n","protected":false},"author":1,"featured_media":0,"comment_status":"closed","ping_status":"closed","sticky":false,"template":"","format":"standard","meta":{"footnotes":""},"categories":[1],"tags":[303,301,299,300,302,298],"class_list":["post-1602","post","type-post","status-publish","format-standard","hentry","category-allgemein","tag-arcom","tag-arnault","tag-bollore","tag-dassault","tag-hanouna","tag-niel"],"_links":{"self":[{"href":"https:\/\/dasmedienzentrum.org\/index.php?rest_route=\/wp\/v2\/posts\/1602","targetHints":{"allow":["GET"]}}],"collection":[{"href":"https:\/\/dasmedienzentrum.org\/index.php?rest_route=\/wp\/v2\/posts"}],"about":[{"href":"https:\/\/dasmedienzentrum.org\/index.php?rest_route=\/wp\/v2\/types\/post"}],"author":[{"embeddable":true,"href":"https:\/\/dasmedienzentrum.org\/index.php?rest_route=\/wp\/v2\/users\/1"}],"replies":[{"embeddable":true,"href":"https:\/\/dasmedienzentrum.org\/index.php?rest_route=%2Fwp%2Fv2%2Fcomments&post=1602"}],"version-history":[{"count":2,"href":"https:\/\/dasmedienzentrum.org\/index.php?rest_route=\/wp\/v2\/posts\/1602\/revisions"}],"predecessor-version":[{"id":1607,"href":"https:\/\/dasmedienzentrum.org\/index.php?rest_route=\/wp\/v2\/posts\/1602\/revisions\/1607"}],"wp:attachment":[{"href":"https:\/\/dasmedienzentrum.org\/index.php?rest_route=%2Fwp%2Fv2%2Fmedia&parent=1602"}],"wp:term":[{"taxonomy":"category","embeddable":true,"href":"https:\/\/dasmedienzentrum.org\/index.php?rest_route=%2Fwp%2Fv2%2Fcategories&post=1602"},{"taxonomy":"post_tag","embeddable":true,"href":"https:\/\/dasmedienzentrum.org\/index.php?rest_route=%2Fwp%2Fv2%2Ftags&post=1602"}],"curies":[{"name":"wp","href":"https:\/\/api.w.org\/{rel}","templated":true}]}}