{"id":1672,"date":"2024-10-03T12:51:58","date_gmt":"2024-10-03T10:51:58","guid":{"rendered":"https:\/\/dasmedienzentrum.org\/?p=1672"},"modified":"2024-10-04T14:09:33","modified_gmt":"2024-10-04T12:09:33","slug":"der-mann-der-den-privatfunk-nicht-anhielt","status":"publish","type":"post","link":"https:\/\/dasmedienzentrum.org\/?p=1672","title":{"rendered":"Der Mann, der den Privatfunk nicht anhielt"},"content":{"rendered":"\n<figure class=\"wp-block-image size-full\"><a href=\"https:\/\/www.ardmediathek.de\/video\/aktuelle-kamera\/nachrichten-verlese-protestschreiben-von-helmut-poppe-an-us-befehlshaber-wegen-grenzverletzung-besuch-der-ddr-ausstellung-auf-wiener-herbstmesse\/ard\/YnJpZDovL2RyYS5kZS9tZWRpYXRoZWsvcHVibGljYXRpb24vNTUxODk\"><img loading=\"lazy\" decoding=\"async\" width=\"425\" height=\"680\" src=\"https:\/\/dasmedienzentrum.org\/wp-content\/uploads\/2024\/10\/stadtkommandant.jpeg\" alt=\"\" class=\"wp-image-1674\" srcset=\"https:\/\/dasmedienzentrum.org\/wp-content\/uploads\/2024\/10\/stadtkommandant.jpeg 425w, https:\/\/dasmedienzentrum.org\/wp-content\/uploads\/2024\/10\/stadtkommandant-188x300.jpeg 188w\" sizes=\"auto, (max-width: 425px) 100vw, 425px\" \/><\/a><\/figure>\n\n\n\n<p>Ok, vielleicht ist der Titel ein wenig hochgegriffen, aber die Geschichte ist trotzdem erw\u00e4hnenswert \u2013 besonders am Tag der Deutschen Einheit, an dem wir uns gerne an historische Momente erinnern.<\/p>\n\n\n\n<p><strong>Eine Reise in den Herbst 1984<\/strong><\/p>\n\n\n\n<p>Es war ein Freitag im Herbst 1984. Als junger Privatfunker auf dem Weg von Berlin nach Frankfurt am Main. Alles lief glatt, bis man am Grenz\u00fcbergang nach der Avus ankam und pl\u00f6tzlich feststellte: Huch, den Pass vergessen! Und nicht nur das, auch ein wichtiger Passierschein war darin.<\/p>\n\n\n\n<p><strong>Ein unerwarteter Namensvetter<\/strong><\/p>\n\n\n\n<p>Die ostdeutschen Grenzbeamten waren bekanntlich nicht gerade f\u00fcr ihre Freundlichkeit ber\u00fchmt. Doch an diesem Tag geschah etwas Seltsames. Der Grenzbeamte, der den Pass des Privatfunkers vermisste, rief erstaunt seinem Kollegen in der Wachkabine zu: \u201eDa ist ein gewisser Namensvetter \u2013 Helmut Poppe, der Generalmajor.\u201c Zu meiner \u00dcberraschung winkten sie einen freundlich und respektvoll durch, obwohl in einem westdeutschen Daimler sitzend (es war der Wagen des Chefs \ud83d\ude0a).<\/p>\n\n\n\n<p><strong>Die Anf\u00e4nge des Privatfunks<\/strong><\/p>\n\n\n\n<p>In den fr\u00fchen 80er Jahren entstanden in M\u00fcnchen und Berlin die ersten Privatradios. Die eigene Aufgabe war es, f\u00fcr den Sender \u201eRadio Petticoat\u201c Werbezeiten zu akquirieren. Der erster Kunde war ein Spielwarenh\u00e4ndler, der unbedingt wollte, dass die Hintergrundmusik seines Spots mit einer hauseigenen Elektroorgel untermalt wird. Kunde Nummer zwei war dann schon ein, Nestl\u00e9. Da war man schon ein bisschen stolz, auch wenn die Mediakosten des Kunden \u00fcber einen anderen Etat geleistet wurden.<\/p>\n\n\n\n<p><strong>Die ersten Schritte in Mediasales<\/strong><\/p>\n\n\n\n<p>Diese ersten Erfahrungen in Berlin waren mehr als wertvoll. Sie f\u00fchrten dazu, dass nach zwei Karrierezwischenschritten leitende Marketingpositionen erklommen wurden bei gro\u00dfen Anbietern, darunter auch ein internationales. Weiter ging es dann mit dem Internet, von dem man anfangs bei Ogilvy\/Mindshare skeptisch erfuhr. Aber das ist eine andere Geschichte.<\/p>\n\n\n\n<p><strong>Fazit<\/strong><\/p>\n\n\n\n<p>Auch wenn man nicht der Mann ist, der den Privatfunk nicht anhielt, so habe ich doch meinen kleinen Beitrag zur Geschichte des deutschen Rundfunks geleistet. Und wer wei\u00df, vielleicht gibt es noch viele weitere Geschichten, die es wert sind, erz\u00e4hlt zu werden \u2013 mit einem Augenzwinkern nat\u00fcrlich.<\/p>\n\n\n\n<p>Die Deutsche Einheit wurde offiziell am 3. Oktober 1990 verk\u00fcndet.&nbsp; Die Verk\u00fcndung der Einheit wurde in den Medien, einschlie\u00dflich des Radios, umfassend berichtet und gefeiert. Man selbst sa\u00df an diesem Abend im Auto auf dem Weg zur\u00fcck von G\u00fctersloh \u2026 na, welches Medienunternehmen hat dort seinen Sitz?<\/p>\n\n\n\n<p><\/p>\n\n\n\n<p><strong>@Radiozentrale @studiogong<\/strong> <strong>#RPR1 @VAUNETpresse&nbsp; &nbsp;#RadioSalesWeekly&nbsp;#ARDmediathek<\/strong> <strong>#TearDownTheWalls &nbsp;#HelmutPoppe<\/strong><\/p>\n\n\n\n<figure class=\"wp-block-image size-large\"><img loading=\"lazy\" decoding=\"async\" width=\"1024\" height=\"445\" src=\"https:\/\/dasmedienzentrum.org\/wp-content\/uploads\/2024\/10\/radiopetticoat-1024x445.jpg\" alt=\"\" class=\"wp-image-1675\" srcset=\"https:\/\/dasmedienzentrum.org\/wp-content\/uploads\/2024\/10\/radiopetticoat-1024x445.jpg 1024w, https:\/\/dasmedienzentrum.org\/wp-content\/uploads\/2024\/10\/radiopetticoat-300x130.jpg 300w, https:\/\/dasmedienzentrum.org\/wp-content\/uploads\/2024\/10\/radiopetticoat-768x334.jpg 768w, https:\/\/dasmedienzentrum.org\/wp-content\/uploads\/2024\/10\/radiopetticoat-1536x667.jpg 1536w, https:\/\/dasmedienzentrum.org\/wp-content\/uploads\/2024\/10\/radiopetticoat.jpg 1634w\" sizes=\"auto, (max-width: 767px) 89vw, (max-width: 1000px) 54vw, (max-width: 1071px) 543px, 580px\" \/><\/figure>\n\n\n\n<p><\/p>\n\n\n\n<p><strong>L\u2019homme qui n\u2019a pas arr\u00eat\u00e9 la radio priv\u00e9e<\/strong><\/p>\n\n\n\n<p>D\u2019accord, peut-\u00eatre que le titre est un peu exag\u00e9r\u00e9, mais l\u2019histoire m\u00e9rite quand m\u00eame d\u2019\u00eatre mentionn\u00e9e \u2013 surtout le jour de l\u2019Unit\u00e9 allemande, o\u00f9 nous aimons nous souvenir des moments historiques.<\/p>\n\n\n\n<p><strong>Un voyage \u00e0 l\u2019automne 1984<\/strong><\/p>\n\n\n\n<p>C\u2019\u00e9tait un vendredi \u00e0 l\u2019automne 1984. En tant que jeune radiodiffuseur priv\u00e9 en route de Berlin \u00e0 Francfort-sur-le-Main. Tout se passait bien jusqu\u2019\u00e0 ce qu\u2019on arrive au poste fronti\u00e8re apr\u00e8s l\u2019Avus et qu\u2019on se rende soudain compte : Oups, le passeport oubli\u00e9 ! Et pas seulement \u00e7a, un important laissez-passer y \u00e9tait aussi.<\/p>\n\n\n\n<p><strong>Un homonyme inattendu<\/strong><\/p>\n\n\n\n<p>Les gardes-fronti\u00e8res est-allemands n\u2019\u00e9taient pas vraiment connus pour leur amabilit\u00e9. Mais ce jour-l\u00e0, quelque chose d\u2019\u00e9trange s\u2019est produit. Le garde-fronti\u00e8re, qui cherchait le passeport du radiodiffuseur priv\u00e9, a appel\u00e9 \u00e9tonn\u00e9 son coll\u00e8gue dans la cabine de garde : \u00ab Il y a un certain homonyme \u2013 Helmut Poppe, le g\u00e9n\u00e9ral-major. \u00bb \u00c0 ma grande surprise, ils m\u2019ont fait passer amicalement et respectueusement, bien que j\u2019\u00e9tais assis dans une Mercedes-Benz ouest-allemande (c\u2019\u00e9tait la voiture du patron \ud83d\ude0a).<\/p>\n\n\n\n<p><strong>Les d\u00e9buts de la radio priv\u00e9e<\/strong><\/p>\n\n\n\n<p>Au d\u00e9but des ann\u00e9es 80, les premi\u00e8res radios priv\u00e9es ont vu le jour \u00e0 Munich et \u00e0 Berlin. Ma t\u00e2che \u00e9tait d\u2019acqu\u00e9rir des temps publicitaires pour la station \u00ab Radio Petticoat \u00bb. Le premier client \u00e9tait un marchand de jouets qui voulait absolument que la musique de fond de son spot soit jou\u00e9e sur un orgue \u00e9lectronique maison. Le deuxi\u00e8me client \u00e9tait d\u00e9j\u00e0 Nestl\u00e9. On \u00e9tait d\u00e9j\u00e0 un peu fier, m\u00eame si les co\u00fbts m\u00e9diatiques du client \u00e9taient couverts par un autre budget.<\/p>\n\n\n\n<p><strong>Les premiers pas dans les ventes m\u00e9dias<\/strong><\/p>\n\n\n\n<p>Ces premi\u00e8res exp\u00e9riences \u00e0 Berlin ont \u00e9t\u00e9 plus que pr\u00e9cieuses. Elles ont conduit, apr\u00e8s deux \u00e9tapes interm\u00e9diaires de carri\u00e8re, \u00e0 des postes de direction marketing chez de grands fournisseurs, y compris un international. Ensuite, il y a eu Internet, dont on a d\u2019abord entendu parler avec scepticisme chez Ogilvy\/Mindshare. Mais c\u2019est une autre histoire.<\/p>\n\n\n\n<p><strong>Conclusion<\/strong><\/p>\n\n\n\n<p>M\u00eame si je ne suis pas l\u2019homme qui a arr\u00eat\u00e9 la radio priv\u00e9e, j\u2019ai quand m\u00eame apport\u00e9 ma petite contribution \u00e0 l\u2019histoire de la radiodiffusion allemande. Et qui sait, il y a peut-\u00eatre encore beaucoup d\u2019autres histoires qui valent la peine d\u2019\u00eatre racont\u00e9es \u2013 avec un clin d\u2019\u0153il bien s\u00fbr.<\/p>\n\n\n\n<p>L\u2019Unit\u00e9 allemande a \u00e9t\u00e9 officiellement proclam\u00e9e le 3 octobre 1990. La proclamation de l\u2019unit\u00e9 a \u00e9t\u00e9 largement rapport\u00e9e et c\u00e9l\u00e9br\u00e9e dans les m\u00e9dias, y compris \u00e0 la radio. Ce soir-l\u00e0, j\u2019\u00e9tais en voiture sur le chemin du retour de G\u00fctersloh\u2026 alors, quelle entreprise de m\u00e9dias y a son si\u00e8ge ?<\/p>\n\n\n\n<p>@Radiozentrale @studiogong #RPR1 @VAUNETpresse #RadioSalesWeekly #ARDmediathek #TearDownTheWalls #HelmutPoppe<\/p>\n\n\n\n<hr class=\"wp-block-separator has-alpha-channel-opacity\"\/>\n\n\n\n<p><\/p>\n","protected":false},"excerpt":{"rendered":"<p>Ok, vielleicht ist der Titel ein wenig hochgegriffen, aber die Geschichte ist trotzdem erw\u00e4hnenswert \u2013 besonders am Tag der Deutschen Einheit, an dem wir uns gerne an historische Momente erinnern. Eine Reise in den Herbst 1984 Es war ein Freitag im Herbst 1984. Als junger Privatfunker auf dem Weg von Berlin nach Frankfurt am Main. &hellip; <\/p>\n<p class=\"link-more\"><a href=\"https:\/\/dasmedienzentrum.org\/?p=1672\" class=\"more-link\"><span class=\"screen-reader-text\">\u201eDer Mann, der den Privatfunk nicht anhielt\u201c<\/span> weiterlesen<\/a><\/p>\n","protected":false},"author":1,"featured_media":0,"comment_status":"closed","ping_status":"closed","sticky":false,"template":"","format":"standard","meta":{"footnotes":""},"categories":[1],"tags":[],"class_list":["post-1672","post","type-post","status-publish","format-standard","hentry","category-allgemein"],"_links":{"self":[{"href":"https:\/\/dasmedienzentrum.org\/index.php?rest_route=\/wp\/v2\/posts\/1672","targetHints":{"allow":["GET"]}}],"collection":[{"href":"https:\/\/dasmedienzentrum.org\/index.php?rest_route=\/wp\/v2\/posts"}],"about":[{"href":"https:\/\/dasmedienzentrum.org\/index.php?rest_route=\/wp\/v2\/types\/post"}],"author":[{"embeddable":true,"href":"https:\/\/dasmedienzentrum.org\/index.php?rest_route=\/wp\/v2\/users\/1"}],"replies":[{"embeddable":true,"href":"https:\/\/dasmedienzentrum.org\/index.php?rest_route=%2Fwp%2Fv2%2Fcomments&post=1672"}],"version-history":[{"count":8,"href":"https:\/\/dasmedienzentrum.org\/index.php?rest_route=\/wp\/v2\/posts\/1672\/revisions"}],"predecessor-version":[{"id":1684,"href":"https:\/\/dasmedienzentrum.org\/index.php?rest_route=\/wp\/v2\/posts\/1672\/revisions\/1684"}],"wp:attachment":[{"href":"https:\/\/dasmedienzentrum.org\/index.php?rest_route=%2Fwp%2Fv2%2Fmedia&parent=1672"}],"wp:term":[{"taxonomy":"category","embeddable":true,"href":"https:\/\/dasmedienzentrum.org\/index.php?rest_route=%2Fwp%2Fv2%2Fcategories&post=1672"},{"taxonomy":"post_tag","embeddable":true,"href":"https:\/\/dasmedienzentrum.org\/index.php?rest_route=%2Fwp%2Fv2%2Ftags&post=1672"}],"curies":[{"name":"wp","href":"https:\/\/api.w.org\/{rel}","templated":true}]}}