{"id":1686,"date":"2024-10-21T13:58:20","date_gmt":"2024-10-21T11:58:20","guid":{"rendered":"https:\/\/dasmedienzentrum.org\/?p=1686"},"modified":"2024-11-01T09:43:50","modified_gmt":"2024-11-01T08:43:50","slug":"grandiose-stimmen-zum-ausklang-der-buchmesse","status":"publish","type":"post","link":"https:\/\/dasmedienzentrum.org\/?p=1686","title":{"rendered":"Grandiose Stimmen zum Ausklang der Buchmesse"},"content":{"rendered":"\n<p><strong>Wenn es mit italienischer Musik 10.000 Menschen vom Hocker rei\u00dft. In der Frankfurter Festhalle sangen drei begnadete junge M\u00e4nner und zeigten, was Italianit\u00e0 bedeutet.<\/strong><\/p>\n\n\n\n<figure class=\"wp-block-image size-large is-resized\"><img loading=\"lazy\" decoding=\"async\" width=\"1024\" height=\"582\" src=\"https:\/\/dasmedienzentrum.org\/wp-content\/uploads\/2024\/10\/IlVolo_20150520_ESC_2015_Il_Volo_8866-1024x582.jpg\" alt=\"\" class=\"wp-image-1687\" style=\"width:674px;height:auto\" srcset=\"https:\/\/dasmedienzentrum.org\/wp-content\/uploads\/2024\/10\/IlVolo_20150520_ESC_2015_Il_Volo_8866-1024x582.jpg 1024w, https:\/\/dasmedienzentrum.org\/wp-content\/uploads\/2024\/10\/IlVolo_20150520_ESC_2015_Il_Volo_8866-300x171.jpg 300w, https:\/\/dasmedienzentrum.org\/wp-content\/uploads\/2024\/10\/IlVolo_20150520_ESC_2015_Il_Volo_8866-768x437.jpg 768w, https:\/\/dasmedienzentrum.org\/wp-content\/uploads\/2024\/10\/IlVolo_20150520_ESC_2015_Il_Volo_8866-1536x874.jpg 1536w, https:\/\/dasmedienzentrum.org\/wp-content\/uploads\/2024\/10\/IlVolo_20150520_ESC_2015_Il_Volo_8866.jpg 1920w\" sizes=\"auto, (max-width: 767px) 89vw, (max-width: 1000px) 54vw, (max-width: 1071px) 543px, 580px\" \/><\/figure>\n\n\n\n<p>Il Volo &#8211; vor einigen Jahren<\/p>\n\n\n\n<p><\/p>\n\n\n\n<p>Die Buchmesse Frankfurt 2024 stand unter dem Zeichen des Gastlandes Italien, und nicht ganz nebenbei liefen einige musikalische Highlights aus dem Land, wo die Zitronen bl\u00fchen. \u00dcber das Puccimi-Konzert&nbsp;in der vergangenen Woche berichtete Frankfurt-Live bereits. Die letzte musikalische Note setzte ein Trio junger M\u00e4nner mit Liedern aus der Gegenwart, italienischen und internationalen St\u00fccken. Es war spa\u00dfig zuzuh\u00f6ren, wie die drei sich untereinander auf der B\u00fchne neckten. So meinte einer von ihnen nach einem machtvollen Gesangsbeitrag des Kollegen &#8222;Aus dir wird noch mal was!&#8220;<\/p>\n\n\n\n<figure class=\"wp-block-image size-full\"><img loading=\"lazy\" decoding=\"async\" width=\"1000\" height=\"504\" src=\"https:\/\/dasmedienzentrum.org\/wp-content\/uploads\/2024\/10\/lichtermeer2-2.png\" alt=\"\" class=\"wp-image-1688\" srcset=\"https:\/\/dasmedienzentrum.org\/wp-content\/uploads\/2024\/10\/lichtermeer2-2.png 1000w, https:\/\/dasmedienzentrum.org\/wp-content\/uploads\/2024\/10\/lichtermeer2-2-300x151.png 300w, https:\/\/dasmedienzentrum.org\/wp-content\/uploads\/2024\/10\/lichtermeer2-2-768x387.png 768w\" sizes=\"auto, (max-width: 767px) 89vw, (max-width: 1000px) 54vw, (max-width: 1071px) 543px, 580px\" \/><\/figure>\n\n\n\n<p>Lichtermeer &#8211; eindeutig erlaubt<br><br>Weiteres Humorvolles gab es auch zum deutschen Publikum. Da lassen wir aber l\u00e4chelnd Silenzio walten. Insgesamt hatte man den Eindruck, alleine schon durch ein &#8218;Applaudimeter&#8216;, dass die italienischen Besucher in der 10.000 Menschen fassenden Festhalle in der eindeutigen Mehrzahl waren. Beim Herausfahren der Tiefgarage sah man viele Kennzeichen weiter entlegener deutschen St\u00e4dte, allerdings nur einen Cinquecento, und der kam&nbsp;aus dem Taunus.<\/p>\n\n\n\n<figure class=\"wp-block-image size-full\"><img loading=\"lazy\" decoding=\"async\" width=\"429\" height=\"954\" src=\"https:\/\/dasmedienzentrum.org\/wp-content\/uploads\/2024\/10\/cinquecento-Kopie.jpg\" alt=\"\" class=\"wp-image-1689\" srcset=\"https:\/\/dasmedienzentrum.org\/wp-content\/uploads\/2024\/10\/cinquecento-Kopie.jpg 429w, https:\/\/dasmedienzentrum.org\/wp-content\/uploads\/2024\/10\/cinquecento-Kopie-135x300.jpg 135w\" sizes=\"auto, (max-width: 429px) 100vw, 429px\" \/><\/figure>\n\n\n\n<p>Fiat 500 &#8211; ganz allein<\/p>\n\n\n\n<p><strong>Zu den drei von Il Volo<\/strong><\/p>\n\n\n\n<p>Seit ihrem Auftritt auf der internationalen B\u00fchne im Jahr 2010 hat sich das italienische Operntrio &#8218;I Volo&#8216; (der Flug, gab es da etwa einen Zusammenhang mit dem&nbsp;Klassiker &#8218;Volare&#8216;?) als einer der gr\u00f6\u00dften Namen im klassischen Crossover-Pop etabliert mit einem Sound, der traditionelle Oper, Pop, klassiche symphonische Musik und sogar Latin Music verbindet. Diese Namen darf man sich merken: Piero Barone, Ignazio Borschetto und Gianluca Ginoble.<\/p>\n\n\n\n<p>F\u00fcr diejenigen, die nicht kommen konnten: die Gruppe hat leider nur ganz wenige Auftritte in Deutschland, da sei ein entspanntes Zuh\u00f6ren zu Hause empfohlen. Die bekannten Streamingdienste bieten zahlreiche Aufzeichnungen&nbsp;f\u00fcr ein Mitschwingen zu typisch Italienischem: der Kultur, Lebensart und Werte unserer&nbsp;<em>amici<\/em>. Da kann man nur sagen &#8222;Mille Grazie&#8220;!<\/p>\n\n\n\n<p><a href=\"https:\/\/www.frankfurt-live.com\/grandiose-stimmen-zum-ausklang-der-buchmesse-170059.html\">Dieser Artikel erschien auch in Frankfurt-Live<\/a><\/p>\n","protected":false},"excerpt":{"rendered":"<p>Wenn es mit italienischer Musik 10.000 Menschen vom Hocker rei\u00dft. In der Frankfurter Festhalle sangen drei begnadete junge M\u00e4nner und zeigten, was Italianit\u00e0 bedeutet. Il Volo &#8211; vor einigen Jahren Die Buchmesse Frankfurt 2024 stand unter dem Zeichen des Gastlandes Italien, und nicht ganz nebenbei liefen einige musikalische Highlights aus dem Land, wo die Zitronen &hellip; <\/p>\n<p class=\"link-more\"><a href=\"https:\/\/dasmedienzentrum.org\/?p=1686\" class=\"more-link\"><span class=\"screen-reader-text\">\u201eGrandiose Stimmen zum Ausklang der Buchmesse\u201c<\/span> weiterlesen<\/a><\/p>\n","protected":false},"author":1,"featured_media":0,"comment_status":"closed","ping_status":"closed","sticky":false,"template":"","format":"standard","meta":{"footnotes":""},"categories":[1],"tags":[],"class_list":["post-1686","post","type-post","status-publish","format-standard","hentry","category-allgemein"],"_links":{"self":[{"href":"https:\/\/dasmedienzentrum.org\/index.php?rest_route=\/wp\/v2\/posts\/1686","targetHints":{"allow":["GET"]}}],"collection":[{"href":"https:\/\/dasmedienzentrum.org\/index.php?rest_route=\/wp\/v2\/posts"}],"about":[{"href":"https:\/\/dasmedienzentrum.org\/index.php?rest_route=\/wp\/v2\/types\/post"}],"author":[{"embeddable":true,"href":"https:\/\/dasmedienzentrum.org\/index.php?rest_route=\/wp\/v2\/users\/1"}],"replies":[{"embeddable":true,"href":"https:\/\/dasmedienzentrum.org\/index.php?rest_route=%2Fwp%2Fv2%2Fcomments&post=1686"}],"version-history":[{"count":2,"href":"https:\/\/dasmedienzentrum.org\/index.php?rest_route=\/wp\/v2\/posts\/1686\/revisions"}],"predecessor-version":[{"id":1692,"href":"https:\/\/dasmedienzentrum.org\/index.php?rest_route=\/wp\/v2\/posts\/1686\/revisions\/1692"}],"wp:attachment":[{"href":"https:\/\/dasmedienzentrum.org\/index.php?rest_route=%2Fwp%2Fv2%2Fmedia&parent=1686"}],"wp:term":[{"taxonomy":"category","embeddable":true,"href":"https:\/\/dasmedienzentrum.org\/index.php?rest_route=%2Fwp%2Fv2%2Fcategories&post=1686"},{"taxonomy":"post_tag","embeddable":true,"href":"https:\/\/dasmedienzentrum.org\/index.php?rest_route=%2Fwp%2Fv2%2Ftags&post=1686"}],"curies":[{"name":"wp","href":"https:\/\/api.w.org\/{rel}","templated":true}]}}