{"id":1729,"date":"2025-02-11T11:19:55","date_gmt":"2025-02-11T10:19:55","guid":{"rendered":"https:\/\/dasmedienzentrum.org\/?p=1729"},"modified":"2025-02-11T11:19:55","modified_gmt":"2025-02-11T10:19:55","slug":"5-maenner-und-2-avatare-radios-habt-mehr-mut-fuer-diskussionen","status":"publish","type":"post","link":"https:\/\/dasmedienzentrum.org\/?p=1729","title":{"rendered":"5 M\u00e4nner und 2 Avatare &#8211; Radios, habt mehr Mut f\u00fcr Diskussionen !"},"content":{"rendered":"\n<p><\/p>\n\n\n\n<p><\/p>\n\n\n\n<p><strong>H\u00f6rt man im Ausland und gerade bei unseren Nachbarn ins\u00a0 Programm hinein, gewinnt man den Eindruck, dass zum Beispiel bei den Frenchies, die schon ziemlich gesellig sind, gerade zur Mittagszeit Sendungen laufen, bei denen man denkt, heh, es ist Ap\u00e9ritifzeit!<\/strong><\/p>\n\n\n\n<p><strong>Solch eine Beschwingtheit scheinen die Menschen zu lieben, die Reichweiten zeigen es.<\/strong><\/p>\n\n\n\n<p><strong>Was kann Deutschland daraus lernen in einem Medienwettbewerbsumfeld, das durch digitale Angebote bestimmt ist und in dem Radio bei allen St\u00e4rken und vor allem angesichts der Macht des Auditiven trotzdem zur\u00fcckf\u00e4llt im Wettbewerb mit digitalen Besch\u00e4ftigungen?<\/strong><\/p>\n\n\n\n<p><strong>K\u00f6nnen Diskussionen wieder zu seiner alten Funktion zur\u00fcckf\u00fchren, n\u00e4mlich Talk of the Town zu sein ?<\/strong><\/p>\n\n\n\n<p><strong>Alexander, Andreas, Stephan, Michel und zwei Avatare pr\u00e4sentieren kurz und knackig ihre Sichtweise und beantworten Host Helmut Poppe zwei Fragen:<\/strong><\/p>\n\n\n\n<p><strong>#1:<\/strong><\/p>\n\n\n\n<p><strong>Findest du nicht, dass im deutschen Privatradio das Seichte zu viel Platz hat?<\/strong><\/p>\n\n\n\n<p><strong>(Ich erstelle regelm\u00e4\u00dfig Programm-checks national auch von Lokalanbietern, und mir str\u00e4uben sich die Haare)<\/strong><\/p>\n\n\n\n<p><strong>#2:<\/strong><\/p>\n\n\n\n<p><strong>W\u00e4re da nicht Platz \u2013 gerade in diesen heftigen Zeiten, die wir gerade erleben \u2013 f\u00fcr politische Diskussionen auch im Privatfunk?<\/strong><\/p>\n\n\n\n<p><strong>In Deutschland wird von den Kolleginnen und Kollegen in den Dimensionen Talk und Politik gedacht. Klar, es wird auch bei uns gebl\u00f6delt, aber bestenfalls ein paar S\u00e4tze lang und nicht in solcher Varianz und live. Es gibt in Frankreich 4 nationale Sender, die sich &#8218;radio d&#8217;opinion&#8216; nennen. Mit Stundenreichweiten in die Hunderttausende. Und Meinungen werden da engagiert durchgejagt.<\/strong><\/p>\n\n\n\n<p><strong>Was machen die zwei genannten Avatare in dem Gespr\u00e4ch? Keine Angst, sie quasseln nicht aus der Tiefe von Chat GPT oder Mistral. Ihnen wurden der Text in den Mund gelegt. Solch ein Verfahren hat eine gro\u00dfe Zukunft. Es lassen sich ganz hervorragend Szenarien und Castings entwickeln, langwierige und ungenaue Gespr\u00e4chsf\u00fchrungen werden vermieden. Die Sprecherinnen und Sprecher k\u00f6nnen ihren Part als Shortvideo liefern, ohne zu einem festen Zeitpunkt anzutreten. Und \u2026 ganz wichtig: Beleuchtungs- und Schminkprobleme fallen weg. RadioSalesWeekly &#8211; Proud to be a Pioneer! Vorneweg! Leading the Way!<\/strong><\/p>\n\n\n\n<p><\/p>\n\n\n\n<p><strong>Was machen die zwei genannten Avatare in dem Gespr\u00e4ch? Keine Angst, sie quasseln nicht aus der Tiefe von Chat GPT oder Mistral. Ihnen wurden der Text in den Mund gelegt. Solch ein Verfahren hat eine gro\u00dfe Zukunft. Es lassen sich ganz hervorragend Szenarien und Castings entwickeln, langwierige und ungenaue Gespr\u00e4chsf\u00fchrungen werden vermieden. Die Sprecherinnen und Sprecher k\u00f6nnen ihren Part als Shortvideo liefern, ohne zu einem festen Zeitpunkt anzutreten. Und \u2026 ganz wichtig: Beleuchtungs- und Schminkprobleme fallen weg. RadioSalesWeekly &#8211; Proud to be a Pioneer! Vorneweg! Leading the Way!<\/strong><\/p>\n\n\n\n<p><strong><a href=\"https:\/\/drive.google.com\/file\/d\/1F6J6xXAMi0pEwS6vIUYkR6LRMAPIoPte\/view?usp=sharing\">Hier geht es zum Audio<\/a><\/strong><\/p>\n","protected":false},"excerpt":{"rendered":"<p>H\u00f6rt man im Ausland und gerade bei unseren Nachbarn ins\u00a0 Programm hinein, gewinnt man den Eindruck, dass zum Beispiel bei den Frenchies, die schon ziemlich gesellig sind, gerade zur Mittagszeit Sendungen laufen, bei denen man denkt, heh, es ist Ap\u00e9ritifzeit! Solch eine Beschwingtheit scheinen die Menschen zu lieben, die Reichweiten zeigen es. Was kann Deutschland &hellip; <\/p>\n<p class=\"link-more\"><a href=\"https:\/\/dasmedienzentrum.org\/?p=1729\" class=\"more-link\"><span class=\"screen-reader-text\">\u201e5 M\u00e4nner und 2 Avatare &#8211; Radios, habt mehr Mut f\u00fcr Diskussionen !\u201c<\/span> weiterlesen<\/a><\/p>\n","protected":false},"author":1,"featured_media":0,"comment_status":"closed","ping_status":"closed","sticky":false,"template":"","format":"standard","meta":{"footnotes":""},"categories":[1],"tags":[],"class_list":["post-1729","post","type-post","status-publish","format-standard","hentry","category-allgemein"],"_links":{"self":[{"href":"https:\/\/dasmedienzentrum.org\/index.php?rest_route=\/wp\/v2\/posts\/1729","targetHints":{"allow":["GET"]}}],"collection":[{"href":"https:\/\/dasmedienzentrum.org\/index.php?rest_route=\/wp\/v2\/posts"}],"about":[{"href":"https:\/\/dasmedienzentrum.org\/index.php?rest_route=\/wp\/v2\/types\/post"}],"author":[{"embeddable":true,"href":"https:\/\/dasmedienzentrum.org\/index.php?rest_route=\/wp\/v2\/users\/1"}],"replies":[{"embeddable":true,"href":"https:\/\/dasmedienzentrum.org\/index.php?rest_route=%2Fwp%2Fv2%2Fcomments&post=1729"}],"version-history":[{"count":1,"href":"https:\/\/dasmedienzentrum.org\/index.php?rest_route=\/wp\/v2\/posts\/1729\/revisions"}],"predecessor-version":[{"id":1730,"href":"https:\/\/dasmedienzentrum.org\/index.php?rest_route=\/wp\/v2\/posts\/1729\/revisions\/1730"}],"wp:attachment":[{"href":"https:\/\/dasmedienzentrum.org\/index.php?rest_route=%2Fwp%2Fv2%2Fmedia&parent=1729"}],"wp:term":[{"taxonomy":"category","embeddable":true,"href":"https:\/\/dasmedienzentrum.org\/index.php?rest_route=%2Fwp%2Fv2%2Fcategories&post=1729"},{"taxonomy":"post_tag","embeddable":true,"href":"https:\/\/dasmedienzentrum.org\/index.php?rest_route=%2Fwp%2Fv2%2Ftags&post=1729"}],"curies":[{"name":"wp","href":"https:\/\/api.w.org\/{rel}","templated":true}]}}