{"id":1731,"date":"2025-02-14T11:11:28","date_gmt":"2025-02-14T10:11:28","guid":{"rendered":"https:\/\/dasmedienzentrum.org\/?p=1731"},"modified":"2025-02-24T12:25:57","modified_gmt":"2025-02-24T11:25:57","slug":"5-maenner-und-2-avatare-radios-habt-mehr-mut-zu-diskussionen","status":"publish","type":"post","link":"https:\/\/dasmedienzentrum.org\/?p=1731","title":{"rendered":"5 M\u00e4nner und 2 Avatare &#8211; Radios, habt mehr Mut zu Diskussionen!"},"content":{"rendered":"\n<figure class=\"wp-block-image size-full is-resized\"><img loading=\"lazy\" decoding=\"async\" width=\"1024\" height=\"1024\" src=\"https:\/\/dasmedienzentrum.org\/wp-content\/uploads\/2025\/02\/A-man-in-80s-style-with-a-blonde-hairdo-sitting-casually-at-the-steering-wheel-of-an-Opel-with-his-left-arm-casually-hanging-out-of-the-window.jpg\" alt=\"\" class=\"wp-image-1732\" style=\"width:415px;height:auto\" srcset=\"https:\/\/dasmedienzentrum.org\/wp-content\/uploads\/2025\/02\/A-man-in-80s-style-with-a-blonde-hairdo-sitting-casually-at-the-steering-wheel-of-an-Opel-with-his-left-arm-casually-hanging-out-of-the-window.jpg 1024w, https:\/\/dasmedienzentrum.org\/wp-content\/uploads\/2025\/02\/A-man-in-80s-style-with-a-blonde-hairdo-sitting-casually-at-the-steering-wheel-of-an-Opel-with-his-left-arm-casually-hanging-out-of-the-window-300x300.jpg 300w, https:\/\/dasmedienzentrum.org\/wp-content\/uploads\/2025\/02\/A-man-in-80s-style-with-a-blonde-hairdo-sitting-casually-at-the-steering-wheel-of-an-Opel-with-his-left-arm-casually-hanging-out-of-the-window-150x150.jpg 150w, https:\/\/dasmedienzentrum.org\/wp-content\/uploads\/2025\/02\/A-man-in-80s-style-with-a-blonde-hairdo-sitting-casually-at-the-steering-wheel-of-an-Opel-with-his-left-arm-casually-hanging-out-of-the-window-768x768.jpg 768w, https:\/\/dasmedienzentrum.org\/wp-content\/uploads\/2025\/02\/A-man-in-80s-style-with-a-blonde-hairdo-sitting-casually-at-the-steering-wheel-of-an-Opel-with-his-left-arm-casually-hanging-out-of-the-window-100x100.jpg 100w\" sizes=\"auto, (max-width: 767px) 89vw, (max-width: 1000px) 54vw, (max-width: 1071px) 543px, 580px\" \/><\/figure>\n\n\n\n<p><strong>Der Manta-Fahrer wurde zum Talk of the Town auf Hit Radio FFH<\/strong><br>Alexander, Andreas, Stephan, Michel und zwei Avatare pr\u00e4sentieren kurz und knackig ihre Sichtweise und beantworten Host Helmut Poppe zwei Fragen: #1: Findest du nicht, dass im deutschen Privatradio das Seichte zu viel Platz hat? (Ich erstelle regelm\u00e4\u00dfig Programm-checks national auch von Lokalanbietern, und mir str\u00e4uben sich die Haare) #2: W\u00e4re da nicht Platz \u2013 gerade in diesen heftigen Zeiten, die wir gerade erleben \u2013 f\u00fcr Debatten, gerne auch mit politischem Hintergrund auch im Privatfunk? Podcasts sind nicht unbedingt ein Ersatzkanal. Es geht um Live, ALLE und feeling.<\/p>\n\n\n\n<p>Im Videocast \u2013 No. 121 RadioSalesWeekly mittlerweile \u2013 werden Alternativen demonstriert.&nbsp; An die Programmmacher und Gesch\u00e4ftsleitungen: Mehr Mut!<\/p>\n\n\n\n<p><strong>Zusatz-Info: Sie sehen ein Casting und eine Inszenierung mit 2 Avataren. Neue M\u00f6glichkeiten. Keine Angst, den zwei wurden die Beitr\u00e4ge \u201ein den Mund gelegt\u201c,&nbsp; nichts aus Chat GPT oder Mistral.<\/strong> <strong>\ud83d\ude0a<\/strong><\/p>\n\n\n\n<figure class=\"wp-block-image size-full is-resized\"><img loading=\"lazy\" decoding=\"async\" width=\"767\" height=\"591\" src=\"https:\/\/dasmedienzentrum.org\/wp-content\/uploads\/2025\/02\/ian.jpg\" alt=\"\" class=\"wp-image-1735\" style=\"width:323px;height:auto\" srcset=\"https:\/\/dasmedienzentrum.org\/wp-content\/uploads\/2025\/02\/ian.jpg 767w, https:\/\/dasmedienzentrum.org\/wp-content\/uploads\/2025\/02\/ian-300x231.jpg 300w\" sizes=\"auto, (max-width: 767px) 89vw, (max-width: 1000px) 54vw, (max-width: 1071px) 543px, 580px\" \/><\/figure>\n\n\n\n<figure class=\"wp-block-image size-full is-resized\"><img loading=\"lazy\" decoding=\"async\" width=\"826\" height=\"596\" src=\"https:\/\/dasmedienzentrum.org\/wp-content\/uploads\/2025\/02\/desiree.jpg\" alt=\"\" class=\"wp-image-1734\" style=\"width:323px;height:auto\" srcset=\"https:\/\/dasmedienzentrum.org\/wp-content\/uploads\/2025\/02\/desiree.jpg 826w, https:\/\/dasmedienzentrum.org\/wp-content\/uploads\/2025\/02\/desiree-300x216.jpg 300w, https:\/\/dasmedienzentrum.org\/wp-content\/uploads\/2025\/02\/desiree-768x554.jpg 768w\" sizes=\"auto, (max-width: 767px) 89vw, (max-width: 1000px) 54vw, (max-width: 1071px) 543px, 580px\" \/><\/figure>\n\n\n\n<p>H\u00f6rt man im Ausland und gerade bei unseren Nachbarn ins&nbsp; Programm hinein, gewinnt man den Eindruck, dass zum Beispiel bei den Frenchies, die schon ziemlich gesellig sind, gerade zur Mittagszeit Sendungen laufen, bei denen man denkt, heh, es ist Ap\u00e9ritifzeit!<\/p>\n\n\n\n<p>Solch eine Beschwingtheit scheinen die Menschen zu lieben, die Reichweiten zeigen es.<\/p>\n\n\n\n<figure class=\"wp-block-image size-large\"><img loading=\"lazy\" decoding=\"async\" width=\"1024\" height=\"550\" src=\"https:\/\/dasmedienzentrum.org\/wp-content\/uploads\/2025\/02\/mediametriecut-1024x550.jpg\" alt=\"\" class=\"wp-image-1736\" srcset=\"https:\/\/dasmedienzentrum.org\/wp-content\/uploads\/2025\/02\/mediametriecut-1024x550.jpg 1024w, https:\/\/dasmedienzentrum.org\/wp-content\/uploads\/2025\/02\/mediametriecut-300x161.jpg 300w, https:\/\/dasmedienzentrum.org\/wp-content\/uploads\/2025\/02\/mediametriecut-768x413.jpg 768w, https:\/\/dasmedienzentrum.org\/wp-content\/uploads\/2025\/02\/mediametriecut.jpg 1522w\" sizes=\"auto, (max-width: 767px) 89vw, (max-width: 1000px) 54vw, (max-width: 1071px) 543px, 580px\" \/><\/figure>\n\n\n\n<p><strong>Was kann Deutschland daraus lernen in einem Medienwettbewerbsumfeld, das durch digitale Angebote bestimmt ist und in dem Radio bei allen St\u00e4rken und vor allem angesichts der Macht des Auditiven trotzdem zur\u00fcckf\u00e4llt im Wettbewerb mit digitalen Besch\u00e4ftigungen? K\u00f6nnen Diskussionen wieder zu seiner alten Funktion zur\u00fcckf\u00fchren, n\u00e4mlich Talk of the Town zu sein ?<\/strong><\/p>\n\n\n\n<figure class=\"wp-block-image size-full\"><img loading=\"lazy\" decoding=\"async\" width=\"165\" height=\"94\" src=\"https:\/\/dasmedienzentrum.org\/wp-content\/uploads\/2025\/02\/logo-earset-radio.jpg\" alt=\"\" class=\"wp-image-1739\"\/><\/figure>\n\n\n\n<p>Alexander, Andreas, Stephan, Michel und zwei Avatare pr\u00e4sentieren kurz und knackig ihre Sichtweise und beantworten Host Helmut Poppe zwei Fragen:<\/p>\n\n\n\n<p><strong>#1:<\/strong><\/p>\n\n\n\n<p><strong>Findest du nicht, dass im deutschen Privatradio das Seichte zu viel Platz hat?<\/strong><\/p>\n\n\n\n<p><strong>(Ich erstelle regelm\u00e4\u00dfig Programm-checks national auch von Lokalanbietern, und mir str\u00e4uben sich die Haare)<\/strong><\/p>\n\n\n\n<p><strong>#2:<\/strong><\/p>\n\n\n\n<p><strong>W\u00e4re da nicht Platz \u2013 gerade in diesen heftigen Zeiten, die wir gerade erleben \u2013 f\u00fcr politische Diskussionen auch im Privatfunk?<\/strong><\/p>\n\n\n\n<p>In Deutschland wird von den Kolleginnen und Kollegen in den Dimensionen Talk und Politik gedacht. Klar, es wird auch bei uns gebl\u00f6delt, aber bestenfalls ein paar S\u00e4tze lang und nicht in solcher Varianz und live. Es gibt in Frankreich 4 nationale Sender, die sich &#8218;radio d&#8217;opinion&#8216; nennen. Mit Stundenreichweiten in die Hunderttausende. Und Meinungen werden da engagiert durchgejagt.<\/p>\n\n\n\n<p>Was machen die zwei genannten Avatare in dem Gespr\u00e4ch? Keine Angst, sie quasseln nicht aus der Tiefe von Chat GPT oder Mistral. Ihnen wurden der Text in den Mund gelegt. Solch ein Verfahren hat eine gro\u00dfe Zukunft. Es lassen sich ganz hervorragend Szenarien und Castings entwickeln, langwierige und ungenaue Gespr\u00e4chsf\u00fchrungen werden vermieden. Die Sprecherinnen und Sprecher k\u00f6nnen ihren Part als Shortvideo liefern, ohne zu einem festen Zeitpunkt anzutreten. Und \u2026 ganz wichtig: Beleuchtungs- und Schminkprobleme fallen weg. <\/p>\n\n\n\n<p><sub><mark style=\"background-color:rgba(0, 0, 0, 0)\" class=\"has-inline-color has-black-color\"><strong>RadioSalesWeekly &#8211; Proud to be a Pioneer! Vorneweg! Leading the Way!<\/strong><\/mark><\/sub><\/p>\n\n\n\n<figure class=\"wp-block-image size-large is-resized\"><img loading=\"lazy\" decoding=\"async\" width=\"1024\" height=\"1024\" src=\"https:\/\/dasmedienzentrum.org\/wp-content\/uploads\/2025\/02\/Progtammuhr-Gemini_Generated_Image_98yjih98yjih98yj-1024x1024.jpeg\" alt=\"\" class=\"wp-image-1737\" style=\"width:348px;height:auto\" srcset=\"https:\/\/dasmedienzentrum.org\/wp-content\/uploads\/2025\/02\/Progtammuhr-Gemini_Generated_Image_98yjih98yjih98yj-1024x1024.jpeg 1024w, https:\/\/dasmedienzentrum.org\/wp-content\/uploads\/2025\/02\/Progtammuhr-Gemini_Generated_Image_98yjih98yjih98yj-300x300.jpeg 300w, https:\/\/dasmedienzentrum.org\/wp-content\/uploads\/2025\/02\/Progtammuhr-Gemini_Generated_Image_98yjih98yjih98yj-150x150.jpeg 150w, https:\/\/dasmedienzentrum.org\/wp-content\/uploads\/2025\/02\/Progtammuhr-Gemini_Generated_Image_98yjih98yjih98yj-768x768.jpeg 768w, https:\/\/dasmedienzentrum.org\/wp-content\/uploads\/2025\/02\/Progtammuhr-Gemini_Generated_Image_98yjih98yjih98yj-1536x1536.jpeg 1536w, https:\/\/dasmedienzentrum.org\/wp-content\/uploads\/2025\/02\/Progtammuhr-Gemini_Generated_Image_98yjih98yjih98yj-100x100.jpeg 100w, https:\/\/dasmedienzentrum.org\/wp-content\/uploads\/2025\/02\/Progtammuhr-Gemini_Generated_Image_98yjih98yjih98yj.jpeg 2048w\" sizes=\"auto, (max-width: 767px) 89vw, (max-width: 1000px) 54vw, (max-width: 1071px) 543px, 580px\" \/><\/figure>\n\n\n\n<p><strong>Immer wieder das Gleiche?<\/strong> <strong>Die Programmuhr.<\/strong><\/p>\n\n\n\n<p><a href=\"https:\/\/youtu.be\/1S-FOckbD2U\"><strong>Hier geht es zum Video, Dauer: 15 Minuten &#8211; ohne Gelaber<\/strong><\/a><\/p>\n\n\n\n<p><strong>Was geschieht bei deutschen Radioanbietern?<\/strong><br><strong>KISS FM <\/strong>in Berlin setzt mit einer neuen Multi-Channel-Strategie auf &#8222;Video first&#8220; und auf digitale Videoformate. Nicht als showbegleitendes Element, sondern als eigenst\u00e4ndiger visueller Live-Inhalt, aus dem sich im Anschluss digitale Audioformate ableiten. Wie in den Interviews bei <strong>#RadioSalesWeekly<\/strong> gefordert wird.<br>KISS FM-Gesch\u00e4ftsf\u00fchrer\u00a0<strong>Sebastian Cochois<\/strong> dazu: \u201eWir bereiten heute schon konsequent die Marke KISS FM f\u00fcr den in der Zukunft anstehenden ausschlie\u00dflichen Wettbewerb \u00fcber die IP-Verbreitung vor\u201c <\/p>\n\n\n\n<p><strong>Ein gelungenes Beispiel der politischen Meinungsbildung auf dem Lokalsender Radio Berg in NRW. <\/strong>In Podcasts stellen sich regionale und nationale Politiker vor in eher spielerischen Szenarien. Wer wusste, dass Christian Lindner aus der Gegend stammt und immer noch die Kirmes dort besucht? <strong>Ein gelungenes Beispiel der politischen Meinungsbildung auf dem Lokalsender Radio Berg in NRW. <\/strong>In Podcasts stellen sich regionale und nationale Politiker vor in eher spielerischen Szenarien. Wer wusste, dass Christian Lindner aus der Gegend stammt und immer noch die Kirmes dort besucht? Demn\u00e4chst wohl eher als Privatier &#8230; <\/p>\n\n\n\n<p><\/p>\n","protected":false},"excerpt":{"rendered":"<p>Der Manta-Fahrer wurde zum Talk of the Town auf Hit Radio FFHAlexander, Andreas, Stephan, Michel und zwei Avatare pr\u00e4sentieren kurz und knackig ihre Sichtweise und beantworten Host Helmut Poppe zwei Fragen: #1: Findest du nicht, dass im deutschen Privatradio das Seichte zu viel Platz hat? (Ich erstelle regelm\u00e4\u00dfig Programm-checks national auch von Lokalanbietern, und mir &hellip; <\/p>\n<p class=\"link-more\"><a href=\"https:\/\/dasmedienzentrum.org\/?p=1731\" class=\"more-link\"><span class=\"screen-reader-text\">\u201e5 M\u00e4nner und 2 Avatare &#8211; Radios, habt mehr Mut zu Diskussionen!\u201c<\/span> weiterlesen<\/a><\/p>\n","protected":false},"author":1,"featured_media":0,"comment_status":"closed","ping_status":"closed","sticky":false,"template":"","format":"standard","meta":{"footnotes":""},"categories":[1],"tags":[],"class_list":["post-1731","post","type-post","status-publish","format-standard","hentry","category-allgemein"],"_links":{"self":[{"href":"https:\/\/dasmedienzentrum.org\/index.php?rest_route=\/wp\/v2\/posts\/1731","targetHints":{"allow":["GET"]}}],"collection":[{"href":"https:\/\/dasmedienzentrum.org\/index.php?rest_route=\/wp\/v2\/posts"}],"about":[{"href":"https:\/\/dasmedienzentrum.org\/index.php?rest_route=\/wp\/v2\/types\/post"}],"author":[{"embeddable":true,"href":"https:\/\/dasmedienzentrum.org\/index.php?rest_route=\/wp\/v2\/users\/1"}],"replies":[{"embeddable":true,"href":"https:\/\/dasmedienzentrum.org\/index.php?rest_route=%2Fwp%2Fv2%2Fcomments&post=1731"}],"version-history":[{"count":7,"href":"https:\/\/dasmedienzentrum.org\/index.php?rest_route=\/wp\/v2\/posts\/1731\/revisions"}],"predecessor-version":[{"id":1761,"href":"https:\/\/dasmedienzentrum.org\/index.php?rest_route=\/wp\/v2\/posts\/1731\/revisions\/1761"}],"wp:attachment":[{"href":"https:\/\/dasmedienzentrum.org\/index.php?rest_route=%2Fwp%2Fv2%2Fmedia&parent=1731"}],"wp:term":[{"taxonomy":"category","embeddable":true,"href":"https:\/\/dasmedienzentrum.org\/index.php?rest_route=%2Fwp%2Fv2%2Fcategories&post=1731"},{"taxonomy":"post_tag","embeddable":true,"href":"https:\/\/dasmedienzentrum.org\/index.php?rest_route=%2Fwp%2Fv2%2Ftags&post=1731"}],"curies":[{"name":"wp","href":"https:\/\/api.w.org\/{rel}","templated":true}]}}