{"id":1778,"date":"2025-03-24T11:42:23","date_gmt":"2025-03-24T10:42:23","guid":{"rendered":"https:\/\/dasmedienzentrum.org\/?p=1778"},"modified":"2025-03-24T11:42:23","modified_gmt":"2025-03-24T10:42:23","slug":"ruhe-im-karton-was-radio-besser-machen-wuerde-und-sollte","status":"publish","type":"post","link":"https:\/\/dasmedienzentrum.org\/?p=1778","title":{"rendered":"Ruhe im Karton!                                                                                        Was Radio besser machen w\u00fcrde und sollte \u2026"},"content":{"rendered":"\n<figure class=\"wp-block-image size-large\"><img loading=\"lazy\" decoding=\"async\" width=\"1024\" height=\"612\" src=\"https:\/\/dasmedienzentrum.org\/wp-content\/uploads\/2025\/03\/jambon-1024x612.png\" alt=\"\" class=\"wp-image-1781\" srcset=\"https:\/\/dasmedienzentrum.org\/wp-content\/uploads\/2025\/03\/jambon-1024x612.png 1024w, https:\/\/dasmedienzentrum.org\/wp-content\/uploads\/2025\/03\/jambon-300x179.png 300w, https:\/\/dasmedienzentrum.org\/wp-content\/uploads\/2025\/03\/jambon-768x459.png 768w, https:\/\/dasmedienzentrum.org\/wp-content\/uploads\/2025\/03\/jambon.png 1104w\" sizes=\"auto, (max-width: 767px) 89vw, (max-width: 1000px) 54vw, (max-width: 1071px) 543px, 580px\" \/><\/figure>\n\n\n\n<p><strong>Meidas Touch &#8211; Handelswerbung &#8211; qu\u00e4kende Stimmen. <\/strong><strong>When Brands Go Silent.<\/strong><\/p>\n\n\n\n<p><strong>RadioSalesWeekly #122<\/strong><\/p>\n\n\n\n<p><strong>Auf einen Kaffee, der hier neben Schinken auch eine Rolle spielt. Dauer unter 10 Minuten! Warum Radiowerbung immer noch rockt \u2013 und manchmal auch qu\u00e4kt<\/strong><\/p>\n\n\n\n<p>Link zu dem Beitrag (9:40 nur) siehe unten &#8230;.<\/p>\n\n\n\n<p>Der Vermarkter Radiozentrale <a href=\"https:\/\/www.radiozentrale.de\/aktionen\/world-radio-day-2025\/\">nennt an die 50 Gr\u00fcnde f\u00fcr Radio und Radiowerbung.<\/a> Nicht schlecht, aber leider zu wenig Platz hier, lol. Irgendwie h\u00f6ren sich Radiospots oft \u00e4hnlich an. Man muss sich nur den Spot einer Handelskette zu Gem\u00fcte f\u00fchren, wo eine qu\u00e4kende junge Stimme einen in den Laden locken will. Gibt es \u00c4hnlichkeiten mit anderen Anbietern? Schon gut m\u00f6glich! Da lohnt sich ein Blick auf ein anderes Kernelement von Radio, n\u00e4mlich die Musik. Wer hat da gesampelt und Versatzst\u00fccke geklaut? Kann man bei <a href=\"https:\/\/www.whosampled.com\/\">whosampled.com<\/a> nachschauen. <a href=\"https:\/\/www.whosampled.com\/Madonna\/Hung-Up\/\">Tipp: Madonna.<\/a><\/p>\n\n\n\n<figure class=\"wp-block-image size-full\"><img loading=\"lazy\" decoding=\"async\" width=\"789\" height=\"701\" src=\"https:\/\/dasmedienzentrum.org\/wp-content\/uploads\/2025\/03\/hungup.png\" alt=\"\" class=\"wp-image-1782\" srcset=\"https:\/\/dasmedienzentrum.org\/wp-content\/uploads\/2025\/03\/hungup.png 789w, https:\/\/dasmedienzentrum.org\/wp-content\/uploads\/2025\/03\/hungup-300x267.png 300w, https:\/\/dasmedienzentrum.org\/wp-content\/uploads\/2025\/03\/hungup-768x682.png 768w\" sizes=\"auto, (max-width: 767px) 89vw, (max-width: 1000px) 54vw, (max-width: 1071px) 543px, 580px\" \/><\/figure>\n\n\n\n<p><strong>Beispiele f\u00fcr <a href=\"https:\/\/www.ffh-mediengruppe.de\/werben\/blog\/415162-top-10-unserer-lieblingsradiospots.html\">\u201eIdeeninspiration\u201c Werbung<\/a>, <a href=\"https:\/\/topbeispiele.de\/radio-werbespot-beispiele\/\">Tipp 2<\/a><\/strong>: Volkswagen&#8217;s &#8222;The Force&#8220;, McDonald&#8217;s &#8222;Ich liebe es&#8220;, &#8222;Like Ice in the Sunshine&#8220; von Langnese. Guter Link dazu: Musik in der Werbung und effektive Werbemusik <a href=\"https:\/\/musikwissen.com\/\">&#8211; musikwissen.com<\/a>.<\/p>\n\n\n\n<p><strong>Mehr Action bitte:<\/strong><\/p>\n\n\n\n<p>Deutschlands Radios verfallen gerne der Gewohnheit, ein Schema zu fahren: 2 Titel, kurzer Wortbeitrag, 2 Titel, Werbung, Nachrichten, Verkehr, Wetter. Dies gilt nicht f\u00fcr Antenne <a href=\"https:\/\/antenne-kl.de\/\">Kaiserslautern<\/a>! \ud83d\ude0a <\/p>\n\n\n\n<p>Ob dieses Programmschema der meisten Anbieter zu einer langanhaltenden Akzeptanz und Interesse am Radio f\u00fchren wird, darf man sich fragen. Ob der &#8222;<strong><a href=\"https:\/\/www.deutscher-radiopreis.de\/radiopreis\/verleihung_2024\/preistraeger\/Die-Gewinnerinnen-und-Gewinner-des-Deutschen-Radiopreises-2024,preistraeger618.html\">Radiopreis<\/a><\/strong>&#8220; da hilft? Vom Hocker rei\u00dfen sie nicht unbedingt. Radio, vor allem Privatradios, fehlt die alte Funktion und das Standing als <em>Talk of the Town<\/em>. Da schaut man gerne einmal auf einen Blog namens \u201e<a href=\"https:\/\/www.youtube.com\/c\/MeidasTouch\/videos\">MeidasTouch<\/a>\u201c, der eine Nische gefunden hat mit einem emotional aufgeladenen, boulevardesken und aktivistischen Journalismus \u2013 ein Modell f\u00fcr die Zukunft? Das wird sich in den vier Jahren unter Trump herausstellen.<\/p>\n\n\n\n<p>Bundesverfassungsrichter a. D. Peter M\u00fcller bei der <a href=\"https:\/\/landesvertretung-brandenburg.de\/event\/dlm-im-dialog-2025\/\">Direktorenkonferenz der Landesmedienanstalten (DLM) k\u00fcrzlich<\/a> zu dem Thema: Er sieht den \u201eHaltungsjournalismus\u201c kritisch.<\/p>\n\n\n\n<p><strong>Neue Tonalities<\/strong>:<br>Warum schaffen es Radiosender hierzulande nicht, solche eine Tonality in ihren Sendungen live einzubauen? In einer Zeit, die nach Diskussionen und Klarheit schreit, w\u00e4re das doch etwas. Uns fehlen in Deutschland eindeutig Stimmungs- und Meinungsradios. Bitte nicht populistisch, aber wie sagte der ex- DLM-Chef letztens \u2026?<\/p>\n\n\n\n<figure class=\"wp-block-image size-large\"><img loading=\"lazy\" decoding=\"async\" width=\"1024\" height=\"624\" src=\"https:\/\/dasmedienzentrum.org\/wp-content\/uploads\/2025\/03\/vanukee-asmr-1024x624.png\" alt=\"\" class=\"wp-image-1785\" srcset=\"https:\/\/dasmedienzentrum.org\/wp-content\/uploads\/2025\/03\/vanukee-asmr-1024x624.png 1024w, https:\/\/dasmedienzentrum.org\/wp-content\/uploads\/2025\/03\/vanukee-asmr-300x183.png 300w, https:\/\/dasmedienzentrum.org\/wp-content\/uploads\/2025\/03\/vanukee-asmr-768x468.png 768w, https:\/\/dasmedienzentrum.org\/wp-content\/uploads\/2025\/03\/vanukee-asmr.png 1043w\" sizes=\"auto, (max-width: 767px) 89vw, (max-width: 1000px) 54vw, (max-width: 1071px) 543px, 580px\" \/><\/figure>\n\n\n\n<p>Und was leise Spots betrifft, es muss da nicht immer unbedingt um warnende Hinweise f\u00fcr schlaftrunkene Auto- und LKW-Fahrer gehen. Weitere Gr\u00fcnde sind:<\/p>\n\n\n\n<ul class=\"wp-block-list\">\n<li>Subtile T\u00f6ne und Stimmen: Anstatt lauter und kraftvoller Stimmen setzt leise Radiowerbung oft auf sanfte, beruhigende Stimmen, um eine entspannende und beruhigende Atmosph\u00e4re zu schaffen.<\/li>\n\n\n\n<li>Reduzierte Hintergrundmusik: Die Musik oder Soundeffekte in leiser Radiowerbung sind in der Regel dezenter und weniger aufdringlich. Dies tr\u00e4gt dazu bei, die Botschaft sanft und unaufdringlich zu vermitteln.<\/li>\n\n\n\n<li>Einfache, klare Botschaften: Leise Radiowerbung tendiert dazu, die Botschaft klar und direkt zu halten, ohne \u00fcberm\u00e4\u00dfige Ablenkungen oder komplexe Geschichten.<\/li>\n\n\n\n<li>Psychologische Wirkung: Leise Radiowerbung kann eine intimere und pers\u00f6nlichere Wirkung auf den H\u00f6rer haben. Sie kann eine tiefere emotionale Verbindung schaffen, da sie oft als authentischer und weniger aufdringlich empfunden wird.<\/li>\n\n\n\n<li>Kontrasteffekt: In einem Umfeld, in dem laute und auff\u00e4llige Werbung die Norm ist, kann leise Werbung auffallen, weil sie anders ist. Der Kontrast zu den lauten Spots kann die Aufmerksamkeit der H\u00f6rer auf sich ziehen.<\/li>\n\n\n\n<li>Zielpublikum: Leise Radiowerbung richtet sich oft an ein Publikum, das einen ruhigen und reflektierenden Lebensstil bevorzugt. Dies k\u00f6nnte Senioren, Berufst\u00e4tige oder Menschen einschlie\u00dfen, die sich nach Ruhe und Gelassenheit sehnen.<\/li>\n<\/ul>\n\n\n\n<p><strong>Wenn Politiker ganz leise reden \u2013 und f\u00fcr sich werbe<\/strong>n<\/p>\n\n\n\n<figure class=\"wp-block-image size-large\"><img loading=\"lazy\" decoding=\"async\" width=\"1024\" height=\"646\" src=\"https:\/\/dasmedienzentrum.org\/wp-content\/uploads\/2025\/03\/melenchon-asmr-1024x646.png\" alt=\"\" class=\"wp-image-1783\" srcset=\"https:\/\/dasmedienzentrum.org\/wp-content\/uploads\/2025\/03\/melenchon-asmr-1024x646.png 1024w, https:\/\/dasmedienzentrum.org\/wp-content\/uploads\/2025\/03\/melenchon-asmr-300x189.png 300w, https:\/\/dasmedienzentrum.org\/wp-content\/uploads\/2025\/03\/melenchon-asmr-768x485.png 768w, https:\/\/dasmedienzentrum.org\/wp-content\/uploads\/2025\/03\/melenchon-asmr.png 1108w\" sizes=\"auto, (max-width: 767px) 89vw, (max-width: 1000px) 54vw, (max-width: 1071px) 543px, 580px\" \/><\/figure>\n\n\n\n<p>Wenn es um leise geht, gibt es noch ASMR. Die Autonome sensorische Meridianreaktion beschreibt ein angenehmes, kribbelndes Gef\u00fchl, das durch bestimmte akustische oder visuelle Reize ausgel\u00f6st wird. Dieses Gef\u00fchl beginnt oft im Kopf- und Nackenbereich und kann sich \u00fcber den gesamten K\u00f6rper ausbreiten. ASMR-Videos sind besonders beliebt auf Plattformen wie YouTube und enthalten h\u00e4ufig Ger\u00e4usche wie Fl\u00fcstern, Knistern oder sanftes Tippen. Viele Menschen nutzen ASMR zur Entspannung oder um besser einschlafen zu k\u00f6nnen. ASMR wurde in dieser Kampagne der franz\u00f6sischen NFP, neue Volksfront, w\u00e4hrend der letzten Parlamentswahlen verwendet. Diese arbeiteten bei den vorletzten Wahlen auch mit Hologrammen, um Kandidaten zeitgleich auf r\u00e4umlich entfernte B\u00fchnen zu projizieren.<\/p>\n\n\n\n<p>Text in Videoclips: <em>\u201ePreisblockaden, Produkte als Notwendigkeit zu pr\u00e4sentieren. \u2013 Einige parodistische Konten nutzen es auch, um politische Videos zu verfremden. <\/em><a href=\"https:\/\/youtu.be\/1irmre4I6n8?si=UpvI111uxoj8eCe7\"><em>Weil es unser Projekt der Republik ist, die Republik, das bin ICH!<\/em>&#8222;<\/a><\/p>\n\n\n\n<p>Quelle: France 2<\/p>\n\n\n\n<p><strong>Und zum Schluss noch gute Argumente von Audioeffekt pro Radio:<\/strong><\/p>\n\n\n\n<p>When Brands Go Silent: The Hidden Power of Audio Aktuelle Studie belegt die langfristige Wirkung von Radio auf Ums\u00e4tze und Marktanteile When Brands Go Silent: The Hidden Power of Audio &#8211; Audioeffekt<\/p>\n\n\n\n<figure class=\"wp-block-image size-large\"><img loading=\"lazy\" decoding=\"async\" width=\"1024\" height=\"733\" src=\"https:\/\/dasmedienzentrum.org\/wp-content\/uploads\/2025\/03\/audioeffekt-1024x733.png\" alt=\"\" class=\"wp-image-1784\" srcset=\"https:\/\/dasmedienzentrum.org\/wp-content\/uploads\/2025\/03\/audioeffekt-1024x733.png 1024w, https:\/\/dasmedienzentrum.org\/wp-content\/uploads\/2025\/03\/audioeffekt-300x215.png 300w, https:\/\/dasmedienzentrum.org\/wp-content\/uploads\/2025\/03\/audioeffekt-768x549.png 768w, https:\/\/dasmedienzentrum.org\/wp-content\/uploads\/2025\/03\/audioeffekt.png 1219w\" sizes=\"auto, (max-width: 767px) 89vw, (max-width: 1000px) 54vw, (max-width: 1071px) 543px, 580px\" \/><\/figure>\n\n\n\n<p><strong><em>Radiowerbung rockt! F\u00fcr langfristige Wirkung sind allerdings neue Tonalit\u00e4ten notwendig!<\/em><\/strong><\/p>\n\n\n\n<p>________________________________________________________________________<\/p>\n\n\n\n<p><strong>#RMS #ARDmedia @MichelColin @PhilippeChapot<\/strong><\/p>\n\n\n\n<p><\/p>\n\n\n\n<p><strong>Vollst\u00e4ndiger Beitrag von #RadioSalesWeekly No. 122 hier: <\/strong><a href=\"https:\/\/youtu.be\/nM7wTeqk7Q4\">https:\/\/youtu.be\/nM7wTeqk7Q4<\/a><br><br><strong>L\u00e4nge: 9:40<\/strong> auf einen Kaffee halt \ud83d\ude42<\/p>\n\n\n\n<figure class=\"wp-block-image size-large\"><img loading=\"lazy\" decoding=\"async\" width=\"1008\" height=\"1024\" src=\"https:\/\/dasmedienzentrum.org\/wp-content\/uploads\/2025\/03\/mugpropre-1008x1024.png\" alt=\"\" class=\"wp-image-1786\" srcset=\"https:\/\/dasmedienzentrum.org\/wp-content\/uploads\/2025\/03\/mugpropre-1008x1024.png 1008w, https:\/\/dasmedienzentrum.org\/wp-content\/uploads\/2025\/03\/mugpropre-295x300.png 295w, https:\/\/dasmedienzentrum.org\/wp-content\/uploads\/2025\/03\/mugpropre-768x780.png 768w, https:\/\/dasmedienzentrum.org\/wp-content\/uploads\/2025\/03\/mugpropre-1512x1536.png 1512w, https:\/\/dasmedienzentrum.org\/wp-content\/uploads\/2025\/03\/mugpropre.png 1981w\" sizes=\"auto, (max-width: 767px) 89vw, (max-width: 1000px) 54vw, (max-width: 1071px) 543px, 580px\" \/><\/figure>\n\n\n\n<p><\/p>\n\n\n\n<p><\/p>\n","protected":false},"excerpt":{"rendered":"<p>Meidas Touch &#8211; Handelswerbung &#8211; qu\u00e4kende Stimmen. When Brands Go Silent. RadioSalesWeekly #122 Auf einen Kaffee, der hier neben Schinken auch eine Rolle spielt. Dauer unter 10 Minuten! Warum Radiowerbung immer noch rockt \u2013 und manchmal auch qu\u00e4kt Link zu dem Beitrag (9:40 nur) siehe unten &#8230;. Der Vermarkter Radiozentrale nennt an die 50 Gr\u00fcnde &hellip; <\/p>\n<p class=\"link-more\"><a href=\"https:\/\/dasmedienzentrum.org\/?p=1778\" class=\"more-link\"><span class=\"screen-reader-text\">\u201eRuhe im Karton!                                                                                        Was Radio besser machen w\u00fcrde und sollte \u2026\u201c<\/span> weiterlesen<\/a><\/p>\n","protected":false},"author":1,"featured_media":0,"comment_status":"closed","ping_status":"closed","sticky":false,"template":"","format":"standard","meta":{"footnotes":""},"categories":[1],"tags":[],"class_list":["post-1778","post","type-post","status-publish","format-standard","hentry","category-allgemein"],"_links":{"self":[{"href":"https:\/\/dasmedienzentrum.org\/index.php?rest_route=\/wp\/v2\/posts\/1778","targetHints":{"allow":["GET"]}}],"collection":[{"href":"https:\/\/dasmedienzentrum.org\/index.php?rest_route=\/wp\/v2\/posts"}],"about":[{"href":"https:\/\/dasmedienzentrum.org\/index.php?rest_route=\/wp\/v2\/types\/post"}],"author":[{"embeddable":true,"href":"https:\/\/dasmedienzentrum.org\/index.php?rest_route=\/wp\/v2\/users\/1"}],"replies":[{"embeddable":true,"href":"https:\/\/dasmedienzentrum.org\/index.php?rest_route=%2Fwp%2Fv2%2Fcomments&post=1778"}],"version-history":[{"count":2,"href":"https:\/\/dasmedienzentrum.org\/index.php?rest_route=\/wp\/v2\/posts\/1778\/revisions"}],"predecessor-version":[{"id":1787,"href":"https:\/\/dasmedienzentrum.org\/index.php?rest_route=\/wp\/v2\/posts\/1778\/revisions\/1787"}],"wp:attachment":[{"href":"https:\/\/dasmedienzentrum.org\/index.php?rest_route=%2Fwp%2Fv2%2Fmedia&parent=1778"}],"wp:term":[{"taxonomy":"category","embeddable":true,"href":"https:\/\/dasmedienzentrum.org\/index.php?rest_route=%2Fwp%2Fv2%2Fcategories&post=1778"},{"taxonomy":"post_tag","embeddable":true,"href":"https:\/\/dasmedienzentrum.org\/index.php?rest_route=%2Fwp%2Fv2%2Ftags&post=1778"}],"curies":[{"name":"wp","href":"https:\/\/api.w.org\/{rel}","templated":true}]}}