{"id":1794,"date":"2025-05-29T19:11:05","date_gmt":"2025-05-29T17:11:05","guid":{"rendered":"https:\/\/dasmedienzentrum.org\/?p=1794"},"modified":"2025-05-29T19:21:03","modified_gmt":"2025-05-29T17:21:03","slug":"sprache-ist-macht-und-daten-sind-ihre-neue-grammatik","status":"publish","type":"post","link":"https:\/\/dasmedienzentrum.org\/?p=1794","title":{"rendered":"Sprache ist Macht \u2013 und Daten sind ihre neue Grammatik"},"content":{"rendered":"\n<figure class=\"wp-block-image size-large is-resized\"><img loading=\"lazy\" decoding=\"async\" width=\"577\" height=\"1024\" src=\"https:\/\/dasmedienzentrum.org\/wp-content\/uploads\/2025\/05\/Saussure-mit-Belmat-577x1024.jpg\" alt=\"\" class=\"wp-image-1799\" style=\"width:674px;height:auto\" srcset=\"https:\/\/dasmedienzentrum.org\/wp-content\/uploads\/2025\/05\/Saussure-mit-Belmat-577x1024.jpg 577w, https:\/\/dasmedienzentrum.org\/wp-content\/uploads\/2025\/05\/Saussure-mit-Belmat-169x300.jpg 169w, https:\/\/dasmedienzentrum.org\/wp-content\/uploads\/2025\/05\/Saussure-mit-Belmat-768x1364.jpg 768w, https:\/\/dasmedienzentrum.org\/wp-content\/uploads\/2025\/05\/Saussure-mit-Belmat-865x1536.jpg 865w, https:\/\/dasmedienzentrum.org\/wp-content\/uploads\/2025\/05\/Saussure-mit-Belmat-1153x2048.jpg 1153w, https:\/\/dasmedienzentrum.org\/wp-content\/uploads\/2025\/05\/Saussure-mit-Belmat-rotated.jpg 1302w\" sizes=\"auto, (max-width: 577px) 100vw, 577px\" \/><\/figure>\n\n\n\n<p>Horace-B\u00e9n\u00e9dict de Saussure mit Jacques Balmat am Mont-Blanc. Ferdinand de Saussure, ber\u00fchmter Schweizer Sprachwissenschaftler. War ein Urgro\u00dfneffe.<\/p>\n\n\n\n<p><\/p>\n\n\n\n<p><strong>Ob im Logos Club oder im digitalen Marketing: Wer Sprache versteht, kann Menschen bewegen. Wer sie analysiert, kann sie gezielt einsetzen. Und wer sie beherrscht \u2013 nun ja, der braucht vielleicht keine siebte Funktion mehr. Ein gutes Dashboard tut\u2019s auch.<\/strong><\/p>\n\n\n\n<p><strong>Rhetorik, Revolution und R\u00e4nkespiele: Willkommen im Logos Club<\/strong><\/p>\n\n\n\n<p><strong>Stell dir vor, du betrittst einen geheimen Club. Kein Rauch, aber viel hei\u00dfe Luft. Kein Whiskey, aber jede Menge Wortgefechte. Willkommen im&nbsp;Logos Club&nbsp;\u2013 einer elit\u00e4ren Gesellschaft, in der Sprache nicht nur Mittel der Kommunikation ist, sondern Waffe, Spiel und Machtinstrument zugleich.<\/strong><\/p>\n\n\n\n<p><strong>Zwei Lager, ein Ziel: Die Macht des Wortes<\/strong><\/p>\n\n\n\n<p><strong>Im Logos Club gibt es zwei gro\u00dfe Fraktionen:<\/strong><\/p>\n\n\n\n<ul class=\"wp-block-list\">\n<li><strong>Die Immanentisten: F\u00fcr sie ist Rhetorik wie Fechten mit Worten \u2013 elegant, zweckfrei, ein intellektuelles Vergn\u00fcgen. Sie k\u00e4mpfen nicht, um zu gewinnen, sondern um zu gl\u00e4nzen.<\/strong><\/li>\n\n\n\n<li><strong>Die Funktionalisten: Sie hingegen sehen Sprache als Werkzeug \u2013 ein rhetorischer Akkuschrauber, mit dem man Einfluss, Zustimmung und gelegentlich auch die Weltherrschaft erlangt.<\/strong><\/li>\n<\/ul>\n\n\n\n<p><strong>Doch halt! Die Funktionalisten sind selbst gespalten:<\/strong><\/p>\n\n\n\n<ul class=\"wp-block-list\">\n<li><strong>Die Machiavellisten: Sie wollen \u00fcberreden \u2013 mit List, Charme und einem Hauch Manipulation.<\/strong><\/li>\n\n\n\n<li><strong>Die Ciceronianer: Sie geben sich moralischer, wollen \u00fcberzeugen \u2013 mit Argumenten, Ethos und einem gepflegten Latinum. Aber seien wir ehrlich: Auch sie wollen am Ende nur eins \u2013 gewinnen.<\/strong><\/li>\n<\/ul>\n\n\n\n<p><strong>Sprachphilosophie als Thriller<\/strong><\/p>\n\n\n\n<p><strong>Laurent Binets Roman&nbsp;<em>La Septi\u00e8me Fonction du langage<\/em> (<a href=\"https:\/\/www.amazon.de\/Die-siebte-Sprachfunktion-Laurent-Binet-ebook\/dp\/B01F6CLXBG\/ref=sr_1_1?__mk_de_DE=%C3%85M%C3%85%C5%BD%C3%95%C3%91&amp;crid=29Q6A4UQ6ERKF&amp;dib=eyJ2IjoiMSJ9.o7OqHv7SYUVHtTWh7L9gmgVs-FpCD5rXEhISrPyrrPYaBkYcmZIYHq-0Mud9DjfJw32E7oB8WfUCsebpX9TjqIiQnr3qkIF2HGcmvBRt5p4.8XG-O2jFfEXGtanG8PtA1jM-uZ2MgIwieJSb-F2wLuM&amp;dib_tag=se&amp;keywords=die+siebte+funktion+Laurent+Binet+auf+deutsch&amp;qid=1748538069&amp;sprefix=die+siebte+funktion+laurent+binet+auf+deutsch%2Caps%2C79&amp;sr=8-1\">Die siebte Sprachfunktion<\/a><\/strong>)<strong>&nbsp;ist ein literarischer Cocktail aus Krimi, Satire und Semiotik. Die Pr\u00e4misse: Roland Barthes stirbt nicht zuf\u00e4llig \u2013 er wird ermordet, weil er im Besitz eines Dokuments war, das die sagenumwobene&nbsp;siebte Funktion der Sprache&nbsp;beschreibt. Eine Funktion, die nicht nur kommuniziert, sondern&nbsp;kontrolliert.<\/strong><\/p>\n\n\n\n<p><strong>Die Grundlage? Die sechs bekannten Sprachfunktionen von&nbsp;Roman Jakobson&nbsp;\u2013 erweitert um eine siebte, fiktive, aber revolution\u00e4re Funktion. Wer sie beherrscht, kann Menschen lenken wie Marionetten. Sprachmagie, quasi.<\/strong><\/p>\n\n\n\n<p><strong>Und was hat Saussure damit zu tun?<\/strong><\/p>\n\n\n\n<p><strong>Ferdinand de Saussure, der Urvater der modernen Linguistik, schaut aus dem Jenseits milde l\u00e4chelnd zu. Seine Unterscheidung zwischen&nbsp;Signifikant&nbsp;(Lautbild) und&nbsp;Signifikat&nbsp;(Bedeutung) ist das Fundament, auf dem Barthes, Derrida, Foucault &amp; Co. ihre sprachphilosophischen Luftschl\u00f6sser errichteten. Ohne Saussure g\u00e4be es keine Semiotik, keine strukturalistische Theorie \u2013 und vermutlich auch keinen Logos Club.<\/strong><\/p>\n\n\n\n<p><strong>Und was kann moderne Technologie beitragen?<\/strong><\/p>\n\n\n\n<p><strong>In einer Welt, in der Sprache Macht bedeutet, ist es kein Wunder, dass Unternehmen wie&nbsp;AdVision&nbsp;und&nbsp;NeuroMedia.io&nbsp;mit digitalen Werkzeugen aufr\u00fcsten:<\/strong><\/p>\n\n\n\n<ul class=\"wp-block-list\">\n<li><strong>AdVision&nbsp;bietet umfassende Medienbeobachtung, Werbestatistiken und Inhaltsanalysen. Mit Tools wie&nbsp;<em>EdiMon<\/em>&nbsp;lassen sich PR-Erfolge messen, Wettbewerber analysieren und Kampagnen punktgenau steuern&nbsp;<\/strong><\/li>\n<\/ul>\n\n\n\n<ul class=\"wp-block-list\">\n<li><strong>NeuroMedia.io&nbsp;analysiert Mediennutzung, Zuschauerverhalten und Content-Wirkung \u2013 mit einem Mix aus Datenanalyse, Psychologie und KI&nbsp;<\/strong><\/li>\n<\/ul>\n\n\n\n<p><strong>Sie helfen Contentproduzenten wie Radios, TV, Verlagen und Agenturen, Inhalte zu personalisieren und Kommunikation zu optimieren.<\/strong><\/p>\n\n\n\n<ol start=\"1\" class=\"wp-block-list\">\n<li><strong>Sentiment-Analyse (Stimmungsanalyse)<\/strong><br>\u2013 Bewertung der Tonalit\u00e4t von Beitr\u00e4gen (positiv, negativ, neutral)<br>\u2013 Kontextuelle Sentiment-Erkennung (Ironie, Sarkasmus, Emotionen)<\/li>\n\n\n\n<li><strong>Werbe-\/Mediacheck<\/strong><br>\u2013 Sichtbarkeit und Platzierung von Werbung<br>\u2013 Werbewirkung (Recall, Recognition, Engagement)<br>\u2013 Konkurrenzanalyse (Share of Voice, Werbedruck)<\/li>\n\n\n\n<li><strong>Programmanalyse (TV, Radio, Streaming)<\/strong><br>\u2013 Inhaltsklassifikation (z.\u202fB. nach Genre, Thema, Zielgruppe)<br>\u2013 Zuschauerbindung und -reaktionen in Echtzeit<br>\u2013 Werbeintegration und -wirkung im Programmkontext<\/li>\n\n\n\n<li><strong>Fake News &amp; Desinformationsanalyse<\/strong><br>\u2013 Erkennung von Falschinformationen und manipulativen Inhalten<br>\u2013 Quellen- und Netzwerk-Tracking (z.\u202fB. Bot-Netzwerke)<br>\u2013 Einflussanalyse auf \u00f6ffentliche Meinung<\/li>\n<\/ol>\n\n\n\n<hr class=\"wp-block-separator has-alpha-channel-opacity\"\/>\n\n\n\n<figure class=\"wp-block-image size-full\"><img loading=\"lazy\" decoding=\"async\" width=\"960\" height=\"720\" src=\"https:\/\/dasmedienzentrum.org\/wp-content\/uploads\/2025\/05\/Analysefelder_Infografik.jpg\" alt=\"\" class=\"wp-image-1801\" srcset=\"https:\/\/dasmedienzentrum.org\/wp-content\/uploads\/2025\/05\/Analysefelder_Infografik.jpg 960w, https:\/\/dasmedienzentrum.org\/wp-content\/uploads\/2025\/05\/Analysefelder_Infografik-300x225.jpg 300w, https:\/\/dasmedienzentrum.org\/wp-content\/uploads\/2025\/05\/Analysefelder_Infografik-768x576.jpg 768w\" sizes=\"auto, (max-width: 767px) 89vw, (max-width: 1000px) 54vw, (max-width: 1071px) 543px, 580px\" \/><\/figure>\n\n\n\n<p><strong>Weitere fortschrittliche Analysefelder<\/strong><\/p>\n\n\n\n<ol start=\"5\" class=\"wp-block-list\">\n<li><strong>Image- und Markenanalyse<\/strong><br>\u2013 Wahrnehmung von Marken in verschiedenen Medien<br>\u2013 Assoziationen, Tonalit\u00e4t, Markenbotschaften<br>\u2013 Vergleich mit Wettbewerbern<\/li>\n\n\n\n<li><strong>Zielgruppen- und Milieuanalyse<\/strong><br>\u2013 Soziodemografische und psychografische Segmentierung<br>\u2013 Mediennutzungsverhalten und Interessenprofile<br>\u2013 Influencer- und Community-Mapping<\/li>\n\n\n\n<li><strong>Trend- und Themenmonitoring<\/strong><br>\u2013 Fr\u00fcherkennung von aufkommenden Themen (Trend Scouting)<br>\u2013 Dynamik und Lebenszyklus von Themen<br>\u2013 Relevanz f\u00fcr bestimmte Zielgruppen oder M\u00e4rkte<\/li>\n\n\n\n<li><strong>Kampagnen-Tracking &amp; ROI-Analyse<\/strong><br>\u2013 Echtzeit-Monitoring von Kampagnenleistung<br>\u2013 Attribution von Medienkontakten zu Conversions<br>\u2013 Optimierungspotenziale durch A\/B-Testing<\/li>\n\n\n\n<li><strong>Multimodale Analysen (Text, Bild, Video, Audio)<\/strong><br>\u2013 Erkennung von Logos, Gesichtern, Objekten in Bildern\/Videos<br>\u2013 Transkription und Analyse von Audioinhalten<br>\u2013 Kombination von Text- und Bilddaten zur Kontextanalyse<\/li>\n\n\n\n<li><strong>Krisenfr\u00fcherkennung &amp; Reputationsmanagement<\/strong><br>\u2013 Identifikation potenzieller Krisenherde<br>\u2013 Dynamik und Reichweite negativer Berichterstattung<br>\u2013 Handlungsempfehlungen in Echtzeit<\/li>\n<\/ol>\n\n\n\n<p><strong>Sprache in Medien 10 Beispiele: Nachrichten &#8211; redaktionelle Beitr\u00e4ge &#8211; Werbung \u2013 Politik<\/strong><\/p>\n\n\n\n<p><strong><em>Hier Begleitmaterial zu einer Ausgabe von &nbsp;RadioSalesWeekly (#74). Eine kleine und mit seinerzeit verf\u00fcgbaren Technologien (2022!) erfolgten Exploration m\u00f6glicher Analyseanwendungen f\u00fcr die Bewertung von Audiobeitr\u00e4gen.<\/em><\/strong><\/p>\n\n\n\n<p>Dabei geht es ausschlie\u00dflich um eine Messung der Sprechgeschwindigkeit ausgew\u00e4hlter Beispiele ohne einen Anspruch von Repr\u00e4sentativit\u00e4t.<\/p>\n\n\n\n<p>Die weiteren Aspekte der Prosodie wie Satzmelodie, Sprechtempo, Sprechrhythmus, H\u00f6hen, Tiefen und Timbre werden nicht bewertet.<\/p>\n\n\n\n<p>Grund dieser Messungen sind eine h\u00e4ufig anzutreffende Kritik, dass in TV und Radio zu schnell und zu undeutlich gesprochen werde. Ein nicht unerheblich werdender Teilaspekt ist, dass solch eine Kritik nicht nur aus einer zunehmend \u00e4lter werdenden H\u00f6rerschaft erfolgt. Radio k\u00f6nnte somit mit der Zeit an Attraktivit\u00e4t verlieren. Ausdr\u00fccklich soll in diesem Zusammenhang darauf hingewiesen werden, dass in der Regel Radiosprecher und \u2013moderatoren durch professionelle Sprechschulungen gegangen sind. Sich also eine m\u00f6gliche Kritik weniger an diesen Personenkreis richtet. Ein hohes Gesamttempo in den f\u00fchrenden Programmen in Wortbeitr\u00e4gen, Serviceelementen und auch in der Werbung ist aber eindeutig festzustellen.<\/p>\n\n\n\n<p>Weitere Programmanalysen ausgew\u00e4hlter H\u00f6rfunkanbieter mit anderen Kategorien und Messverfahren werden in n\u00e4chster Zeit durch poppe media erstellt. Informationen hierzu werden auf Linkedin, Xing, Facebook und Twitter gepostet. Ein daf\u00fcr genutztes Verfahren erlaubt nicht nur die Identifizierung dessen was wo wann in welchem Programm lief sondern auch eine Programmerstellung \u201aremote\u2018.<\/p>\n\n\n\n<p>Die nachfolgenden Transkriptionen Audio zu Text wurden durch SpeechtoText-&nbsp; Apps erstellt und teilweise nachgebessert. Die zehn Beispiele sind in kurzen Ausz\u00fcgen \u201anachh\u00f6rbar\u2018 auf einem zur Verf\u00fcgung gestellten Link.<\/p>\n\n\n\n<p><strong>1 Funk und TV<br><br><\/strong><\/p>\n\n\n\n<p><strong>Transkription<\/strong><br><br>Wichtigste aus Hessen, Deutschland und der Welt. Ich bin der anders, sagte Guten Morgen Radio FFH. Die Nachrichten. Die Stadt Hanau bereitet sich auf einen traurigen Jahrestag vor. Zum zweiten Mal j\u00e4hrt sich morgen der rassistische Anschlag. F\u00fcr die neuen Todesopfer wird es auf dem Hanauer Hauptfriedhof eine zentrale, nicht \u00f6ffentliche gedankt Gedenkveranstaltung geben. Er verfahre Portal Yannick Schick. Mit dabei sind Angeh\u00f6rige der Opfer, aber auch Bundesinnenminister Rin Faser und Ministerpr\u00e4sident Bouffier unter anderem auch in Wiesbaden. Die Zen Bach, Marburg und Wetzlar wollen Menschen auf die Stra\u00dfe gehen und ein Zeichen gegen Rassismus setzen. In Frankfurt werden die Namen der Opfer in wei\u00dfem Licht an die Paulskirche projiziert. Vor zwei Jahren ermordete Tobias er in Hanau neun Menschen aus rassistischen Motiven, anschlie\u00dfend seine Mutter und sich selbst. Yannick Schick, Hanau Bahnreisende m\u00fcssen sich weiter auf Behinderungen einstellen. Davon geht die Bahn wegen des Sturms aus. Bis mindestens morgen sei bundesweit<\/p>\n\n\n\n<p><strong>FFH news, 180222, 5:55<br>153 W\u00f6rter<\/strong><\/p>\n\n\n\n<p>Thorsten Schr\u00f6der Guten Abend, meine Damen und Herren, ich begr\u00fc\u00dfe sie zur Tagesschau. Der Ton zwischen Russland und der Nato hat sich wieder versch\u00e4rft Die Darstellung Moskaus, ein Teil der Truppen ziehen sich von<\/p>\n\n\n\n<p>Generalsekret\u00e4r Stoltenberg sagte beim Verteidigungsminister Treffen in Br\u00fcssel, man habe noch keinen Abzug beobachtet. Der UN Sicherheitsrat warfen die USA Russland vor, in der Ukraine einen Vorwand f\u00fcr einen Angriff provozieren zu wollen. Diese Aufnahmen l\u00e4sst das russische Verteidigungsministerium heute verbreiten. Abziehende Truppen Eine Ortsangabe wird nicht gemacht. Der ukrainische Pr\u00e4sident Selenz geglaubt den Bildern nicht Wir sehen weiterhin ein gro\u00dfes Truppen Aufkommen, das hat sich seit Wochen nicht ge\u00e4ndert, es gibt kleinere Rotationen, aber in Abzug der russischen Truppen ist das sicher nicht. Moskaus Au\u00dfenminister widerspricht<\/p>\n\n\n\n<p><strong>Tagesschau 170222<\/strong><\/p>\n\n\n\n<p><strong>148 W\u00f6rter<\/strong><\/p>\n\n\n\n<p><strong>Link zu allen Beitr\u00e4gen am Ende dieses Dokuments<\/strong><\/p>\n\n\n\n<p><strong>2 H\u00f6rfunkspots Englisch und Tschechisch<\/strong><\/p>\n\n\n\n<p><strong>AGTA, das nicht sehr hilfreich ist bei Orientierung: Usability, Vergleichbarkeit,<br>keine \u00dcbersetzung anderer Sprachen als EN. Hier unten Real Time Spots\/immediacy<\/strong><\/p>\n\n\n\n<figure class=\"wp-block-image size-full\"><img loading=\"lazy\" decoding=\"async\" width=\"291\" height=\"192\" src=\"https:\/\/dasmedienzentrum.org\/wp-content\/uploads\/2025\/05\/image-2.jpeg\" alt=\"\" class=\"wp-image-1798\"\/><\/figure>\n\n\n\n\n\n<p><strong>Transkription<\/strong><\/p>\n\n\n\n<p>Oh man. Can you believe this weather? I know it&#8217;s like perfect. Hey, you gotta love summer nights in Minnesota. Yeah, there&#8217;s not even any mosquitoes. Yeah, you get one of those zappers. No, you know that noises like the worst. So you must be burning that smelly stuff. Right? What? Yeah, I think I can hear mosquitoes. You know, it&#8217;s almost like they&#8217;re staying away on purpose. Yeah. Weird. When you give to nature, nature gives back over the last 15 years. The Minnesota state lottery has given over $400 million 900,000 to collect data on rare plants and animals in eight northern counties. So remember when you play the lottery, the environment wins. Did did you use one of those fogger deals? Weird lottery players must be 18 years of age or older.<\/p>\n\n\n\n<p><strong>135 W\u00f6rter<\/strong><\/p>\n\n\n\n<p><strong>Babbles mosquitos<\/strong><\/p>\n\n\n\n<p>Tscheschisch vermutlich wesentlich h\u00f6her <strong>180?<\/strong><\/p>\n\n\n\n<p><strong>3 NPR 070222 08:21 GMT<br><br><\/strong><strong>Transkription<\/strong><\/p>\n\n\n\n<p>This has come up before, and in 2003, the league implemented a policy to address that it&#8217;s called the Rooney rule after the late owner of the Pittsburgh Steelers Dan Rooney. And it requires that with a few exceptions, teams interviewed candidates from historically underrepresented groups for top jobs like head coach and general manager. The idea was that if those in a position to hire and promote were exposed to top diverse talent, they would do so, especially after a study showed black coaches actually had better records than many white coaches. But the florist who called the Rooney rule of failure. So we decided to go back to one of the key people involved in the creation of it to get his take that civil rights lawyer, Cyrus Mary, who worked with attorney Johnnie Cochran. He said their goal was to level the playing field.<\/p>\n\n\n\n<p><strong>147 W\u00f6rter Zeit: 0:46 = 191 W\u00f6rter\/Minute<\/strong><\/p>\n\n\n\n<p><strong>4 Parodie Broute Inter<\/strong><\/p>\n\n\n\n<p>(Viel geredet, nicht so viel r\u00fcbergekommen \u2026)<\/p>\n\n\n\n<figure class=\"wp-block-image size-full\"><img loading=\"lazy\" decoding=\"async\" width=\"305\" height=\"203\" src=\"https:\/\/dasmedienzentrum.org\/wp-content\/uploads\/2025\/05\/image.jpg\" alt=\"\" class=\"wp-image-1795\" srcset=\"https:\/\/dasmedienzentrum.org\/wp-content\/uploads\/2025\/05\/image.jpg 305w, https:\/\/dasmedienzentrum.org\/wp-content\/uploads\/2025\/05\/image-300x200.jpg 300w\" sizes=\"auto, (max-width: 305px) 100vw, 305px\" \/><\/figure>\n\n\n\n<figure class=\"wp-block-embed\"><div class=\"wp-block-embed__wrapper\">\nhttps:\/\/fb.watch\/a-PxAl1muG\n<\/div><\/figure>\n\n\n\n<h6 class=\"wp-block-heading\"><a href=\"https:\/\/larevuedesmedias.ina.fr\/series\/de-la-radio-aux-robots-parlants-metamorphoses-de-la-voix\">De la radio aux robots parlants, m\u00e9tamorphoses de la voix<\/a> &#8211; <a href=\"https:\/\/larevuedesmedias.ina.fr\/rythme-intensite-accent-comment-les-medias-formatent-la-voix\">\u00e9pisode 1\/8<\/a><\/h6>\n\n\n\n<h1 class=\"wp-block-heading\">Rythme, intensit\u00e9, accent&nbsp;: comment les m\u00e9dias formatent la voix<\/h1>\n\n\n\n<h1 class=\"wp-block-heading\">Wie Medien Stimmen formatieren und (eint\u00f6nig machen):<br>Rhythmus, Lautst\u00e4rke, Dialekte<\/h1>\n\n\n\n<p><strong>Transkription<\/strong><strong><\/strong><\/p>\n\n\n\n<p>et euh, je re\u00e7ois Euh ce matin. Euh, Benjamin Tra\u00eeniez, vous \u00eates haut fonctionnaire, membre de la commission des confinement euh pilot\u00e9e par le minist\u00e8re de la Culture. Et vous avez particip\u00e9, euh la nuit derni\u00e8re, \u00e0 une soir\u00e9e test dans une bo\u00eete de nuit dans le huiti\u00e8me arrondissement de Paris. Bonjour \u00e0 vous<\/p>\n\n\n\n<p><strong>54 W\u00f6rter in 18 Sekunden = 180 pro Minute<\/strong><\/p>\n\n\n\n<p><strong>5 Deutsche H\u00f6rfunkspots Radiozentrale<\/strong><\/p>\n\n\n\n<p><strong>Transkription<\/strong><strong><\/strong><\/p>\n\n\n\n<p>Stellen Sie sich vor ein s\u00fc\u00dfes Einfamilienh\u00e4uschen, vor dem sich Hunderte Musiker versammeln, so Blasinstrumente da&nbsp; r\u00fcber Auch die Tuba? ja auf das Zeichen des Dirigenten erklingt. In dem H\u00e4uschen ist jemand ziemlich ger\u00fchrt Danke! Und dann sagt eine leicht ironische Sprecherin, wenn es mal etwas mehr sein soll, der Schnellkredit der Zastrow Bank,<\/p>\n\n\n\n<p>54 W\u00f6rter, 30 sek. = 108 W\u00f6rter\/Minute<\/p>\n\n\n\n<p>Diese Werbung ist in Ihrem Kopf entstanden. Niemand musste sie drehen, Niemand muss der 1000 Komparsen zum Filmset bringen und dreitausend Katholiken Buletten warm halten. So klimafreundlich geht es nur im Radio, In keinem anderen Medium verursacht ihre Werbung weniger CO2 Radio geht ins Bohr, bleibt im Kopf.<\/p>\n\n\n\n<p><strong>48 W\u00f6rter im \u201aWerbeteil\u2018, 15 Sek. = 192 W\u00f6rter\/Minute<\/strong><\/p>\n\n\n\n<p>Warum?: Hier soll richtig geworben werden, lol.<\/p>\n\n\n\n<p><strong>Zastobank und Aspirin<\/strong><\/p>\n\n\n\n<p><strong>6 Zwei Politikerinnen<\/strong><\/p>\n\n\n\n<p><strong>Marl\u00e8ne Schiappa auf Europe 1<\/strong><\/p>\n\n\n\n<figure class=\"wp-block-embed is-type-video is-provider-youtube wp-block-embed-youtube wp-embed-aspect-16-9 wp-has-aspect-ratio\"><div class=\"wp-block-embed__wrapper\">\n<iframe loading=\"lazy\" title=\"Marl\u00e8ne Schiappa : &quot;Les propos de Zemmour sont de plus en plus extr\u00e9mistes&quot; (Le Grand Rendez-Vous)\" width=\"525\" height=\"295\" src=\"https:\/\/www.youtube.com\/embed\/Ju9wtruAwWo?feature=oembed\" frameborder=\"0\" allow=\"accelerometer; autoplay; clipboard-write; encrypted-media; gyroscope; picture-in-picture; web-share\" referrerpolicy=\"strict-origin-when-cross-origin\" allowfullscreen><\/iframe>\n<\/div><\/figure>\n\n\n\n<p><strong>Transkription<\/strong><strong><\/strong><\/p>\n\n\n\n<p>\u00e9videmment un travail qui se met en oeuvre. Il suffit pas de y a qu&#8217;\u00e0, faut qu&#8217;on devrait. J&#8217;ai entendu ici la semaine derni\u00e8re sur cette antenne, Val\u00e9rie P\u00e9cresse dix dix ans quelque chose comme. Il faut dire aux talibans de respecter les droits des femmes, mais c&#8217;est beaucoup dans l&#8217;incantation et dont le on n&#8217;a qu&#8217;\u00e0 faire \u00e7a, on n&#8217;a qu&#8217;\u00e0 faire \u00e7a. Et l\u00e0 en l&#8217;occurrence, oui, le travail est men\u00e9e. Je voudrais en g\u00e9n\u00e9ral d&#8217;Arman en fait une tourn\u00e9e internationale dans un certain nombre de pays, qui sont les pays d&#8217;origine pour mener ce travail. Pour quels r\u00e9sultats concrets? Pour un r\u00e9sultat tr\u00e8s clair, il y a des personnes, il y a des laissez passer consulaires qui ont \u00e9t\u00e9 d\u00e9livr\u00e9s et des personnes qui ont \u00e9t\u00e9 expuls\u00e9s. Mais je r\u00e9ponds sur la question de l&#8217;aide au d\u00e9veloppement parce qu&#8217;il me para\u00eet fondamental. Euh, pardon la je pense que c&#8217;est une fausse bonne id\u00e9e. \u00c0 chaque \u00e9lection pr\u00e9sidentielle, on entend dire on n&#8217;a qu&#8217;\u00e0 couper l&#8217;aide au d\u00e9veloppement. Si on veut faire en sorte qu&#8217;ils reprennent leur ressemble, c&#8217;est non. Mais l\u00e0, \u00e7a veut dire menac\u00e9 de la couper. Qu&#8217;est ce qui se passe quand on coupe l&#8217;aide au d\u00e9veloppement pour les pays tiers, les pays d&#8217;origine, les pays dont les personnes veulent partir et bien s\u00fbr coupe l&#8217;aide au d\u00e9veloppement. C&#8217;est dire que la situation \u00e9conomique et sociale sera encore plus difficile.<\/p>\n\n\n\n<p><strong>235 mots, 58 sec. =&nbsp; 260 W\u00f6rter \/ Minute !! Der Renner.<\/strong><\/p>\n\n\n\n<p>Strack-Zimmermann, Rede im Bundestag<\/p>\n\n\n\n<p><strong>Transkription<\/strong><\/p>\n\n\n\n<p>Es waren \u00fcbrigens auch die Sozialdemokraten Helmut Schmidt, der die Doppel Nato Beschluss durchsetzte es war der Sozialdemokrat Peter Struck, der erkl\u00e4rte, die Sicherheit der Bundesrepublik w\u00fcrde am Hindukusch verteidigt. Es war der Sozialdemokrat Herr Schr\u00f6der \u00fcbrigens mit den Gr\u00fcnen zusammen, die die Bundeswehr nach Afghanistan geschickt haben. Nur mal zur Erinnerung Bei ihnen scheint er Jahren Loch in gro\u00dfe und zu sein. Vor Ministerin abschlie\u00dfend Frau Ministerin abschlie\u00dfen, Sie haben Sie haben Anspruch auf die 1. 100 Tage, aber sie wissen wie ich, dass sie im Grunde genommen f\u00fcr 100 Tage, dass wir diese Zeit nicht haben. L\u00f6sen Sie die Probleme, ich w\u00fcnsche Ihnen dabei sehr viel Gl\u00fcck. Beenden Sie das durch folgt Desaster Das schwimmende Beispiel f\u00fcr Missmanagement Fehlen der Kontrolle und Gutgl\u00e4ubigkeit. Den Staatssekret\u00e4ren gegen\u00fcber sorgen wir daf\u00fcr, dass in ihrem Ministerium keine weiteren Auftr\u00e4ge erteilt werden, ohne korrekt<\/p>\n\n\n\n<p><strong>142 W\u00f6rter\/Minute<\/strong><\/p>\n\n\n\n<p>Beide in einem Auszug (Link am Ende dieses Dokuments)<\/p>\n\n\n\n<p><strong>Die Audiobeispiele auf egta geben wie angemerkt leider wenig M\u00f6glichkeiten zur Ideengebung und Inspiration<\/strong><\/p>\n\n\n\n<h1 class=\"wp-block-heading\">2022 egta collection of creative radio &amp; audio campaigns<\/h1>\n\n\n\n<h1 class=\"wp-block-heading\">(egta is a non-profit association (aisbl under Belgian law) based in Brussels that represents the interests of television and radio sales houses.)<\/h1>\n\n\n\n<p><a href=\"https:\/\/www.flipsnack.com\/PaulinaKott\/2022-egta-collection-of-creative-radio-audio-campaigns.html\">https:\/\/www.flipsnack.com\/PaulinaKott\/2022-egta-collection-of-creative-radio-audio-campaigns.html<\/a><\/p>\n\n\n\n<p><strong>Wesentlich hilfreicher und praxisn\u00e4her ist zum Beispiel:<\/strong><\/p>\n\n\n\n<p><strong>Radiospot: Haushaltshilfen (allerdings) mit 204 W\u00f6rtern\/Minute<\/strong><\/p>\n\n\n\n<figure class=\"wp-block-image size-full\"><img loading=\"lazy\" decoding=\"async\" width=\"511\" height=\"340\" src=\"https:\/\/dasmedienzentrum.org\/wp-content\/uploads\/2025\/05\/image-1.jpeg\" alt=\"\" class=\"wp-image-1797\" srcset=\"https:\/\/dasmedienzentrum.org\/wp-content\/uploads\/2025\/05\/image-1.jpeg 511w, https:\/\/dasmedienzentrum.org\/wp-content\/uploads\/2025\/05\/image-1-300x200.jpeg 300w\" sizes=\"auto, (max-width: 511px) 100vw, 511px\" \/><\/figure>\n\n\n\n<p>Kann angefordert werden.<\/p>\n\n\n\n<p><strong>Zum Inhalt der Message, gleich ob Werbung, Redaktion oder Politik<\/strong><\/p>\n\n\n\n<p>Gewiss spielen bei den festgestellten unterschiedlichen Geschwindigkeiten der Sprachproduktion sowohl im Programm wie auch in der Audiowerbung kulturelle Gewohnheiten eine Rolle \u2013 der romanische Kulturkreis spricht schneller \u2013 einige asiatische Sprachen kommen mit weniger Worten zurecht. Hinzukommt, dass die deutsche Sprache die Eigenschaft sogenannter Hiatus hat. Treffen zwei&nbsp; verschiedene W\u00f6rter oder Silben aufeinander, kommt es zu einem Bruch, was den Sprachfluss verlangsamt.<\/p>\n\n\n\n<p>Losgel\u00f6st von diesen \u00dcberlegungen d\u00fcrfen Inhalte und Strategien der Kommunikation nicht au\u00dfer Acht gelassen werden. Eine Analyse der wirkenden Stimmungen in TV-Spots, die w\u00e4hrend des Super Bowls on air waren, zeigt, dass Coolness, Spa\u00df und starke Bildlichkeit (die sich auch im Radio umsetzen l\u00e4sst) am h\u00f6chsten ranken. (Quelle ispot.TV)<\/p>\n\n\n\n<figure class=\"wp-block-image size-full\"><img loading=\"lazy\" decoding=\"async\" width=\"413\" height=\"222\" src=\"https:\/\/dasmedienzentrum.org\/wp-content\/uploads\/2025\/05\/image.jpeg\" alt=\"\" class=\"wp-image-1796\" srcset=\"https:\/\/dasmedienzentrum.org\/wp-content\/uploads\/2025\/05\/image.jpeg 413w, https:\/\/dasmedienzentrum.org\/wp-content\/uploads\/2025\/05\/image-300x161.jpeg 300w\" sizes=\"auto, (max-width: 413px) 100vw, 413px\" \/><\/figure>\n\n\n\n<p><strong>Nach wie vor aber gilt: stimmt die Verpackung nicht, hat der Inhalt wenig M\u00f6glichkeit anzukommen.<\/strong><br><br>Alle Audios Sprache in Medien 10 Beispiele: Nachrichten &#8211; redaktionelle Beitr\u00e4ge &#8211; Werbung \u2013 Politik auf <a href=\"https:\/\/youtu.be\/oR-Z7amCkOg\">https:\/\/youtu.be\/oR-Z7amCkOg<\/a><br>L\u00e4nge 2:54 (Inhalte :Hit Radio FFH und Tagesschau, Babbles\/Mosquitos, Immediacy of Radio, NPR, Broute Inter, Radiozentrale-Spots, zwei Politikerinnen).<\/p>\n\n\n\n<p><\/p>\n","protected":false},"excerpt":{"rendered":"<p>Horace-B\u00e9n\u00e9dict de Saussure mit Jacques Balmat am Mont-Blanc. Ferdinand de Saussure, ber\u00fchmter Schweizer Sprachwissenschaftler. War ein Urgro\u00dfneffe. Ob im Logos Club oder im digitalen Marketing: Wer Sprache versteht, kann Menschen bewegen. Wer sie analysiert, kann sie gezielt einsetzen. Und wer sie beherrscht \u2013 nun ja, der braucht vielleicht keine siebte Funktion mehr. Ein gutes Dashboard &hellip; <\/p>\n<p class=\"link-more\"><a href=\"https:\/\/dasmedienzentrum.org\/?p=1794\" class=\"more-link\"><span class=\"screen-reader-text\">\u201eSprache ist Macht \u2013 und Daten sind ihre neue Grammatik\u201c<\/span> weiterlesen<\/a><\/p>\n","protected":false},"author":1,"featured_media":0,"comment_status":"closed","ping_status":"closed","sticky":false,"template":"","format":"standard","meta":{"footnotes":""},"categories":[1],"tags":[],"class_list":["post-1794","post","type-post","status-publish","format-standard","hentry","category-allgemein"],"_links":{"self":[{"href":"https:\/\/dasmedienzentrum.org\/index.php?rest_route=\/wp\/v2\/posts\/1794","targetHints":{"allow":["GET"]}}],"collection":[{"href":"https:\/\/dasmedienzentrum.org\/index.php?rest_route=\/wp\/v2\/posts"}],"about":[{"href":"https:\/\/dasmedienzentrum.org\/index.php?rest_route=\/wp\/v2\/types\/post"}],"author":[{"embeddable":true,"href":"https:\/\/dasmedienzentrum.org\/index.php?rest_route=\/wp\/v2\/users\/1"}],"replies":[{"embeddable":true,"href":"https:\/\/dasmedienzentrum.org\/index.php?rest_route=%2Fwp%2Fv2%2Fcomments&post=1794"}],"version-history":[{"count":3,"href":"https:\/\/dasmedienzentrum.org\/index.php?rest_route=\/wp\/v2\/posts\/1794\/revisions"}],"predecessor-version":[{"id":1803,"href":"https:\/\/dasmedienzentrum.org\/index.php?rest_route=\/wp\/v2\/posts\/1794\/revisions\/1803"}],"wp:attachment":[{"href":"https:\/\/dasmedienzentrum.org\/index.php?rest_route=%2Fwp%2Fv2%2Fmedia&parent=1794"}],"wp:term":[{"taxonomy":"category","embeddable":true,"href":"https:\/\/dasmedienzentrum.org\/index.php?rest_route=%2Fwp%2Fv2%2Fcategories&post=1794"},{"taxonomy":"post_tag","embeddable":true,"href":"https:\/\/dasmedienzentrum.org\/index.php?rest_route=%2Fwp%2Fv2%2Ftags&post=1794"}],"curies":[{"name":"wp","href":"https:\/\/api.w.org\/{rel}","templated":true}]}}