{"id":1816,"date":"2025-09-09T13:31:03","date_gmt":"2025-09-09T11:31:03","guid":{"rendered":"https:\/\/dasmedienzentrum.org\/?p=1816"},"modified":"2025-09-09T13:31:03","modified_gmt":"2025-09-09T11:31:03","slug":"die-baronin-und-ihr-pinguin-ein-podcast","status":"publish","type":"post","link":"https:\/\/dasmedienzentrum.org\/?p=1816","title":{"rendered":"Die Baronin und ihr Pinguin &#8211; ein Podcast"},"content":{"rendered":"\n<figure class=\"wp-block-image size-full\"><img loading=\"lazy\" decoding=\"async\" width=\"1024\" height=\"1024\" src=\"https:\/\/dasmedienzentrum.org\/wp-content\/uploads\/2025\/09\/lepingouin_copilot_image_1756403861464.png\" alt=\"\" class=\"wp-image-1819\" srcset=\"https:\/\/dasmedienzentrum.org\/wp-content\/uploads\/2025\/09\/lepingouin_copilot_image_1756403861464.png 1024w, https:\/\/dasmedienzentrum.org\/wp-content\/uploads\/2025\/09\/lepingouin_copilot_image_1756403861464-300x300.png 300w, https:\/\/dasmedienzentrum.org\/wp-content\/uploads\/2025\/09\/lepingouin_copilot_image_1756403861464-150x150.png 150w, https:\/\/dasmedienzentrum.org\/wp-content\/uploads\/2025\/09\/lepingouin_copilot_image_1756403861464-768x768.png 768w, https:\/\/dasmedienzentrum.org\/wp-content\/uploads\/2025\/09\/lepingouin_copilot_image_1756403861464-100x100.png 100w\" sizes=\"auto, (max-width: 767px) 89vw, (max-width: 1000px) 54vw, (max-width: 1071px) 543px, 580px\" \/><\/figure>\n\n\n\n<p>Dies ist ein &#8211; erster &#8211; Versuch, Podcasts automatisiert zu erstellen. Spannend, wie sehr &#8211; erst recht in Folgeversionen &#8211; auf aktuelle politische Entwicklungen, Stichwort Gr\u00f6nland, eingegangen wird. Hintergrund ist ein Gastbesuch einer geschlossenen Profi-Gruppe &#8218;<strong>MediaSales<\/strong>&#8218;. Dort wurde man &#8211; durchaus verst\u00e4ndlich &#8211; als <strong>&#8218;Der Spion?&#8216;<\/strong> begr\u00fc\u00dft. Ein Anlass etwas zu dem Thema &#8222;<em><strong>Der Spion aus der K\u00e4lte kam<\/strong><\/em>&#8220; zu komponieren. Literarischer Hintergrund und Vorbild ist der franz\u00f6sische Autor Fr\u00e9d\u00e9ric Dard, der zwischen den 50er und 90er Jahren zahlreiche Krimis &#8218;Polars&#8216; schrieb. \u00dcber deren Tonality und Inhalte schweigen wir hier besser. Lol.<\/p>\n\n\n\n<p>Und da man schon einmal bei der KI ist, das Ganze wird auch flix \u00fcbersetzt in eine Sprache der eigenen Wahl. Fr\u00e9d\u00e9ric Dard war Franzose, deshalb jetzt auch in seiner Sprache mit der er so sch\u00f6n umgehen konnte \u2026<\/p>\n\n\n\n<p>Einer seiner Romane hatte den Titel: <em><strong>\u201eLes Souris ont la peau tendre\u201d<\/strong><\/em><\/p>\n\n\n\n<p>\u201eM\u00e4use habe eine zarte Haut\u201c \u2026 was er auch immer damit meinte.<\/p>\n\n\n\n<p>Eine kleine Hommage dazu:<\/p>\n\n\n\n<p><strong><em>Die Zukunft? Sie kommt mit Algorithmen, die Gef\u00fchle z\u00e4hlen wollen.<br>Aber Fr\u00e9d\u00e9ric h\u00e4tte gesagt: \u201eZ\u00e4hlen ist was f\u00fcr Banker. Lieben ist was f\u00fcr Verr\u00fcckte.\u201c<\/em><\/strong><\/p>\n\n\n\n<p>Zum Podcast in deutscher Sprache<\/p>\n\n\n\n<p><\/p>\n\n\n\n<figure class=\"wp-block-embed is-type-video is-provider-youtube wp-block-embed-youtube wp-embed-aspect-16-9 wp-has-aspect-ratio\"><div class=\"wp-block-embed__wrapper\">\n<iframe loading=\"lazy\" title=\"Die Baronin und ihr Pinguin  -  ein Podcast\" width=\"525\" height=\"295\" src=\"https:\/\/www.youtube.com\/embed\/UUYq4-tYfws?feature=oembed\" frameborder=\"0\" allow=\"accelerometer; autoplay; clipboard-write; encrypted-media; gyroscope; picture-in-picture; web-share\" referrerpolicy=\"strict-origin-when-cross-origin\" allowfullscreen><\/iframe>\n<\/div><\/figure>\n\n\n\n<p><strong>Ceci est une \u2014 premi\u00e8re \u2014 tentative de cr\u00e9ation automatis\u00e9e de podcasts.<\/strong><br>Il est fascinant de voir \u00e0 quel point \u2014 surtout dans les versions ult\u00e9rieures \u2014 les d\u00e9veloppements politiques actuels, comme le cas du Groenland, sont abord\u00e9s.<br>Le contexte est une visite dans un groupe professionnel ferm\u00e9 appel\u00e9 \u00ab RadioSales \u00bb. L\u00e0-bas, on m\u2019a accueilli \u2014 de mani\u00e8re compr\u00e9hensible \u2014 par un \u00ab L\u2019espion ? \u00bb.<br>Cela a inspir\u00e9 l\u2019id\u00e9e de composer quelque chose autour du th\u00e8me&nbsp;<em>\u00ab L\u2019espion venu du froid \u00bb<\/em>.<br>L\u2019arri\u00e8re-plan litt\u00e9raire et le mod\u00e8le sont les romans de l\u2019auteur fran\u00e7ais Fr\u00e9d\u00e9ric Dard, qui a \u00e9crit de nombreux&nbsp;<em>polars<\/em>&nbsp;entre les ann\u00e9es 1950 et 1990.<br>Quant \u00e0 leur tonalit\u00e9 et contenu\u2026 mieux vaut garder le silence ici. Lol.<\/p>\n\n\n\n<p><strong>Et puisqu\u2019on est d\u00e9j\u00e0 dans le monde de l\u2019IA, tout cela est rapidement traduit dans la langue de son choix. Fr\u00e9d\u00e9ric Dard \u00e9tait fran\u00e7ais, alors je rends hommage \u00e0 sa langue \u2014 qu\u2019il maniait si bien\u2026<\/strong><br><em><strong>Les souris ont la peau tendre.<\/strong><\/em><\/p>\n\n\n\n<p><strong>Version fran\u00e7aise<\/strong> <strong>du podcast<\/strong>:<\/p>\n\n\n\n<figure class=\"wp-block-embed is-type-video is-provider-youtube wp-block-embed-youtube wp-embed-aspect-4-3 wp-has-aspect-ratio\"><div class=\"wp-block-embed__wrapper\">\n<iframe loading=\"lazy\" title=\"L&#039;espion qui venait du froid - Les souris ont la peau tendre\" width=\"525\" height=\"394\" src=\"https:\/\/www.youtube.com\/embed\/ojS2rk2vs6w?feature=oembed\" frameborder=\"0\" allow=\"accelerometer; autoplay; clipboard-write; encrypted-media; gyroscope; picture-in-picture; web-share\" referrerpolicy=\"strict-origin-when-cross-origin\" allowfullscreen><\/iframe>\n<\/div><\/figure>\n\n\n\n<p><\/p>\n\n\n\n<figure class=\"wp-block-image size-large\"><img loading=\"lazy\" decoding=\"async\" width=\"887\" height=\"1024\" src=\"https:\/\/dasmedienzentrum.org\/wp-content\/uploads\/2025\/09\/NotebookLM-Mind-Map-vs-fr-887x1024.png\" alt=\"\" class=\"wp-image-1822\" srcset=\"https:\/\/dasmedienzentrum.org\/wp-content\/uploads\/2025\/09\/NotebookLM-Mind-Map-vs-fr-887x1024.png 887w, https:\/\/dasmedienzentrum.org\/wp-content\/uploads\/2025\/09\/NotebookLM-Mind-Map-vs-fr-260x300.png 260w, https:\/\/dasmedienzentrum.org\/wp-content\/uploads\/2025\/09\/NotebookLM-Mind-Map-vs-fr-768x887.png 768w, https:\/\/dasmedienzentrum.org\/wp-content\/uploads\/2025\/09\/NotebookLM-Mind-Map-vs-fr-1330x1536.png 1330w, https:\/\/dasmedienzentrum.org\/wp-content\/uploads\/2025\/09\/NotebookLM-Mind-Map-vs-fr-1773x2048.png 1773w\" sizes=\"auto, (max-width: 767px) 89vw, (max-width: 1000px) 54vw, (max-width: 1071px) 543px, 580px\" \/><\/figure>\n\n\n\n<p><\/p>\n\n\n\n<p><br><br><\/p>\n\n\n\n<figure class=\"wp-block-image size-full\"><img loading=\"lazy\" decoding=\"async\" width=\"396\" height=\"781\" src=\"https:\/\/dasmedienzentrum.org\/wp-content\/uploads\/2025\/09\/lessourisontlapeautendre.jpg\" alt=\"\" class=\"wp-image-1820\" srcset=\"https:\/\/dasmedienzentrum.org\/wp-content\/uploads\/2025\/09\/lessourisontlapeautendre.jpg 396w, https:\/\/dasmedienzentrum.org\/wp-content\/uploads\/2025\/09\/lessourisontlapeautendre-152x300.jpg 152w\" sizes=\"auto, (max-width: 396px) 100vw, 396px\" \/><\/figure>\n","protected":false},"excerpt":{"rendered":"<p>Dies ist ein &#8211; erster &#8211; Versuch, Podcasts automatisiert zu erstellen. Spannend, wie sehr &#8211; erst recht in Folgeversionen &#8211; auf aktuelle politische Entwicklungen, Stichwort Gr\u00f6nland, eingegangen wird. Hintergrund ist ein Gastbesuch einer geschlossenen Profi-Gruppe &#8218;MediaSales&#8218;. Dort wurde man &#8211; durchaus verst\u00e4ndlich &#8211; als &#8218;Der Spion?&#8216; begr\u00fc\u00dft. Ein Anlass etwas zu dem Thema &#8222;Der Spion &hellip; <\/p>\n<p class=\"link-more\"><a href=\"https:\/\/dasmedienzentrum.org\/?p=1816\" class=\"more-link\"><span class=\"screen-reader-text\">\u201eDie Baronin und ihr Pinguin &#8211; ein Podcast\u201c<\/span> weiterlesen<\/a><\/p>\n","protected":false},"author":1,"featured_media":0,"comment_status":"closed","ping_status":"closed","sticky":false,"template":"","format":"standard","meta":{"footnotes":""},"categories":[1],"tags":[],"class_list":["post-1816","post","type-post","status-publish","format-standard","hentry","category-allgemein"],"_links":{"self":[{"href":"https:\/\/dasmedienzentrum.org\/index.php?rest_route=\/wp\/v2\/posts\/1816","targetHints":{"allow":["GET"]}}],"collection":[{"href":"https:\/\/dasmedienzentrum.org\/index.php?rest_route=\/wp\/v2\/posts"}],"about":[{"href":"https:\/\/dasmedienzentrum.org\/index.php?rest_route=\/wp\/v2\/types\/post"}],"author":[{"embeddable":true,"href":"https:\/\/dasmedienzentrum.org\/index.php?rest_route=\/wp\/v2\/users\/1"}],"replies":[{"embeddable":true,"href":"https:\/\/dasmedienzentrum.org\/index.php?rest_route=%2Fwp%2Fv2%2Fcomments&post=1816"}],"version-history":[{"count":5,"href":"https:\/\/dasmedienzentrum.org\/index.php?rest_route=\/wp\/v2\/posts\/1816\/revisions"}],"predecessor-version":[{"id":1824,"href":"https:\/\/dasmedienzentrum.org\/index.php?rest_route=\/wp\/v2\/posts\/1816\/revisions\/1824"}],"wp:attachment":[{"href":"https:\/\/dasmedienzentrum.org\/index.php?rest_route=%2Fwp%2Fv2%2Fmedia&parent=1816"}],"wp:term":[{"taxonomy":"category","embeddable":true,"href":"https:\/\/dasmedienzentrum.org\/index.php?rest_route=%2Fwp%2Fv2%2Fcategories&post=1816"},{"taxonomy":"post_tag","embeddable":true,"href":"https:\/\/dasmedienzentrum.org\/index.php?rest_route=%2Fwp%2Fv2%2Ftags&post=1816"}],"curies":[{"name":"wp","href":"https:\/\/api.w.org\/{rel}","templated":true}]}}