{"id":1837,"date":"2025-10-04T11:31:27","date_gmt":"2025-10-04T09:31:27","guid":{"rendered":"https:\/\/dasmedienzentrum.org\/?p=1837"},"modified":"2025-10-04T11:32:02","modified_gmt":"2025-10-04T09:32:02","slug":"ki-lohnt-sich-das","status":"publish","type":"post","link":"https:\/\/dasmedienzentrum.org\/?p=1837","title":{"rendered":"KI &#8211; lohnt sich das?"},"content":{"rendered":"\n<p><\/p>\n\n\n\n<figure class=\"wp-block-image size-large\"><img loading=\"lazy\" decoding=\"async\" width=\"1024\" height=\"585\" src=\"https:\/\/dasmedienzentrum.org\/wp-content\/uploads\/2025\/10\/NotebookLM-Mind-Map-2-1024x585.png\" alt=\"\" class=\"wp-image-1843\" srcset=\"https:\/\/dasmedienzentrum.org\/wp-content\/uploads\/2025\/10\/NotebookLM-Mind-Map-2-1024x585.png 1024w, https:\/\/dasmedienzentrum.org\/wp-content\/uploads\/2025\/10\/NotebookLM-Mind-Map-2-300x171.png 300w, https:\/\/dasmedienzentrum.org\/wp-content\/uploads\/2025\/10\/NotebookLM-Mind-Map-2-768x439.png 768w, https:\/\/dasmedienzentrum.org\/wp-content\/uploads\/2025\/10\/NotebookLM-Mind-Map-2-1536x878.png 1536w, https:\/\/dasmedienzentrum.org\/wp-content\/uploads\/2025\/10\/NotebookLM-Mind-Map-2-2048x1171.png 2048w\" sizes=\"auto, (max-width: 767px) 89vw, (max-width: 1000px) 54vw, (max-width: 1071px) 543px, 580px\" \/><\/figure>\n\n\n\n<p>In der Ausgabe <strong>#RadioSalesWeekly&nbsp;124<\/strong>&nbsp;geht es um Einsatzm\u00f6glichkeiten der KI in Radio und in Audio. Ganz besonders im Vertrieb, im Coaching, in der Auswertung der Vertriebsakativit\u00e4ten.<\/p>\n\n\n\n<p>Einmal live in einem Gespr\u00e4ch zwischen Alexander Zeitelhack, Andreas Sprengart und Host Helmut Poppe. Siehe weiter nten.<\/p>\n\n\n\n<p>Und dann wird es spannend mit dem <strong>Google-Tool Notebook LM<\/strong> mit dem sich unter anderem  wirklich gute und authentische Podcasts erstellen lassen &#8211; sozusagen als <strong>&#8218;Nebenprodukt&#8216; <\/strong>dieser KI-gest\u00fctzten Anwendung.<\/p>\n\n\n\n<p><strong>Lohnt sich der Aufwand, einen Vergleich anzustellen hinsichtlich: Neue Erkenntnisse der Avatare, H\u00f6rfreundlichkeit, &#8230;?<\/strong>&nbsp;<\/p>\n\n\n\n<figure class=\"wp-block-embed is-type-video is-provider-youtube wp-block-embed-youtube wp-embed-aspect-16-9 wp-has-aspect-ratio\"><div class=\"wp-block-embed__wrapper\">\n<iframe loading=\"lazy\" title=\"KI im Mediavertrieb   ein Nachspiel zu einem echten Videocast   #RadioSalesWeekly 124\" width=\"525\" height=\"295\" src=\"https:\/\/www.youtube.com\/embed\/ZKJAQ8BDvD8?feature=oembed\" frameborder=\"0\" allow=\"accelerometer; autoplay; clipboard-write; encrypted-media; gyroscope; picture-in-picture; web-share\" referrerpolicy=\"strict-origin-when-cross-origin\" allowfullscreen><\/iframe>\n<\/div><\/figure>\n\n\n\n<p><strong>Und hier das Original:&nbsp;<\/strong><\/p>\n\n\n\n<figure class=\"wp-block-embed is-type-video is-provider-youtube wp-block-embed-youtube wp-embed-aspect-16-9 wp-has-aspect-ratio\"><div class=\"wp-block-embed__wrapper\">\n<iframe loading=\"lazy\" title=\"Wenn es beim Kunden t\u00f6nt \u201eDr\u00fccken Sie die 1\u201c RadioSalesWeekly - KI im Verkauf, in HR, in media sales\" width=\"525\" height=\"295\" src=\"https:\/\/www.youtube.com\/embed\/291ox4srgGk?feature=oembed\" frameborder=\"0\" allow=\"accelerometer; autoplay; clipboard-write; encrypted-media; gyroscope; picture-in-picture; web-share\" referrerpolicy=\"strict-origin-when-cross-origin\" allowfullscreen><\/iframe>\n<\/div><\/figure>\n\n\n\n<p>OK, alles h\u00e4ngt vom geschickten Einsatz der Prompts ab. Da ist es einem doch gelungen , seinen eigenen Namen als Urheber gleich nach den ersten 25 Sekunden unterzubringen.<br>Das Tool von radiozeiten.de wird in der Originalversion besprochen, von den freundlichen Avataren weniger. Nichts ist einfacher, als dies zu korrigieren &#8230;<\/p>\n\n\n\n<p>Man kommt rasch zu dem Ergebnis, dass die KI-generierte Version sich alle herk\u00f6mmlichen Aspekte des KI-Einsatzes in Medien heranholt, wie auch in der eingangs aufgef\u00fchrten Grafik\/Mindmap dargestellt. Zu einem gew\u00fcnschten Ergebnis k\u00e4me man aber mit zielgerichteten Prompts.<br><br>Radiozeit sagt zu sich: <strong><em>&#8222;Radiozeit turns audio into knowledge \u2013 in real time, accessible to all, and ready for strategic use.&#8220;<\/em><\/strong><br>F\u00fcr Marketingstrategen bietet das Unternehmen die Erfassung und die Auswertung von Radio und Audio unter anderem von Werbebeitr\u00e4gen: Wer hat wann was in welcher L\u00e4nge on air gebracht? Die Analyse l\u00e4sst sich fortsetzen in einer Konkurrenzbeobachtung mit nachfolgenden Strategieempfehlungen.<\/p>\n\n\n\n<p>KI bietet somit einen echte Fortschritt gegen\u00fcber herk\u00f6mmlichen Mitschnitten, H\u00f6rauswertungen durch Menschen und auch im Vergleich mit eventuellen Watermark-Verfahren. Es liegt an den Radioanbietern und Vermarktern, diese Chance zu ergreifen. Dem Vernehmen nach bringen eine internationale Gruppe sowie einige Lokalsender das Tool bereits zum Einsatz. Spannend wird dabei die Beantwortung der Frage &#8211; neben der reinen Konkurrenzbeobachtung &#8211; wie sich das Verh\u00e4ltnis lokaler zu nationaler Werbung darstellt. Und zwar nicht nur in Sekunden sondern in Netto-Ums\u00e4tzen. Sind es 60\/40 wie zum Beispiel im mit zahlreiche Radioanbietern versorgten Nachbarland Frankreich?<br><br>Dies ist aber eine weitere Dimension, man kann ja nur schlecht in die Auftragslisten der Agenturen und Werbungtreibenden schauen. Ein Ansatzpunkt ist allerdings der Report des<br><a href=\"https:\/\/zaw.de\/branchendaten\/werbemarkt-nach-medien\/\"><strong>AW \u2013 Zentralverband der deutschen Werbewirtschaft.<\/strong> <\/a>Der ZAW ver\u00f6ffentlicht j\u00e4hrlich die <strong>Gesamtnettowerbeums\u00e4tze<\/strong> aller Mediengattungen, darunter auch Radio.<\/p>\n\n\n\n<p>Hier geht es zu <strong><a href=\"https:\/\/b2b.radiozeit.de\/\">radiozeit.de<\/a>,<\/strong> wobei der Name irref\u00fchren kann, die angebotenen Tools umfassen nach Auskunft des Anbieters auch andere Mediengattungen.<\/p>\n\n\n\n<p><\/p>\n\n\n\n<p><\/p>\n","protected":false},"excerpt":{"rendered":"<p>In der Ausgabe #RadioSalesWeekly&nbsp;124&nbsp;geht es um Einsatzm\u00f6glichkeiten der KI in Radio und in Audio. Ganz besonders im Vertrieb, im Coaching, in der Auswertung der Vertriebsakativit\u00e4ten. Einmal live in einem Gespr\u00e4ch zwischen Alexander Zeitelhack, Andreas Sprengart und Host Helmut Poppe. Siehe weiter nten. Und dann wird es spannend mit dem Google-Tool Notebook LM mit dem sich &hellip; <\/p>\n<p class=\"link-more\"><a href=\"https:\/\/dasmedienzentrum.org\/?p=1837\" class=\"more-link\"><span class=\"screen-reader-text\">\u201eKI &#8211; lohnt sich das?\u201c<\/span> weiterlesen<\/a><\/p>\n","protected":false},"author":1,"featured_media":0,"comment_status":"closed","ping_status":"closed","sticky":false,"template":"","format":"standard","meta":{"footnotes":""},"categories":[1],"tags":[],"class_list":["post-1837","post","type-post","status-publish","format-standard","hentry","category-allgemein"],"_links":{"self":[{"href":"https:\/\/dasmedienzentrum.org\/index.php?rest_route=\/wp\/v2\/posts\/1837","targetHints":{"allow":["GET"]}}],"collection":[{"href":"https:\/\/dasmedienzentrum.org\/index.php?rest_route=\/wp\/v2\/posts"}],"about":[{"href":"https:\/\/dasmedienzentrum.org\/index.php?rest_route=\/wp\/v2\/types\/post"}],"author":[{"embeddable":true,"href":"https:\/\/dasmedienzentrum.org\/index.php?rest_route=\/wp\/v2\/users\/1"}],"replies":[{"embeddable":true,"href":"https:\/\/dasmedienzentrum.org\/index.php?rest_route=%2Fwp%2Fv2%2Fcomments&post=1837"}],"version-history":[{"count":7,"href":"https:\/\/dasmedienzentrum.org\/index.php?rest_route=\/wp\/v2\/posts\/1837\/revisions"}],"predecessor-version":[{"id":1845,"href":"https:\/\/dasmedienzentrum.org\/index.php?rest_route=\/wp\/v2\/posts\/1837\/revisions\/1845"}],"wp:attachment":[{"href":"https:\/\/dasmedienzentrum.org\/index.php?rest_route=%2Fwp%2Fv2%2Fmedia&parent=1837"}],"wp:term":[{"taxonomy":"category","embeddable":true,"href":"https:\/\/dasmedienzentrum.org\/index.php?rest_route=%2Fwp%2Fv2%2Fcategories&post=1837"},{"taxonomy":"post_tag","embeddable":true,"href":"https:\/\/dasmedienzentrum.org\/index.php?rest_route=%2Fwp%2Fv2%2Ftags&post=1837"}],"curies":[{"name":"wp","href":"https:\/\/api.w.org\/{rel}","templated":true}]}}