{"id":1959,"date":"2026-04-27T12:31:12","date_gmt":"2026-04-27T10:31:12","guid":{"rendered":"https:\/\/dasmedienzentrum.org\/?p=1959"},"modified":"2026-04-27T12:31:12","modified_gmt":"2026-04-27T10:31:12","slug":"radio-advertising-summit-2026","status":"publish","type":"post","link":"https:\/\/dasmedienzentrum.org\/?p=1959","title":{"rendered":"Radio Advertising Summit 2026"},"content":{"rendered":"\n<figure class=\"wp-block-image size-large\"><img loading=\"lazy\" decoding=\"async\" width=\"1024\" height=\"462\" src=\"https:\/\/dasmedienzentrum.org\/wp-content\/uploads\/2026\/04\/ras26-audio-8millisek-1024x462.jpg\" alt=\"\" class=\"wp-image-1960\" srcset=\"https:\/\/dasmedienzentrum.org\/wp-content\/uploads\/2026\/04\/ras26-audio-8millisek-1024x462.jpg 1024w, https:\/\/dasmedienzentrum.org\/wp-content\/uploads\/2026\/04\/ras26-audio-8millisek-300x135.jpg 300w, https:\/\/dasmedienzentrum.org\/wp-content\/uploads\/2026\/04\/ras26-audio-8millisek-768x346.jpg 768w, https:\/\/dasmedienzentrum.org\/wp-content\/uploads\/2026\/04\/ras26-audio-8millisek-1536x692.jpg 1536w, https:\/\/dasmedienzentrum.org\/wp-content\/uploads\/2026\/04\/ras26-audio-8millisek-2048x923.jpg 2048w\" sizes=\"auto, (max-width: 767px) 89vw, (max-width: 1000px) 54vw, (max-width: 1071px) 543px, 580px\" \/><\/figure>\n\n\n\n<p>Wieder einiges gelernt in K\u00f6ln.&nbsp;<\/p>\n\n\n\n<p>Einer der spannendsten Reminder: Audio erreicht das Gehirn schneller als Bild \u2013 rund 8 Millisekunden vs. 16. Geschwindigkeit ist kein Nice\u2011to\u2011have, sondern ein strategischer Vorteil, wenn Marken Aufmerksamkeit in fragmentierten Umfeldern brauchen.<\/p>\n\n\n\n<p>Kleiner Seitenhieb \u201evisuelle Aufmerksamkeit kollabiert\u201c<\/p>\n\n\n\n<p>Radiozeit liefert passende Evidenz:&nbsp;<\/p>\n\n\n\n<p>&#8211; reale Radionutzung&nbsp;<\/p>\n\n\n\n<p>&#8211; Auswertung, was wirklich funktioniert&nbsp;<\/p>\n\n\n\n<p>&#8211; Strategien, wie Audio-Kampagnen performen (auch FM!!)<\/p>\n\n\n\n<p>&#8211; wer wirbt wo, f\u00fcr welche Angebote, mit welchen Motiven?&nbsp;<\/p>\n\n\n\n<p>Was nicht auf der B\u00fchne gezeigt wurde:&nbsp;<\/p>\n\n\n\n<p>Wie Sales\u2011Teams heute unterst\u00fctzt werden k\u00f6nnen.&nbsp;<\/p>\n\n\n\n<p>Beispiel: mediaticCONSEILS \u2013 4.000 Spots analysiert, Muster erkannt, Ableitungen f\u00fcr bessere Kreation, Planung UND&nbsp;\u2026 Neukundengewinnung.<\/p>\n\n\n\n<p>Hier liegt eine Chance f\u00fcr Radio mit Tools wie Lexmark, XERO und seinem Agenten JAX, US-Anbieter Intuit oder die franz\u00f6sische Fintech Pennylane. KI nicht nur f\u00fcr Buchhaltung, sondern auch f\u00fcr komplette KMU\u2011Workflows, inklusive Audio\u2011Marketing statt nur \u201astupend\u2019 auf virale Wow\u2011Momente auf TikTok zu setzen.<\/p>\n\n\n\n<p>TIPP f\u00fcr Sales: Redet mit den Techies und bildet Schnittstellen zu den \u201eL\u00e4stige Arbeit Abnehmern\u201c.<\/p>\n\n\n\n<p>Audio ist schnell. KI macht es skalierbar.&nbsp;<\/p>\n\n\n\n<p>Die Kombination mit den KI-Anbietern wird gerade f\u00fcr kleine Unternehmen ein echter Hebel.<\/p>\n\n\n\n<p><strong>#RAS26<\/strong> <strong>#radiomarketing<\/strong> <strong>#advertising<\/strong> <strong>#Audiowerbung<\/strong> <strong>#LocalSalesinRadio<\/strong> <strong>#FAZ<\/strong> <strong>#RadioSalesWeekly<\/strong> <strong>#radiozeit<\/strong> @Jef Duplaix &nbsp;@Mediatic Conseils<\/p>\n\n\n\n<figure class=\"wp-block-image size-large\"><img loading=\"lazy\" decoding=\"async\" width=\"1024\" height=\"1024\" src=\"https:\/\/dasmedienzentrum.org\/wp-content\/uploads\/2026\/04\/RAS26_collage_4-1024x1024.png\" alt=\"\" class=\"wp-image-1961\" srcset=\"https:\/\/dasmedienzentrum.org\/wp-content\/uploads\/2026\/04\/RAS26_collage_4-1024x1024.png 1024w, https:\/\/dasmedienzentrum.org\/wp-content\/uploads\/2026\/04\/RAS26_collage_4-300x300.png 300w, https:\/\/dasmedienzentrum.org\/wp-content\/uploads\/2026\/04\/RAS26_collage_4-150x150.png 150w, https:\/\/dasmedienzentrum.org\/wp-content\/uploads\/2026\/04\/RAS26_collage_4-768x768.png 768w, https:\/\/dasmedienzentrum.org\/wp-content\/uploads\/2026\/04\/RAS26_collage_4-1536x1536.png 1536w, https:\/\/dasmedienzentrum.org\/wp-content\/uploads\/2026\/04\/RAS26_collage_4-2048x2048.png 2048w, https:\/\/dasmedienzentrum.org\/wp-content\/uploads\/2026\/04\/RAS26_collage_4-100x100.png 100w\" sizes=\"auto, (max-width: 767px) 89vw, (max-width: 1000px) 54vw, (max-width: 1071px) 543px, 580px\" \/><\/figure>\n\n\n\n<p>Im Bild: Robert F\u00f6rster \u2013 radiozeit, Helmut Poppe \u2013 RadioSalesWeekly, Hannes Gregor -Programmchef BB Radio.<\/p>\n","protected":false},"excerpt":{"rendered":"<p>Wieder einiges gelernt in K\u00f6ln.&nbsp; Einer der spannendsten Reminder: Audio erreicht das Gehirn schneller als Bild \u2013 rund 8 Millisekunden vs. 16. Geschwindigkeit ist kein Nice\u2011to\u2011have, sondern ein strategischer Vorteil, wenn Marken Aufmerksamkeit in fragmentierten Umfeldern brauchen. Kleiner Seitenhieb \u201evisuelle Aufmerksamkeit kollabiert\u201c Radiozeit liefert passende Evidenz:&nbsp; &#8211; reale Radionutzung&nbsp; &#8211; Auswertung, was wirklich funktioniert&nbsp; &#8211; &hellip; <\/p>\n<p class=\"link-more\"><a href=\"https:\/\/dasmedienzentrum.org\/?p=1959\" class=\"more-link\"><span class=\"screen-reader-text\">\u201eRadio Advertising Summit 2026\u201c<\/span> weiterlesen<\/a><\/p>\n","protected":false},"author":1,"featured_media":0,"comment_status":"closed","ping_status":"closed","sticky":false,"template":"","format":"standard","meta":{"footnotes":""},"categories":[1],"tags":[],"class_list":["post-1959","post","type-post","status-publish","format-standard","hentry","category-allgemein"],"_links":{"self":[{"href":"https:\/\/dasmedienzentrum.org\/index.php?rest_route=\/wp\/v2\/posts\/1959","targetHints":{"allow":["GET"]}}],"collection":[{"href":"https:\/\/dasmedienzentrum.org\/index.php?rest_route=\/wp\/v2\/posts"}],"about":[{"href":"https:\/\/dasmedienzentrum.org\/index.php?rest_route=\/wp\/v2\/types\/post"}],"author":[{"embeddable":true,"href":"https:\/\/dasmedienzentrum.org\/index.php?rest_route=\/wp\/v2\/users\/1"}],"replies":[{"embeddable":true,"href":"https:\/\/dasmedienzentrum.org\/index.php?rest_route=%2Fwp%2Fv2%2Fcomments&post=1959"}],"version-history":[{"count":1,"href":"https:\/\/dasmedienzentrum.org\/index.php?rest_route=\/wp\/v2\/posts\/1959\/revisions"}],"predecessor-version":[{"id":1962,"href":"https:\/\/dasmedienzentrum.org\/index.php?rest_route=\/wp\/v2\/posts\/1959\/revisions\/1962"}],"wp:attachment":[{"href":"https:\/\/dasmedienzentrum.org\/index.php?rest_route=%2Fwp%2Fv2%2Fmedia&parent=1959"}],"wp:term":[{"taxonomy":"category","embeddable":true,"href":"https:\/\/dasmedienzentrum.org\/index.php?rest_route=%2Fwp%2Fv2%2Fcategories&post=1959"},{"taxonomy":"post_tag","embeddable":true,"href":"https:\/\/dasmedienzentrum.org\/index.php?rest_route=%2Fwp%2Fv2%2Ftags&post=1959"}],"curies":[{"name":"wp","href":"https:\/\/api.w.org\/{rel}","templated":true}]}}