{"id":217,"date":"2018-09-21T12:20:43","date_gmt":"2018-09-21T10:20:43","guid":{"rendered":"http:\/\/dasmedienzentrum.org\/?p=217"},"modified":"2018-09-21T17:52:00","modified_gmt":"2018-09-21T15:52:00","slug":"digital-us-vs-kreativitaet-eu-oder-wer-machts-besser-und-zukunftsweisender","status":"publish","type":"post","link":"https:\/\/dasmedienzentrum.org\/?p=217","title":{"rendered":"Digital US vs Kreativit\u00e4t EU? Oder, wer macht&#8217;s besser und zukunftsweisender?"},"content":{"rendered":"<p>Die bestimmt gr\u00f6\u00dfte Digitalmesse Europas \u201edmexco\u201c besuchten in der vergangenen Woche sage und schreibe 41.000 Menschen in K\u00f6ln. Auf 18 B\u00fchnen sprachen 570 Referenten verschiedener Fachrichtungen \u00fcber zumeist digital getriebene Marketingthemen, 1000 Aussteller pr\u00e4sentierten ihre Produkte und Dienstleistungen. Digital wird in Deutschland durch Entwicklungen aus dem US-amerikanischen Markt stark beeinflusst, so stand die dmexco unter dem englischen Akronym C.A.R.E. was f\u00fcr \u201ecuriosity, action, responsibility und experience\u201c steht. Ein Schelm sagt dazu \u201eWen &#8218;cared&#8217;s\/k\u00fcmmert\u2019s?\u201c Gerade Sorgfalt ist bekanntlich angebracht, wenn es um Datenschutz, Privatsph\u00e4re und Urheberrecht geht. Es liefen zahleiche Gralsh\u00fcter umher mit ihren CRM-Kelchen und programmatic Versprechungen (Kundenbindung ist damit gemeint und die Verteilung mit einer in Neudeutsch formulierten computergest\u00fctzten \u201eAdressierung\u201c \u00a0von Inhalten und Werbung).<\/p>\n<p><img loading=\"lazy\" decoding=\"async\" class=\"size-medium wp-image-218 aligncenter\" src=\"http:\/\/dasmedienzentrum.org\/wp-content\/uploads\/2018\/09\/afficheNPOVAQ18-222x300.jpg\" alt=\"\" width=\"222\" height=\"300\" srcset=\"https:\/\/dasmedienzentrum.org\/wp-content\/uploads\/2018\/09\/afficheNPOVAQ18-222x300.jpg 222w, https:\/\/dasmedienzentrum.org\/wp-content\/uploads\/2018\/09\/afficheNPOVAQ18-768x1036.jpg 768w, https:\/\/dasmedienzentrum.org\/wp-content\/uploads\/2018\/09\/afficheNPOVAQ18-759x1024.jpg 759w, https:\/\/dasmedienzentrum.org\/wp-content\/uploads\/2018\/09\/afficheNPOVAQ18.jpg 775w\" sizes=\"auto, (max-width: 222px) 100vw, 222px\" \/><\/p>\n<p>Wohltuend anders stellte sich die Innovationsmesse NOVAQ in Bordeaux dar. Hier ging es um konkrete Projekte, die uns unmittelbar betreffen. in der Region Nouvelle Aquitaine, die sich mehr und mehr zu einer Vorzeigeregion Frankreichs entwickelt, befinden sich zahlreiche internationale Unternehmen aus der Luftfahrt-, Raumfahrt-, Gesundheits- \u00a0und Ern\u00e4hrungsbranche. Anders als in K\u00f6ln zeigten die in Bordeaux ebenfalls letzte Woche pr\u00e4senten Anbieter Innovationen f\u00fcr Gesundheit, Meeresbiologie und Raumfahrt mithilfe auch von K\u00fcnstlicher Intelligenz, Robotik und virtueller Realit\u00e4t.<\/p>\n<p>So simulierte ein junges Unternehmen dreidimensional, wie eine Marslandung trainiert wird und Arianespace-Chefin Luce Fabreguettes \u00a0berichtete von der Umsetzung komplizierter Planungsvorbereitungen und von Abl\u00e4ufen , die notwendig sind, um Satelliten in Umlauf zu bringen. Das franz\u00f6sische Unternehmen &#8218;<em><strong>cortexproductions<\/strong><\/em>&#8218; und sein deutscher Chef, Andreas Koch, zeigte mit seiner Mannschaft ein eindrucksvolles 360-Grad-Leinwand-Projekt und wie Prozesse im menschlichen K\u00f6rper ablaufen. In einem Zylinder k\u00f6nnen bis zu 30 Zuschauer gemeinsam erleben, wie Blutk\u00f6rperchen funktionieren. Gleichzeitig werden sie in Lage gesetzt, diese \u201eanzufassen\u201c und auszuprobieren.<\/p>\n<p><img loading=\"lazy\" decoding=\"async\" class=\"size-medium wp-image-219 aligncenter\" src=\"http:\/\/dasmedienzentrum.org\/wp-content\/uploads\/2018\/09\/NOVAQ_spheres-226x300.jpg\" alt=\"\" width=\"226\" height=\"300\" srcset=\"https:\/\/dasmedienzentrum.org\/wp-content\/uploads\/2018\/09\/NOVAQ_spheres-226x300.jpg 226w, https:\/\/dasmedienzentrum.org\/wp-content\/uploads\/2018\/09\/NOVAQ_spheres-768x1018.jpg 768w, https:\/\/dasmedienzentrum.org\/wp-content\/uploads\/2018\/09\/NOVAQ_spheres-773x1024.jpg 773w, https:\/\/dasmedienzentrum.org\/wp-content\/uploads\/2018\/09\/NOVAQ_spheres.jpg 790w\" sizes=\"auto, (max-width: 226px) 100vw, 226px\" \/><\/p>\n<p>Weitere Akteure stellten unter anderem L\u00f6sungen f\u00fcr die Bew\u00e4ltigung des Plastikproblems in Meeren, f\u00fcr die Vermeidung von \u00dcberschwemmungen, Antworten zur Behebung von Verkehrsstaus und f\u00fcr die Linderung spezieller gesundheitlicher Probleme von Behinderten vor. Umgangssprache war hier Franz\u00f6sisch. Zugebenerma\u00dfen in einem wesentlich kleineren Ambiente, daf\u00fcr konkret, handfest und am Ufer der Garonne mit einem atemberaubenden Panorama.<\/p>\n<p><img loading=\"lazy\" decoding=\"async\" class=\"size-medium wp-image-220 aligncenter\" src=\"http:\/\/dasmedienzentrum.org\/wp-content\/uploads\/2018\/09\/lfabreguette_arianespaceNOVAQ-300x180.jpg\" alt=\"\" width=\"300\" height=\"180\" srcset=\"https:\/\/dasmedienzentrum.org\/wp-content\/uploads\/2018\/09\/lfabreguette_arianespaceNOVAQ-300x180.jpg 300w, https:\/\/dasmedienzentrum.org\/wp-content\/uploads\/2018\/09\/lfabreguette_arianespaceNOVAQ-768x461.jpg 768w, https:\/\/dasmedienzentrum.org\/wp-content\/uploads\/2018\/09\/lfabreguette_arianespaceNOVAQ-1024x614.jpg 1024w, https:\/\/dasmedienzentrum.org\/wp-content\/uploads\/2018\/09\/lfabreguette_arianespaceNOVAQ-2000x1200.jpg 2000w\" sizes=\"auto, (max-width: 300px) 100vw, 300px\" \/><\/p>\n<p>Insgesamt also eine gelungene Messe f\u00fcr greifbare Innovationen in einem \u00fcberschaubaren Rahmen &#8211; es w\u00e4re bestimmt empfehlenswert, solche Veranstaltungen auf einen binationalen deutsch-franz\u00f6sischen oder gleich auf einen europ\u00e4ischen Rahmen zu heben. Nicht zuletzt bestehen Partnerschaften zwischen den einzelnen Regionen und St\u00e4dten. Und da werden\u00a0 einige\u00a0zurecht rufen \u201e<em>Vive l\u2019Europe!<\/em>\u201c oder auch gerne auf Englisch \u201e<em>Make Europe Great again<\/em>!&#8220;<\/p>\n<figure id=\"attachment_222\" aria-describedby=\"caption-attachment-222\" style=\"width: 1074px\" class=\"wp-caption alignnone\"><a href=\"https:\/\/youtu.be\/N3LEsVEKmDA\"><img loading=\"lazy\" decoding=\"async\" class=\"wp-image-222 size-full\" src=\"http:\/\/dasmedienzentrum.org\/wp-content\/uploads\/2018\/09\/dt_frz_innovationspreis_AndreasKoch.jpg\" alt=\"\" width=\"1074\" height=\"582\" srcset=\"https:\/\/dasmedienzentrum.org\/wp-content\/uploads\/2018\/09\/dt_frz_innovationspreis_AndreasKoch.jpg 1074w, https:\/\/dasmedienzentrum.org\/wp-content\/uploads\/2018\/09\/dt_frz_innovationspreis_AndreasKoch-300x163.jpg 300w, https:\/\/dasmedienzentrum.org\/wp-content\/uploads\/2018\/09\/dt_frz_innovationspreis_AndreasKoch-768x416.jpg 768w, https:\/\/dasmedienzentrum.org\/wp-content\/uploads\/2018\/09\/dt_frz_innovationspreis_AndreasKoch-1024x555.jpg 1024w\" sizes=\"auto, (max-width: 767px) 89vw, (max-width: 1000px) 54vw, (max-width: 1071px) 543px, 580px\" \/><\/a><figcaption id=\"caption-attachment-222\" class=\"wp-caption-text\">Fast and dirty &#8211; schnelles Video von der Messe &#8222;Salon de l&#8217;innovation&#8220; NOVAQ, Bordeaux im September 2018. Einfach anklicken.<\/figcaption><\/figure>\n<p>Andreas Koch, Gesch\u00e4ftsf\u00fchrer von cortexproductions (Gewinner des deutsch-franz\u00f6sichen Innovationspreises 2018) im Gespr\u00e4ch mit Helmut Poppe auf dem salon de l&#8217;innovation NOVAQ in Bordeaux.<\/p>\n","protected":false},"excerpt":{"rendered":"<p>Die bestimmt gr\u00f6\u00dfte Digitalmesse Europas \u201edmexco\u201c besuchten in der vergangenen Woche sage und schreibe 41.000 Menschen in K\u00f6ln. Auf 18 B\u00fchnen sprachen 570 Referenten verschiedener Fachrichtungen \u00fcber zumeist digital getriebene Marketingthemen, 1000 Aussteller pr\u00e4sentierten ihre Produkte und Dienstleistungen. Digital wird in Deutschland durch Entwicklungen aus dem US-amerikanischen Markt stark beeinflusst, so stand die dmexco unter &hellip; <\/p>\n<p class=\"link-more\"><a href=\"https:\/\/dasmedienzentrum.org\/?p=217\" class=\"more-link\"><span class=\"screen-reader-text\">\u201eDigital US vs Kreativit\u00e4t EU? Oder, wer macht&#8217;s besser und zukunftsweisender?\u201c<\/span> weiterlesen<\/a><\/p>\n","protected":false},"author":1,"featured_media":0,"comment_status":"open","ping_status":"open","sticky":false,"template":"","format":"standard","meta":{"footnotes":""},"categories":[1],"tags":[],"class_list":["post-217","post","type-post","status-publish","format-standard","hentry","category-allgemein"],"_links":{"self":[{"href":"https:\/\/dasmedienzentrum.org\/index.php?rest_route=\/wp\/v2\/posts\/217","targetHints":{"allow":["GET"]}}],"collection":[{"href":"https:\/\/dasmedienzentrum.org\/index.php?rest_route=\/wp\/v2\/posts"}],"about":[{"href":"https:\/\/dasmedienzentrum.org\/index.php?rest_route=\/wp\/v2\/types\/post"}],"author":[{"embeddable":true,"href":"https:\/\/dasmedienzentrum.org\/index.php?rest_route=\/wp\/v2\/users\/1"}],"replies":[{"embeddable":true,"href":"https:\/\/dasmedienzentrum.org\/index.php?rest_route=%2Fwp%2Fv2%2Fcomments&post=217"}],"version-history":[{"count":7,"href":"https:\/\/dasmedienzentrum.org\/index.php?rest_route=\/wp\/v2\/posts\/217\/revisions"}],"predecessor-version":[{"id":228,"href":"https:\/\/dasmedienzentrum.org\/index.php?rest_route=\/wp\/v2\/posts\/217\/revisions\/228"}],"wp:attachment":[{"href":"https:\/\/dasmedienzentrum.org\/index.php?rest_route=%2Fwp%2Fv2%2Fmedia&parent=217"}],"wp:term":[{"taxonomy":"category","embeddable":true,"href":"https:\/\/dasmedienzentrum.org\/index.php?rest_route=%2Fwp%2Fv2%2Fcategories&post=217"},{"taxonomy":"post_tag","embeddable":true,"href":"https:\/\/dasmedienzentrum.org\/index.php?rest_route=%2Fwp%2Fv2%2Ftags&post=217"}],"curies":[{"name":"wp","href":"https:\/\/api.w.org\/{rel}","templated":true}]}}