{"id":230,"date":"2019-02-04T12:11:46","date_gmt":"2019-02-04T11:11:46","guid":{"rendered":"http:\/\/dasmedienzentrum.org\/?p=230"},"modified":"2019-02-04T12:12:36","modified_gmt":"2019-02-04T11:12:36","slug":"digitale-plattformen-sie-beeinflussen-unser-leben-was-macht-europa","status":"publish","type":"post","link":"https:\/\/dasmedienzentrum.org\/?p=230","title":{"rendered":"Digitale Plattformen &#8211; sie beeinflussen unser Leben. Was macht EUROPA?"},"content":{"rendered":"<p>Selbst der franz\u00f6sische Autor Michel Houellebecq sprach 2001 schon von Plattformen. Auch wenn er wieder einmal einen erstaunlichen Weitblick in gesellschaftliche Entwicklungen hat, Stichwort \u201eGilets jaunes\u201c, meinte er mit seinem Titel \u201ePlateforme\u201c nicht die gro\u00dfen Internetanbieter sondern eher eine touristische Organisationsform (oder seinen platten Schreibstil, haha). Wenn man wie Nick Srnicek Digitalwirtschaft kategorisieren will, l\u00e4sst diese sich in 5 Plattformen einteilen. Und da macht IoT einen wichtigen Teil aus, aber nur halt nur einen. Deutschland scheint hier ziemlich erfolgreich zu sein.<\/p>\n<p>Diese 5 Plattformen (Werbung, Cloud, IoT, Industrie-Mischform mit Datengenerierung, Teilen) k\u00f6nnte man nach Ums\u00e4tzen, Nutzen und mit verbrachter Zeit der Menschen rangreihen. Ich glaube, der Einfluss auf Gesinnung, Zeit und Menschen ist momentan der wichtigste.<\/p>\n<p>Da wirken im Moment die GAFAs ganz oben, und es sieht nicht so aus, dass sich in den n\u00e4chsten Jahren hieran viel \u00e4ndern wird. Vielleicht durchl\u00e4uft der Wettbewerb in den n\u00e4chste Dekaden eine \u00e4hnliche Entwicklung wie er sich in den \u00a0in den 50er und 60er Jahren darstellte mit der Dominanz einiger US-Marken im europ\u00e4ischen Lebensmitteleinzelhandel. Diese waren seinerzeit sehr erfolgreich mit ihren Produkten und Vertriebsstrategien. Erst drei\u00dfig oder vierzig Jahre sp\u00e4ter fanden europ\u00e4ische Anbieter eine Antwort darauf.<\/p>\n<p>Wie lange dauert es, bis \u201eALDI EUROPE\u201c oder ein anderer europ\u00e4ischer Anbieter digital und worldwide auftritt? Haha. Ein Weg, der hiesigen Unternehmen faire Bedingungen erm\u00f6glichen k\u00f6nnte, w\u00e4ren Regulierungen im Rahmen einer europ\u00e4ischen Industriepolitik, die sich um Datenhoheit k\u00fcmmert. Diese sind es ja bekanntlich, \u00a0welche die eigentliche und attraktivste Ware ausmachen. Sie sind es, die das Rad zum Laufen bringen.<\/p>\n<p>H\u00f6renswert hierzu der <a href=\"http:\/\/www.lse.ac.uk\/lse-player?id=3765\">Podcast \u201cWhat kind of future do we want to create and why?\u201d<\/a> Unter anderem mit Nick Srnicek author of \u201cPlatform Capitalism and Inventing the Future\u201d<\/p>\n<p>&nbsp;<\/p>\n<p>Bild: Syd Wachs<\/p>\n","protected":false},"excerpt":{"rendered":"<p>Selbst der franz\u00f6sische Autor Michel Houellebecq sprach 2001 schon von Plattformen. Auch wenn er wieder einmal einen erstaunlichen Weitblick in gesellschaftliche Entwicklungen hat, Stichwort \u201eGilets jaunes\u201c, meinte er mit seinem Titel \u201ePlateforme\u201c nicht die gro\u00dfen Internetanbieter sondern eher eine touristische Organisationsform (oder seinen platten Schreibstil, haha). Wenn man wie Nick Srnicek Digitalwirtschaft kategorisieren will, l\u00e4sst &hellip; <\/p>\n<p class=\"link-more\"><a href=\"https:\/\/dasmedienzentrum.org\/?p=230\" class=\"more-link\"><span class=\"screen-reader-text\">\u201eDigitale Plattformen &#8211; sie beeinflussen unser Leben. Was macht EUROPA?\u201c<\/span> weiterlesen<\/a><\/p>\n","protected":false},"author":1,"featured_media":232,"comment_status":"open","ping_status":"open","sticky":false,"template":"","format":"standard","meta":{"footnotes":""},"categories":[1],"tags":[],"class_list":["post-230","post","type-post","status-publish","format-standard","has-post-thumbnail","hentry","category-allgemein"],"_links":{"self":[{"href":"https:\/\/dasmedienzentrum.org\/index.php?rest_route=\/wp\/v2\/posts\/230","targetHints":{"allow":["GET"]}}],"collection":[{"href":"https:\/\/dasmedienzentrum.org\/index.php?rest_route=\/wp\/v2\/posts"}],"about":[{"href":"https:\/\/dasmedienzentrum.org\/index.php?rest_route=\/wp\/v2\/types\/post"}],"author":[{"embeddable":true,"href":"https:\/\/dasmedienzentrum.org\/index.php?rest_route=\/wp\/v2\/users\/1"}],"replies":[{"embeddable":true,"href":"https:\/\/dasmedienzentrum.org\/index.php?rest_route=%2Fwp%2Fv2%2Fcomments&post=230"}],"version-history":[{"count":2,"href":"https:\/\/dasmedienzentrum.org\/index.php?rest_route=\/wp\/v2\/posts\/230\/revisions"}],"predecessor-version":[{"id":233,"href":"https:\/\/dasmedienzentrum.org\/index.php?rest_route=\/wp\/v2\/posts\/230\/revisions\/233"}],"wp:featuredmedia":[{"embeddable":true,"href":"https:\/\/dasmedienzentrum.org\/index.php?rest_route=\/wp\/v2\/media\/232"}],"wp:attachment":[{"href":"https:\/\/dasmedienzentrum.org\/index.php?rest_route=%2Fwp%2Fv2%2Fmedia&parent=230"}],"wp:term":[{"taxonomy":"category","embeddable":true,"href":"https:\/\/dasmedienzentrum.org\/index.php?rest_route=%2Fwp%2Fv2%2Fcategories&post=230"},{"taxonomy":"post_tag","embeddable":true,"href":"https:\/\/dasmedienzentrum.org\/index.php?rest_route=%2Fwp%2Fv2%2Ftags&post=230"}],"curies":[{"name":"wp","href":"https:\/\/api.w.org\/{rel}","templated":true}]}}