{"id":29,"date":"2017-12-10T14:46:19","date_gmt":"2017-12-10T13:46:19","guid":{"rendered":"http:\/\/dasmedienzentrum.org\/?p=29"},"modified":"2017-12-10T15:02:15","modified_gmt":"2017-12-10T14:02:15","slug":"assitenztechnologien-in-der-altenpflege-und-silver-economy","status":"publish","type":"post","link":"https:\/\/dasmedienzentrum.org\/?p=29","title":{"rendered":"Assistenztechnologien Altenpflege und silver economy"},"content":{"rendered":"<p>&nbsp;<\/p>\n<p>&nbsp;<\/p>\n<p><img loading=\"lazy\" decoding=\"async\" class=\"alignnone wp-image-31 \" src=\"http:\/\/dasmedienzentrum.org\/wp-content\/uploads\/2017\/12\/pepperdenktnach-e1512913510296.jpg\" alt=\"\" width=\"437\" height=\"776\" srcset=\"https:\/\/dasmedienzentrum.org\/wp-content\/uploads\/2017\/12\/pepperdenktnach-e1512913510296.jpg 563w, https:\/\/dasmedienzentrum.org\/wp-content\/uploads\/2017\/12\/pepperdenktnach-e1512913510296-169x300.jpg 169w\" sizes=\"auto, (max-width: 437px) 100vw, 437px\" \/><\/p>\n<p>Nach neuen Erkenntnissen zieht es &#8211; verwunderlich ist dies nicht &#8211; Senioren weniger in Altenheime oder &#8222;Seniorenresidenzen&#8220;. Sie pr\u00e4ferieren f\u00fcr den letzten Lebensabschnitt immer mehr das Leben in den\u00a0 eigenen vier W\u00e4nden. Dies hat erhebliche Auswirkungen auf das Testen von Usability, auf die Produktgestaltung, die Vermarktung und den praktischen Alltagseinsatz solcher Technologien und Hilfsger\u00e4te.<\/p>\n<p>Den Fachbereich 4 an der Fachhochschule Frankfurt am Main leitet <a href=\"http:\/\/www.frankfurt-university.de\/index.php?id=3535\">Prof. Dr. Barbara Klein<\/a>, die dort Themen verantwortet wie Assistive Technologien und barrierefreie Umgebungen f\u00fcr ein selbstst\u00e4ndiges Leben. Ethische, rechtliche, soziale und technische Aspekte von Gesundheit und Pflege in interdisziplin\u00e4rer Perspektive treten hierbei in den Vordergrund.<\/p>\n<p>Wenn wahr wird, was Experten voraussagen, werden Produkte und Services im Privatbereich eher nach Livestyle aussehen. Grund hierf\u00fcr sind: altersm\u00e4\u00dfig mit Digitaltechnologien vertraute Zielgruppen, deren eher hohe Kaufkraft, Modeaspekte (ja!).<\/p>\n<p>In herk\u00f6mmlichen Einrichtungen stellt sich die Frage nach einer finanziellen Darstellung solcher Anwendungen und Ger\u00e4tschaften.<\/p>\n<p>Dieser Assistenzroboter &#8211; er wurde\u00a0 k\u00fcrzlich auf dem Innovationstag Hessen in Frankfurt\u00a0 vorgestellt, ohne dass die Protagonisten voeinander wussten, soviel zur Interdisziplinarit\u00e4t &#8211; kostet derzeit immerhin etwas mehr als 16.000 \u20ac, kann viel wie Personen erkennen, begr\u00fc\u00dfen, Texte vorlesen, Medikamente heranholen. Andere wichtige und lebenshelfende Ger\u00e4te wurden an der FH Frankfurt vorgestellt z. Bsp.: Staubsaugerroboter, automatische mit K\u00f6rpersensoren ausgestattete Duschen, Trageroboter.<\/p>\n<p>Gut m\u00f6glich ist, dass Wert und Volumen all dieser Technologien im Privatbereich diejenigen in karitativen Einrichtungen deutlich \u00fcbertreffen werden in den n\u00e4chsten 10 Jahren. Diese Einsch\u00e4tzung gilt umso mehr als viele Apps in der Entwicklung sind, welche unabh\u00e4ngiges Leben im Alter erleichtern und Trainings anbieten, um erw\u00fcnschte Kapazit\u00e4ten m\u00f6glichst weit wieder herzustellen auch im Bereich <a href=\"https:\/\/sp.neuronation.com\/\">Ged\u00e4chtnisleistungen<\/a> und <a href=\"http:\/\/www.diatrain.eu\/de\/\">Sprachtraining nach Apoplexie<\/a>.<\/p>\n<p><img loading=\"lazy\" decoding=\"async\" class=\"aligncenter wp-image-30 size-large\" src=\"http:\/\/dasmedienzentrum.org\/wp-content\/uploads\/2017\/12\/pepper-innovtag-699x1024.png\" alt=\"\" width=\"525\" height=\"769\" srcset=\"https:\/\/dasmedienzentrum.org\/wp-content\/uploads\/2017\/12\/pepper-innovtag-699x1024.png 699w, https:\/\/dasmedienzentrum.org\/wp-content\/uploads\/2017\/12\/pepper-innovtag-205x300.png 205w, https:\/\/dasmedienzentrum.org\/wp-content\/uploads\/2017\/12\/pepper-innovtag-768x1125.png 768w, https:\/\/dasmedienzentrum.org\/wp-content\/uploads\/2017\/12\/pepper-innovtag.png 1604w\" sizes=\"auto, (max-width: 525px) 100vw, 525px\" \/><\/p>\n<p>&nbsp;<\/p>\n<p>&nbsp;<\/p>\n","protected":false},"excerpt":{"rendered":"<p>&nbsp; &nbsp; Nach neuen Erkenntnissen zieht es &#8211; verwunderlich ist dies nicht &#8211; Senioren weniger in Altenheime oder &#8222;Seniorenresidenzen&#8220;. Sie pr\u00e4ferieren f\u00fcr den letzten Lebensabschnitt immer mehr das Leben in den\u00a0 eigenen vier W\u00e4nden. Dies hat erhebliche Auswirkungen auf das Testen von Usability, auf die Produktgestaltung, die Vermarktung und den praktischen Alltagseinsatz solcher Technologien und &hellip; <\/p>\n<p class=\"link-more\"><a href=\"https:\/\/dasmedienzentrum.org\/?p=29\" class=\"more-link\"><span class=\"screen-reader-text\">\u201eAssistenztechnologien Altenpflege und silver economy\u201c<\/span> weiterlesen<\/a><\/p>\n","protected":false},"author":1,"featured_media":36,"comment_status":"open","ping_status":"open","sticky":false,"template":"","format":"standard","meta":{"footnotes":""},"categories":[1],"tags":[],"class_list":["post-29","post","type-post","status-publish","format-standard","has-post-thumbnail","hentry","category-allgemein"],"_links":{"self":[{"href":"https:\/\/dasmedienzentrum.org\/index.php?rest_route=\/wp\/v2\/posts\/29","targetHints":{"allow":["GET"]}}],"collection":[{"href":"https:\/\/dasmedienzentrum.org\/index.php?rest_route=\/wp\/v2\/posts"}],"about":[{"href":"https:\/\/dasmedienzentrum.org\/index.php?rest_route=\/wp\/v2\/types\/post"}],"author":[{"embeddable":true,"href":"https:\/\/dasmedienzentrum.org\/index.php?rest_route=\/wp\/v2\/users\/1"}],"replies":[{"embeddable":true,"href":"https:\/\/dasmedienzentrum.org\/index.php?rest_route=%2Fwp%2Fv2%2Fcomments&post=29"}],"version-history":[{"count":7,"href":"https:\/\/dasmedienzentrum.org\/index.php?rest_route=\/wp\/v2\/posts\/29\/revisions"}],"predecessor-version":[{"id":39,"href":"https:\/\/dasmedienzentrum.org\/index.php?rest_route=\/wp\/v2\/posts\/29\/revisions\/39"}],"wp:featuredmedia":[{"embeddable":true,"href":"https:\/\/dasmedienzentrum.org\/index.php?rest_route=\/wp\/v2\/media\/36"}],"wp:attachment":[{"href":"https:\/\/dasmedienzentrum.org\/index.php?rest_route=%2Fwp%2Fv2%2Fmedia&parent=29"}],"wp:term":[{"taxonomy":"category","embeddable":true,"href":"https:\/\/dasmedienzentrum.org\/index.php?rest_route=%2Fwp%2Fv2%2Fcategories&post=29"},{"taxonomy":"post_tag","embeddable":true,"href":"https:\/\/dasmedienzentrum.org\/index.php?rest_route=%2Fwp%2Fv2%2Ftags&post=29"}],"curies":[{"name":"wp","href":"https:\/\/api.w.org\/{rel}","templated":true}]}}