{"id":290,"date":"2019-09-03T18:45:58","date_gmt":"2019-09-03T16:45:58","guid":{"rendered":"http:\/\/dasmedienzentrum.org\/?p=290"},"modified":"2019-09-03T18:52:07","modified_gmt":"2019-09-03T16:52:07","slug":"radio-pfff-ist-da-die-luft-raus","status":"publish","type":"post","link":"https:\/\/dasmedienzentrum.org\/?p=290","title":{"rendered":"RADIO &#8211; PFFF \u2026 ist da die Luft raus?"},"content":{"rendered":"<p>Man stelle sich vor, alle Minuten, die Menschen um uns herum mit Radio \u2013 heute sagt man eher \u201eAudio\u201c \u00a0&#8211; verbringen sinnbildlich in einen gro\u00dfen Ballon gesteckt:\u00a0 Er wird ganz sch\u00f6n dick bei durchschnittlich 181* Minuten pro Tag und H\u00f6rer.<\/p>\n<p><img loading=\"lazy\" decoding=\"async\" class=\"aligncenter wp-image-293\" src=\"http:\/\/dasmedienzentrum.org\/wp-content\/uploads\/2019\/09\/balloon-1-300x293.jpg\" alt=\"\" width=\"518\" height=\"506\" srcset=\"https:\/\/dasmedienzentrum.org\/wp-content\/uploads\/2019\/09\/balloon-1-300x293.jpg 300w, https:\/\/dasmedienzentrum.org\/wp-content\/uploads\/2019\/09\/balloon-1.jpg 391w\" sizes=\"auto, (max-width: 518px) 100vw, 518px\" \/><\/p>\n<p>Geht dem UKW-Radio zuk\u00fcnftig die Luft aus angesichts des Digitalen Wandels um im Bild zu bleiben? Gut m\u00f6glich ist, dass bei einer insgesamt kleiner werdenden Bev\u00f6lkerungsanzahl \u00a0die Menge der vielen H\u00f6rminuten abnimmt alleine aus demografischen Gr\u00fcnden. Vor allem aber angesichts neuer H\u00f6rgewohnheiten Richtung Streaming wird sich die Zusammensetzung der \u00a0Luft im Ballon ver\u00e4ndern. Keiner wei\u00df, ob sich dies in einem Drittel-Drittel-Drittel darstellen wird, aufgeteilt zwischen klassischem Radio, dessen Streaming-Channel-Ablegern und reinen Streaming-Diensten wie Spotify &#8211; odr nicht.<\/p>\n<p>Einen Workshop im sommersch\u00f6nen Hannover veranstaltet zum Thema \u201e<strong><em>Streaming versus Radio \u2013 sind Vielfalt und Anbieter bedroht?<\/em><\/strong>\u201c Da kommt doch prompt ein physikalisches Institut einer deutschen \u00a0Hochschule mit einer hochkomplizierten Formel und best\u00e4tigt die im Seminar gesammelten Erkenntnisse der Musikredakteure und zugeschalteten Experten auch aus dem Ausland: Die Musikvielfalt ist h\u00f6her geworden, Titel bleiben k\u00fcrzer in den Charts. Gut, zu dieser Erkenntnis sind wir alle auch schon gekommen. Nur wurde das sprunghafter gewordene Verhalten der H\u00f6rer in einer 50-Jahresanalyse der Charts ermittelt, und eine mathematische Formel zur Berechnung dieser Sprunghaftigkeit verwenden die Frankfurter Forscher auch.<\/p>\n<p><img loading=\"lazy\" decoding=\"async\" class=\"wp-image-295 size-full aligncenter\" src=\"http:\/\/dasmedienzentrum.org\/wp-content\/uploads\/2019\/09\/weber-fechner-gesetz-stimuli-und-wichtigkeitszuordnung.jpg\" alt=\"\" width=\"847\" height=\"198\" srcset=\"https:\/\/dasmedienzentrum.org\/wp-content\/uploads\/2019\/09\/weber-fechner-gesetz-stimuli-und-wichtigkeitszuordnung.jpg 847w, https:\/\/dasmedienzentrum.org\/wp-content\/uploads\/2019\/09\/weber-fechner-gesetz-stimuli-und-wichtigkeitszuordnung-300x70.jpg 300w, https:\/\/dasmedienzentrum.org\/wp-content\/uploads\/2019\/09\/weber-fechner-gesetz-stimuli-und-wichtigkeitszuordnung-768x180.jpg 768w\" sizes=\"auto, (max-width: 767px) 89vw, (max-width: 1000px) 54vw, (max-width: 1071px) 543px, 580px\" \/><\/p>\n<p>Nun denn: \u201e<em><strong>Spinning Wheel turn around<\/strong><\/em>\u201c sangen schon Blood, Sweat and Tears. Die Szenarien, wie H\u00f6rer und Zuschauer sich sogenannten Oberfl\u00e4chenmedien zu- oder abwenden, h\u00e4ngen auch von <strong>Herz, live und life<\/strong> ab. Das k\u00f6nnen UKW und deren Simulcaster jetzt und bestimmt in der Zukunft weiterhin gut.<\/p>\n<p>Einen Auszug des Workshops als kurzes Video im <strong>mediacampus-Linden<\/strong> in Hannover gehalten von Helmut Poppe mit einer interessanten Darstellung der Zahlen und der Entwicklungen nicht nur in Audio angesichts des Wettbewerbs mit Streaming findet man hier (Bild anklicken).<\/p>\n<p>&nbsp;<\/p>\n<p><a href=\"https:\/\/youtu.be\/LxMoaIKK83E\"><img loading=\"lazy\" decoding=\"async\" class=\"aligncenter wp-image-297 size-full\" src=\"http:\/\/dasmedienzentrum.org\/wp-content\/uploads\/2019\/09\/startscreenVideokurz.jpg\" alt=\"\" width=\"699\" height=\"420\" srcset=\"https:\/\/dasmedienzentrum.org\/wp-content\/uploads\/2019\/09\/startscreenVideokurz.jpg 699w, https:\/\/dasmedienzentrum.org\/wp-content\/uploads\/2019\/09\/startscreenVideokurz-300x180.jpg 300w\" sizes=\"auto, (max-width: 699px) 100vw, 699px\" \/><\/a><\/p>\n<p>*Studie, ma 2019, Audio I, Verweildauer<\/p>\n","protected":false},"excerpt":{"rendered":"<p>Man stelle sich vor, alle Minuten, die Menschen um uns herum mit Radio \u2013 heute sagt man eher \u201eAudio\u201c \u00a0&#8211; verbringen sinnbildlich in einen gro\u00dfen Ballon gesteckt:\u00a0 Er wird ganz sch\u00f6n dick bei durchschnittlich 181* Minuten pro Tag und H\u00f6rer. Geht dem UKW-Radio zuk\u00fcnftig die Luft aus angesichts des Digitalen Wandels um im Bild zu &hellip; <\/p>\n<p class=\"link-more\"><a href=\"https:\/\/dasmedienzentrum.org\/?p=290\" class=\"more-link\"><span class=\"screen-reader-text\">\u201eRADIO &#8211; PFFF \u2026 ist da die Luft raus?\u201c<\/span> weiterlesen<\/a><\/p>\n","protected":false},"author":1,"featured_media":299,"comment_status":"open","ping_status":"open","sticky":false,"template":"","format":"standard","meta":{"footnotes":""},"categories":[1],"tags":[],"class_list":["post-290","post","type-post","status-publish","format-standard","has-post-thumbnail","hentry","category-allgemein"],"_links":{"self":[{"href":"https:\/\/dasmedienzentrum.org\/index.php?rest_route=\/wp\/v2\/posts\/290","targetHints":{"allow":["GET"]}}],"collection":[{"href":"https:\/\/dasmedienzentrum.org\/index.php?rest_route=\/wp\/v2\/posts"}],"about":[{"href":"https:\/\/dasmedienzentrum.org\/index.php?rest_route=\/wp\/v2\/types\/post"}],"author":[{"embeddable":true,"href":"https:\/\/dasmedienzentrum.org\/index.php?rest_route=\/wp\/v2\/users\/1"}],"replies":[{"embeddable":true,"href":"https:\/\/dasmedienzentrum.org\/index.php?rest_route=%2Fwp%2Fv2%2Fcomments&post=290"}],"version-history":[{"count":6,"href":"https:\/\/dasmedienzentrum.org\/index.php?rest_route=\/wp\/v2\/posts\/290\/revisions"}],"predecessor-version":[{"id":301,"href":"https:\/\/dasmedienzentrum.org\/index.php?rest_route=\/wp\/v2\/posts\/290\/revisions\/301"}],"wp:featuredmedia":[{"embeddable":true,"href":"https:\/\/dasmedienzentrum.org\/index.php?rest_route=\/wp\/v2\/media\/299"}],"wp:attachment":[{"href":"https:\/\/dasmedienzentrum.org\/index.php?rest_route=%2Fwp%2Fv2%2Fmedia&parent=290"}],"wp:term":[{"taxonomy":"category","embeddable":true,"href":"https:\/\/dasmedienzentrum.org\/index.php?rest_route=%2Fwp%2Fv2%2Fcategories&post=290"},{"taxonomy":"post_tag","embeddable":true,"href":"https:\/\/dasmedienzentrum.org\/index.php?rest_route=%2Fwp%2Fv2%2Ftags&post=290"}],"curies":[{"name":"wp","href":"https:\/\/api.w.org\/{rel}","templated":true}]}}