{"id":313,"date":"2019-09-11T15:33:20","date_gmt":"2019-09-11T13:33:20","guid":{"rendered":"http:\/\/dasmedienzentrum.org\/?p=313"},"modified":"2019-09-11T15:35:06","modified_gmt":"2019-09-11T13:35:06","slug":"dab-etc","status":"publish","type":"post","link":"https:\/\/dasmedienzentrum.org\/?p=313","title":{"rendered":"DAB+ etc. &#8230;."},"content":{"rendered":"<p>Da meinen einige, dass bei der Diskussion, ob Webradios im Wettbewerb mit Dab+-Verbreitung verlieren: &#8222;<strong><em>Hier wird Selbstbetrug betrieben! In gro\u00dfem Ma\u00dfstab. In meinem eigenen Umfeld kenne ich haufenweise Leute (mich eingeschlossen), die zwar DAB+ Ger\u00e4te haben und die Sender auch abgespeichert haben.<\/em><\/strong><br \/>\n<strong><em> Die aber kein DAB+ h\u00f6ren, sondern entweder noch die alte UKW-Ausstrahlung (&#8222;ist einfacher und nicht schlechter&#8220;) bzw. den Internet-Stream (z.B. wegen Nutzung von Alexa &amp; Co.)..<\/em><\/strong>&#8220; (<span class=\"txtforum\"><a href=\"https:\/\/www.teltarif.de\/forum\/s77917\/wie-werden-die-zahlen-ermittelt\/5.html#5-1\">yes_mc<\/a><\/span>)<\/p>\n<p>So ist es. Man gewinnt den Eindruck, dass &#8218;Interessierte&#8216; das uralte Thema DAB+ hypen. 600 Mio. \u20ac k\u00f6nnen f\u00fcr die Umstellung \u00d6ffentlich-Rechtliche schon stemmen. (Sollen sie vllt. auch f\u00fcr die &#8218;Grundversorgung&#8216;). Was bisher aber noch nicht deutlich gefragt wurde: Wie sieht es denn mit einer<br \/>\nv e r g l e i c h b a r e n Nutzungs DAUER aus? Und vergleichbaren Ermittlungsmethoden. Der Begriff &#8218;Streamsessions&#8216; sagt nicht viel aus. Steckt man alle H\u00f6rminuten fein getrennt nach DAB, Stream, UKW in einen Beutel, ist der Anteil von DAB minimal. Sieht man den Beutel als Ballon und schaut sich ihn 2030 an: wieviel Luft geht hinaus? Siehe auch #dasmedienzentrm<\/p>\n<p>&nbsp;<\/p>\n<p>Im Bild: Privatfunker Helmut Poppe mit ex-Staatsminister Klaus-J\u00fcrgen Hoffie<\/p>\n<p>&nbsp;<\/p>\n","protected":false},"excerpt":{"rendered":"<p>Da meinen einige, dass bei der Diskussion, ob Webradios im Wettbewerb mit Dab+-Verbreitung verlieren: &#8222;Hier wird Selbstbetrug betrieben! In gro\u00dfem Ma\u00dfstab. In meinem eigenen Umfeld kenne ich haufenweise Leute (mich eingeschlossen), die zwar DAB+ Ger\u00e4te haben und die Sender auch abgespeichert haben. Die aber kein DAB+ h\u00f6ren, sondern entweder noch die alte UKW-Ausstrahlung (&#8222;ist einfacher &hellip; <\/p>\n<p class=\"link-more\"><a href=\"https:\/\/dasmedienzentrum.org\/?p=313\" class=\"more-link\"><span class=\"screen-reader-text\">\u201eDAB+ etc. &#8230;.\u201c<\/span> weiterlesen<\/a><\/p>\n","protected":false},"author":1,"featured_media":314,"comment_status":"open","ping_status":"open","sticky":false,"template":"","format":"standard","meta":{"footnotes":""},"categories":[1],"tags":[],"class_list":["post-313","post","type-post","status-publish","format-standard","has-post-thumbnail","hentry","category-allgemein"],"_links":{"self":[{"href":"https:\/\/dasmedienzentrum.org\/index.php?rest_route=\/wp\/v2\/posts\/313","targetHints":{"allow":["GET"]}}],"collection":[{"href":"https:\/\/dasmedienzentrum.org\/index.php?rest_route=\/wp\/v2\/posts"}],"about":[{"href":"https:\/\/dasmedienzentrum.org\/index.php?rest_route=\/wp\/v2\/types\/post"}],"author":[{"embeddable":true,"href":"https:\/\/dasmedienzentrum.org\/index.php?rest_route=\/wp\/v2\/users\/1"}],"replies":[{"embeddable":true,"href":"https:\/\/dasmedienzentrum.org\/index.php?rest_route=%2Fwp%2Fv2%2Fcomments&post=313"}],"version-history":[{"count":4,"href":"https:\/\/dasmedienzentrum.org\/index.php?rest_route=\/wp\/v2\/posts\/313\/revisions"}],"predecessor-version":[{"id":318,"href":"https:\/\/dasmedienzentrum.org\/index.php?rest_route=\/wp\/v2\/posts\/313\/revisions\/318"}],"wp:featuredmedia":[{"embeddable":true,"href":"https:\/\/dasmedienzentrum.org\/index.php?rest_route=\/wp\/v2\/media\/314"}],"wp:attachment":[{"href":"https:\/\/dasmedienzentrum.org\/index.php?rest_route=%2Fwp%2Fv2%2Fmedia&parent=313"}],"wp:term":[{"taxonomy":"category","embeddable":true,"href":"https:\/\/dasmedienzentrum.org\/index.php?rest_route=%2Fwp%2Fv2%2Fcategories&post=313"},{"taxonomy":"post_tag","embeddable":true,"href":"https:\/\/dasmedienzentrum.org\/index.php?rest_route=%2Fwp%2Fv2%2Ftags&post=313"}],"curies":[{"name":"wp","href":"https:\/\/api.w.org\/{rel}","templated":true}]}}