{"id":407,"date":"2019-11-22T18:07:51","date_gmt":"2019-11-22T17:07:51","guid":{"rendered":"http:\/\/dasmedienzentrum.org\/?p=407"},"modified":"2019-11-24T13:46:24","modified_gmt":"2019-11-24T12:46:24","slug":"das-phaenomen-podcast","status":"publish","type":"post","link":"https:\/\/dasmedienzentrum.org\/?p=407","title":{"rendered":"Wo Werbung, Print, Politik in Radio\/Audio zusammen kommen"},"content":{"rendered":"<p>Neuerdings nennt sich Radio\u00a0 nicht mehr &#8230; Radio sondern <strong>Audio<\/strong>. Senior-Experten ist noch der Begriff &#8222;Funk&#8220; in Erinnerung. Geschicktes &#8222;Framing&#8220; der neu Hinzugekommenen? Mit zahlreichen Innovationen &#8211; wie soll es auch anders sein\u00a0 aus dem Digitalen &#8211; erh\u00e4lt das weiterhin enorm erfolgreiche Medium einen Push und wandelt sich. Gab es vor zehn Jahren in Deutschland 350 Sender sind es nun 438, die durchschnittliche Radioverweildauer aller Deutschen betr\u00e4gt beachtliche 4 Stunden 9 Minuten an einem Werktag.\u00a0 55 Millionen Deutsche h\u00f6ren Audiomedien. Radiosendern wird die h\u00f6chste Glaubw\u00fcrdigkeit als Nachrichtenquelle geschenkt (Zahlen MA 2019 I, GIK). Podcasts sollen laut einer PwC-Studie das beste Werbewachstum erfahren mit einer internationalen Steigerung von knapp 30% bis 2023, wohingegen die gesamte Medien- und Unterhaltungsbranche in diesem Zeitraum nur um etwas mehr als 4 % zulegen wird.<\/p>\n<p>Ein Element der Transformation in der neuen Audio-Medienwelt stellen Podcasts dar. Solche Produktionen k\u00f6nnen unterhaltende oder informierende Beitr\u00e4ge sein, die in Serienform hergestellt werden und zeitversetzt &#8217;non-linear&#8216; abrufbar und auch herunterladbar sind. H\u00f6rspiele oder\u00a0 bereits on air gewesene Beitr\u00e4ge sogenannte &#8218;replays&#8216; geh\u00f6ren auch zu dieser Kategorie. Zur Wiedergabe fungiert meistens das ubiquit\u00e4re Smartphone. \u00dcber tats\u00e4chliche Nutzerzahlen liegen unterschiedliche Zahlen vor, ob sie nun aus Eigeninteresse &#8218;hochgejazzt&#8216; sind oder nicht, sie zeigen auf jeden Fall einen durchschlagenden Trend: dieser geht\u00a0 Richtung Personalisierung der H\u00f6rangebote wie es viele Sender und Digitalanbieter mit zahlreichen Channels vor exerzieren.<\/p>\n<p><img loading=\"lazy\" decoding=\"async\" class=\"wp-image-409 size-medium alignleft\" src=\"http:\/\/dasmedienzentrum.org\/wp-content\/uploads\/2019\/11\/englisch-7300-deutsch-1000-169x300.png\" alt=\"\" width=\"169\" height=\"300\" srcset=\"https:\/\/dasmedienzentrum.org\/wp-content\/uploads\/2019\/11\/englisch-7300-deutsch-1000-169x300.png 169w, https:\/\/dasmedienzentrum.org\/wp-content\/uploads\/2019\/11\/englisch-7300-deutsch-1000-576x1024.png 576w, https:\/\/dasmedienzentrum.org\/wp-content\/uploads\/2019\/11\/englisch-7300-deutsch-1000.png 720w\" sizes=\"auto, (max-width: 169px) 100vw, 169px\" \/><\/p>\n<p>Schaut man in einem der vielen Radio-Aggregatoren nach, welche die einzelnen Angebote thematisch sammeln, findet man in der gut gemachten App <strong>Audials<\/strong> (Hallo Karlruhe \ud83d\ude42 ) 242.000 Beitr\u00e4ge in englischer Sprache und etwa\u00a0 22.000 auf Deutsch von\u00a0 insgesamt 365.000 \u00a0imventarisierten Beitr\u00e4gen (Franz\u00f6sisch 8552, Niederl\u00e4ndisch 2013, Schwedisch 4872. Interessant w\u00e4re hierbei eine vergleichende Gewichtung nach Anzahl der Radio-\/Audio-H\u00f6rer oder der Population insgesamt).<\/p>\n<p><img loading=\"lazy\" decoding=\"async\" class=\"alignleft wp-image-408 size-medium\" src=\"http:\/\/dasmedienzentrum.org\/wp-content\/uploads\/2019\/11\/podcasts-gesundheit-am-meisten-beitr\u00e4ge-169x300.png\" alt=\"\" width=\"169\" height=\"300\" srcset=\"https:\/\/dasmedienzentrum.org\/wp-content\/uploads\/2019\/11\/podcasts-gesundheit-am-meisten-beitr\u00e4ge-169x300.png 169w, https:\/\/dasmedienzentrum.org\/wp-content\/uploads\/2019\/11\/podcasts-gesundheit-am-meisten-beitr\u00e4ge-576x1024.png 576w, https:\/\/dasmedienzentrum.org\/wp-content\/uploads\/2019\/11\/podcasts-gesundheit-am-meisten-beitr\u00e4ge.png 720w\" sizes=\"auto, (max-width: 169px) 100vw, 169px\" \/><\/p>\n<p>Rund um das weite Thema Gesundheit sind bei uns in Deutschland \u00fcberdurchschnittlich viele Podcasts abzurufen. Nat\u00fcrlich gibt es in dem neuen Medienumfeld \u00a0auch gleich Audiobeitr\u00e4ge mit Empfehlungen, wie solche Podcast produziert werden: der Anbieter Kondensator z. Bsp. verteilt Tipps zur Besorgung von Sounds, die er auf der empfehlenswerten US-amerikanischen Plattform NPR gefunden hat. Urheberrechtsfragen kann und sollte man nachlesen, sich aber nicht die Freude am kreativen Schaffen verderben lassen.<\/p>\n<p><img loading=\"lazy\" decoding=\"async\" class=\"aligncenter wp-image-410\" src=\"http:\/\/dasmedienzentrum.org\/wp-content\/uploads\/2019\/11\/Kondensator-podcasts-tipps-576x1024.png\" alt=\"\" width=\"169\" height=\"300\" srcset=\"https:\/\/dasmedienzentrum.org\/wp-content\/uploads\/2019\/11\/Kondensator-podcasts-tipps-576x1024.png 576w, https:\/\/dasmedienzentrum.org\/wp-content\/uploads\/2019\/11\/Kondensator-podcasts-tipps-169x300.png 169w, https:\/\/dasmedienzentrum.org\/wp-content\/uploads\/2019\/11\/Kondensator-podcasts-tipps.png 720w\" sizes=\"auto, (max-width: 169px) 100vw, 169px\" \/><\/p>\n<p>Eine ganz andere Dimension stellen <strong>Mitschnitte von politischen Diskussionen<\/strong> dar, wie hier z. Bsp. ein auf audials gefundener Podcast von Ausschusssitzungen zu den Themen Grundsteuer oder St\u00e4dtebauf\u00f6rderung. Kompliment an die Kuratoren der App, ja, auch\u00a0 politische Diskussionen sind wichtig.<\/p>\n<p><img loading=\"lazy\" decoding=\"async\" class=\"aligncenter wp-image-411\" src=\"http:\/\/dasmedienzentrum.org\/wp-content\/uploads\/2019\/11\/ausschutzsitzung-st\u00e4dtebauf\u00f6rderung-576x1024.png\" alt=\"\" width=\"281\" height=\"500\" srcset=\"https:\/\/dasmedienzentrum.org\/wp-content\/uploads\/2019\/11\/ausschutzsitzung-st\u00e4dtebauf\u00f6rderung-576x1024.png 576w, https:\/\/dasmedienzentrum.org\/wp-content\/uploads\/2019\/11\/ausschutzsitzung-st\u00e4dtebauf\u00f6rderung-169x300.png 169w, https:\/\/dasmedienzentrum.org\/wp-content\/uploads\/2019\/11\/ausschutzsitzung-st\u00e4dtebauf\u00f6rderung.png 720w\" sizes=\"auto, (max-width: 281px) 100vw, 281px\" \/><\/p>\n<p>Solche innovativen Features tragen wirkungsvoll zur politischen Meinungsbildung bei. Mitschnitte von Ausschusssitzungen und Debatten im deutschen Bundestag <a href=\"https:\/\/www.bundestag.de\/mediathek?videoid=7386339#url=L21lZGlhdGhla292ZXJsYXk\/dmlkZW9pZD03Mzg2MzM5&amp;mod=mediathek\">sind auch als Videos in einer Mediathek abrufbar <\/a>und ebenfalls in einer verschriftlichten Form. Im Speechtotext-Verfahren ergibt sich\u00a0 ein attraktives Feld f\u00fcr Anbieter, die alle m\u00f6glichen Audioproduktionen, das gesprochene Wort mithin, auch Radiosendungen, verschriftlichen und mit Schl\u00fcsselw\u00f6rtern, Indices und Tags tiefe Analysen erm\u00f6glichen. Eine Inhaltsanalyse des Wortes ist ja bisher nur m\u00f6glich \u00fcber analoges und zeitintensives Mith\u00f6ren. Viel Vorstellungskraft wird da nicht viel abverlangt bei der Frage, was mit solchen Technologien alles abrufbar und identifizierbar ist. Inhalte und die zeitliche Messung von Werbung sind nur ein ganz kleiner Teil davon.<\/p>\n<p>Mit &#8222;<strong>Text2Bot<\/strong>&#8220; bringt ein umgekehrtes Szenario Printerzeugnisse in die Welt des H\u00f6rens: Das Hamburger Startup\u00a0<strong>Bottalk<\/strong> verwandelt Nachrichtenseiten in Podcasts und\u00a0 macht Verlagsh\u00e4user zu Podcastern. Da lautet die Aufforderung von Helmut Poppe, Radioexperte: &#8222;<em>Reinh\u00f6ren und testen, ob Satzmelodie, Intonation und dergleichen stimmig sind. Anwendungen wie narrator&#8217;s voice \u00fcberzeugen bisher nicht vollkommen. Spannend werden solche Anwendungen f\u00fcr einen Content-Auff\u00fctterung in zielgruppenspezifischen Channels der Radio\/Audio-Anbieter. F\u00fcr Printverleger liegen die Vorteile auf der Hand, sie gewinnen neue Kan\u00e4le und Chancen f\u00fcr die Erschlie\u00dfung zus\u00e4tzlicher Erl\u00f6squellen<\/em>&#8222;.\u00a0 Nach Angabe der Gr\u00fcnder werden gro\u00dfe Potenziale\u00a0 im Bereich digitaler Gesundheitsanwendungen gesehen. Und da schlie\u00dft sich der Kreis zu der eingangs festgestellten thematischen Favorisierung.<\/p>\n<p>Hier ein Beispiel der Podcasts aus dem Bundestag. Es f\u00fchrte durch die Sendung &#8211; pardon &#8211; Anh\u00f6rung<strong> MdB Bettina Stark-Watzinger<\/strong> souver\u00e4n mit einer klaren, freundlichen Stimme. Das PA-System in unserer Volksvertretung scheint auch exzellent zu sein.<\/p>\n<p>Bald findet in Paris eine f\u00fcr Radiomacher und f\u00fcr Vertreter von Unternehmen rund um die Branche konzipierte wohl gr\u00f6\u00dfte Radio-Audiomesse in Europa statt. F\u00fcr Fachbesucher ist der Eintritt frei!<\/p>\n<p>#EuropeRadioShow<\/p>\n<p>@DasMedienZentrm<\/p>\n<p>#radioszene<\/p>\n<p>&nbsp;<\/p>\n<p><a href=\"https:\/\/www.bundestag.de\/mediathek?videoid=7386339#url=L21lZGlhdGhla292ZXJsYXk\/dmlkZW9pZD03Mzg2MzM5&amp;mod=mediathek\"><img loading=\"lazy\" decoding=\"async\" class=\"aligncenter wp-image-412 size-large\" src=\"http:\/\/dasmedienzentrum.org\/wp-content\/uploads\/2019\/11\/mediathek-butag-video-bsw-576x1024.png\" alt=\"\" width=\"525\" height=\"933\" srcset=\"https:\/\/dasmedienzentrum.org\/wp-content\/uploads\/2019\/11\/mediathek-butag-video-bsw-576x1024.png 576w, https:\/\/dasmedienzentrum.org\/wp-content\/uploads\/2019\/11\/mediathek-butag-video-bsw-169x300.png 169w, https:\/\/dasmedienzentrum.org\/wp-content\/uploads\/2019\/11\/mediathek-butag-video-bsw.png 720w\" sizes=\"auto, (max-width: 525px) 100vw, 525px\" \/><\/a><\/p>\n<p>MdB Bettina Stark-Watzinger, screenshot Mediathek Deutscher Bundestag<\/p>\n<p>Andere Bilder: screenshots audials.<\/p>\n","protected":false},"excerpt":{"rendered":"<p>Neuerdings nennt sich Radio\u00a0 nicht mehr &#8230; Radio sondern Audio. Senior-Experten ist noch der Begriff &#8222;Funk&#8220; in Erinnerung. Geschicktes &#8222;Framing&#8220; der neu Hinzugekommenen? Mit zahlreichen Innovationen &#8211; wie soll es auch anders sein\u00a0 aus dem Digitalen &#8211; erh\u00e4lt das weiterhin enorm erfolgreiche Medium einen Push und wandelt sich. Gab es vor zehn Jahren in Deutschland &hellip; <\/p>\n<p class=\"link-more\"><a href=\"https:\/\/dasmedienzentrum.org\/?p=407\" class=\"more-link\"><span class=\"screen-reader-text\">\u201eWo Werbung, Print, Politik in Radio\/Audio zusammen kommen\u201c<\/span> weiterlesen<\/a><\/p>\n","protected":false},"author":1,"featured_media":420,"comment_status":"open","ping_status":"open","sticky":false,"template":"","format":"standard","meta":{"footnotes":""},"categories":[1],"tags":[46,47,19,29,45,49,44,42,48,50,35],"class_list":["post-407","post","type-post","status-publish","format-standard","has-post-thumbnail","hentry","category-allgemein","tag-audio","tag-digitale-transformation","tag-europeradioshow","tag-helmut-poppe","tag-politik","tag-politische-meinungsbildung","tag-print","tag-radio","tag-radioszene","tag-stark-watzinger","tag-werbung"],"_links":{"self":[{"href":"https:\/\/dasmedienzentrum.org\/index.php?rest_route=\/wp\/v2\/posts\/407","targetHints":{"allow":["GET"]}}],"collection":[{"href":"https:\/\/dasmedienzentrum.org\/index.php?rest_route=\/wp\/v2\/posts"}],"about":[{"href":"https:\/\/dasmedienzentrum.org\/index.php?rest_route=\/wp\/v2\/types\/post"}],"author":[{"embeddable":true,"href":"https:\/\/dasmedienzentrum.org\/index.php?rest_route=\/wp\/v2\/users\/1"}],"replies":[{"embeddable":true,"href":"https:\/\/dasmedienzentrum.org\/index.php?rest_route=%2Fwp%2Fv2%2Fcomments&post=407"}],"version-history":[{"count":18,"href":"https:\/\/dasmedienzentrum.org\/index.php?rest_route=\/wp\/v2\/posts\/407\/revisions"}],"predecessor-version":[{"id":431,"href":"https:\/\/dasmedienzentrum.org\/index.php?rest_route=\/wp\/v2\/posts\/407\/revisions\/431"}],"wp:featuredmedia":[{"embeddable":true,"href":"https:\/\/dasmedienzentrum.org\/index.php?rest_route=\/wp\/v2\/media\/420"}],"wp:attachment":[{"href":"https:\/\/dasmedienzentrum.org\/index.php?rest_route=%2Fwp%2Fv2%2Fmedia&parent=407"}],"wp:term":[{"taxonomy":"category","embeddable":true,"href":"https:\/\/dasmedienzentrum.org\/index.php?rest_route=%2Fwp%2Fv2%2Fcategories&post=407"},{"taxonomy":"post_tag","embeddable":true,"href":"https:\/\/dasmedienzentrum.org\/index.php?rest_route=%2Fwp%2Fv2%2Ftags&post=407"}],"curies":[{"name":"wp","href":"https:\/\/api.w.org\/{rel}","templated":true}]}}