{"id":445,"date":"2020-01-01T14:04:22","date_gmt":"2020-01-01T13:04:22","guid":{"rendered":"http:\/\/dasmedienzentrum.org\/?p=445"},"modified":"2020-01-01T14:29:54","modified_gmt":"2020-01-01T13:29:54","slug":"lyrik-vs-robot-die-politische-ansprache-zum-neuen-jahr","status":"publish","type":"post","link":"https:\/\/dasmedienzentrum.org\/?p=445","title":{"rendered":"Lyrik vs. Robot &#8211; Die politische Ansprache zum neuen Jahr"},"content":{"rendered":"<p>Es ist schon bemerkenswert, wie sich der politische Diskurs \u00fcber die Jahrzehnte \u00e4ndert. In Frankreich ging es bei der Neujahrsansprache 1974 des damaligen Pr\u00e4sidenten Giscard d&#8217;Estaing um Blumen, B\u00e4ume und Erfahrungen der Menschen. Die Zeitung Lib\u00e9ration hat die Rede des jetzigen Pr\u00e4sidenten Macron analysiert &#8211; das Wort \u201cArbeit\u201c kam, angesichts der aktuellen Streiks nicht weiter verwunderlich &#8211; h\u00e4ufig vor. Die Ansprache war insgesamt deutlich l\u00e4nger als diejenigen seiner Vorh\u00e4nger mit 2.200 W\u00f6rtern. Das Lib\u00e9-Zeitungs-Lab, ja so etwas leistet sich zukunftsweisend die Tageszeitung, hat\u00a0 einen Neujahrsreden-Generator f\u00fcr Pr\u00e4sidenten erstellt. Die daraus automatisiert aus vorhergegangenen Ansprachen erstellten Texte kann man verteilen. Ja, auch das\u00a0 ist &#8222;share economy&#8220;.<\/p>\n<p>Ersparen m\u00f6chte man dem Leser eine versuchsweise angestellte automatische \u00dcbersetzung des d&#8217;Estaing-Textes mit mehreren online-Apps. Hier eine h\u00e4ndische Version der Endpassage aus 1974 &#8211; tja, das waren noch <em>lyrische<\/em> Zeiten:<\/p>\n<p>\u201e\u2026<em>1974 war ein Jahr, in dem B\u00e4ume und Blumen wuchsen, in dem sich Menschen begegneten, in dem andere lernten und produzierten und Dinge entwarfen. 1974 war ein Jahr f\u00fcr uns, das Teil unseres Lebens ist und das wir nie mehr erleben werden. Adieu 1974 , sei gegr\u00fc\u00dft 1975<\/em> \u2026\u201c<\/p>\n<p>Unsere Bundeskanzlerin belie\u00df es in ihrer gestrigen Ansprache 45 Jahre sp\u00e4ter bei 865 Worten. &#8218;Key words und Tags&#8216; waren, wie man neuerdings sagt: Zuversicht, gute Jahre, St\u00e4rken, digitaler Fortschritt, Bildung, Arbeitsplatz, Erde, Klima, Kinder und Enkel,\u00a0 Erfindergeist, Zusammenleben, Soziale Marktwirtschaft, Kommunen, Hass und Gewalt, Europ\u00e4ische Union, Afrika.<\/p>\n<p><a href=\"https:\/\/www.bundeskanzlerin.de\/resource\/blob\/822020\/1704084\/f418f6d2234d299f2dc3353505d53469\/download-pdf-data.pdf\">Hier die Textversion.<\/a><\/p>\n<p>Ein Repertoire von \u00fcber 10.000 Textbausteinen zu allen m\u00f6glichen Redeanl\u00e4ssen und \u2013themen bietet mit h\u00e4ndischer Unterst\u00fctzung durch Redakteure <a href=\"https:\/\/www.redenwelt.de\/cicero\/\">cicero<\/a>.<\/p>\n<p>Wie der &#8222;<a href=\"https:\/\/medium.com\/@samim\/obama-rnn-machine-generated-political-speeches-c8abd18a2ea0\">Obama Textgenerator&#8220; <\/a>funktioniert, kann man hier nachlesen.<\/p>\n<p>Das Wochenmagazin <a href=\"https:\/\/www.spiegel.de\/lebenundlernen\/schule\/abitur-reden-so-gelingt-schulleitern-die-ansprache-a-1095138.html\">Der Spiegel stellt auch einen vor<\/a>.<\/p>\n<p><a href=\"https:\/\/www.bundeskanzlerin.de\/bkin-de\"><img loading=\"lazy\" decoding=\"async\" class=\"aligncenter size-large wp-image-449\" src=\"http:\/\/dasmedienzentrum.org\/wp-content\/uploads\/2020\/01\/Merkel-Neujahrsansprache-1024x1024.jpg\" alt=\"\" width=\"525\" height=\"525\" srcset=\"https:\/\/dasmedienzentrum.org\/wp-content\/uploads\/2020\/01\/Merkel-Neujahrsansprache-1024x1024.jpg 1024w, https:\/\/dasmedienzentrum.org\/wp-content\/uploads\/2020\/01\/Merkel-Neujahrsansprache-150x150.jpg 150w, https:\/\/dasmedienzentrum.org\/wp-content\/uploads\/2020\/01\/Merkel-Neujahrsansprache-300x300.jpg 300w, https:\/\/dasmedienzentrum.org\/wp-content\/uploads\/2020\/01\/Merkel-Neujahrsansprache-768x768.jpg 768w, https:\/\/dasmedienzentrum.org\/wp-content\/uploads\/2020\/01\/Merkel-Neujahrsansprache-100x100.jpg 100w, https:\/\/dasmedienzentrum.org\/wp-content\/uploads\/2020\/01\/Merkel-Neujahrsansprache.jpg 1280w\" sizes=\"auto, (max-width: 525px) 100vw, 525px\" \/><\/a>Bundeskanzlerin.de<\/p>\n<p>Beitragsbild: Lib\u00e9ration<\/p>\n<p>&nbsp;<\/p>\n","protected":false},"excerpt":{"rendered":"<p>Es ist schon bemerkenswert, wie sich der politische Diskurs \u00fcber die Jahrzehnte \u00e4ndert. In Frankreich ging es bei der Neujahrsansprache 1974 des damaligen Pr\u00e4sidenten Giscard d&#8217;Estaing um Blumen, B\u00e4ume und Erfahrungen der Menschen. Die Zeitung Lib\u00e9ration hat die Rede des jetzigen Pr\u00e4sidenten Macron analysiert &#8211; das Wort \u201cArbeit\u201c kam, angesichts der aktuellen Streiks nicht weiter &hellip; <\/p>\n<p class=\"link-more\"><a href=\"https:\/\/dasmedienzentrum.org\/?p=445\" class=\"more-link\"><span class=\"screen-reader-text\">\u201eLyrik vs. Robot &#8211; Die politische Ansprache zum neuen Jahr\u201c<\/span> weiterlesen<\/a><\/p>\n","protected":false},"author":1,"featured_media":448,"comment_status":"open","ping_status":"open","sticky":false,"template":"","format":"standard","meta":{"footnotes":""},"categories":[1],"tags":[],"class_list":["post-445","post","type-post","status-publish","format-standard","has-post-thumbnail","hentry","category-allgemein"],"_links":{"self":[{"href":"https:\/\/dasmedienzentrum.org\/index.php?rest_route=\/wp\/v2\/posts\/445","targetHints":{"allow":["GET"]}}],"collection":[{"href":"https:\/\/dasmedienzentrum.org\/index.php?rest_route=\/wp\/v2\/posts"}],"about":[{"href":"https:\/\/dasmedienzentrum.org\/index.php?rest_route=\/wp\/v2\/types\/post"}],"author":[{"embeddable":true,"href":"https:\/\/dasmedienzentrum.org\/index.php?rest_route=\/wp\/v2\/users\/1"}],"replies":[{"embeddable":true,"href":"https:\/\/dasmedienzentrum.org\/index.php?rest_route=%2Fwp%2Fv2%2Fcomments&post=445"}],"version-history":[{"count":6,"href":"https:\/\/dasmedienzentrum.org\/index.php?rest_route=\/wp\/v2\/posts\/445\/revisions"}],"predecessor-version":[{"id":453,"href":"https:\/\/dasmedienzentrum.org\/index.php?rest_route=\/wp\/v2\/posts\/445\/revisions\/453"}],"wp:featuredmedia":[{"embeddable":true,"href":"https:\/\/dasmedienzentrum.org\/index.php?rest_route=\/wp\/v2\/media\/448"}],"wp:attachment":[{"href":"https:\/\/dasmedienzentrum.org\/index.php?rest_route=%2Fwp%2Fv2%2Fmedia&parent=445"}],"wp:term":[{"taxonomy":"category","embeddable":true,"href":"https:\/\/dasmedienzentrum.org\/index.php?rest_route=%2Fwp%2Fv2%2Fcategories&post=445"},{"taxonomy":"post_tag","embeddable":true,"href":"https:\/\/dasmedienzentrum.org\/index.php?rest_route=%2Fwp%2Fv2%2Ftags&post=445"}],"curies":[{"name":"wp","href":"https:\/\/api.w.org\/{rel}","templated":true}]}}