{"id":538,"date":"2020-03-10T13:07:49","date_gmt":"2020-03-10T12:07:49","guid":{"rendered":"http:\/\/dasmedienzentrum.org\/?p=538"},"modified":"2020-03-12T11:35:26","modified_gmt":"2020-03-12T10:35:26","slug":"schulen-zu-unis-auf-was-koennte-man-in-zeiten-der-corona-krise-mit-elearning-und-digital-gestuetztem-lernen-antworten","status":"publish","type":"post","link":"https:\/\/dasmedienzentrum.org\/?p=538","title":{"rendered":"Schulen zu, Unis auf &#8211; wie k\u00f6nnte man in Zeiten der Corona-Krise mit eLearning und digital gest\u00fctztem Lernen reagieren?"},"content":{"rendered":"\n<p> In Regionen Frankreichs lautet diese Devise: Kinder bleiben &#8218;chez soi&#8216;. Der Grund : Kinder und Jugendliche zeigen trotz Infektion h\u00e4ufig wenig Symptome, und das kann gef\u00e4hrlich sein, bleiben Angesteckte doch m\u00f6glicherweise unbemerkt. Die  Corona-Krise legt bestehende Defizite an Schulen in Deutschland schonungslos offen.  Seit mittlerweile eineinhalb Jahrzehnten ist bekannt und wurde auch schon in Testphasen angewandt:  Kranke Sch\u00fcler k\u00f6nnen zumindest teilweise entgehenden Lernstoff digital nachholen. Es muss halt daf\u00fcr gesorgt werden, dass entsprechende Plattformen einsetzbar sind, Lehrer und Sch\u00fcler zugleich im Umgang trainiert wurden, die Eltern mitspielen und die Technik zuhause funktioniert.<\/p>\n\n\n\n<figure class=\"wp-block-image size-large\"><img loading=\"lazy\" decoding=\"async\" width=\"1008\" height=\"1008\" src=\"http:\/\/dasmedienzentrum.org\/wp-content\/uploads\/2020\/03\/leererpcraum.jpg\" alt=\"\" class=\"wp-image-542\" srcset=\"https:\/\/dasmedienzentrum.org\/wp-content\/uploads\/2020\/03\/leererpcraum.jpg 1008w, https:\/\/dasmedienzentrum.org\/wp-content\/uploads\/2020\/03\/leererpcraum-300x300.jpg 300w, https:\/\/dasmedienzentrum.org\/wp-content\/uploads\/2020\/03\/leererpcraum-150x150.jpg 150w, https:\/\/dasmedienzentrum.org\/wp-content\/uploads\/2020\/03\/leererpcraum-768x768.jpg 768w, https:\/\/dasmedienzentrum.org\/wp-content\/uploads\/2020\/03\/leererpcraum-100x100.jpg 100w\" sizes=\"auto, (max-width: 767px) 89vw, (max-width: 1000px) 54vw, (max-width: 1071px) 543px, 580px\" \/><\/figure>\n\n\n\n<figure class=\"wp-block-image size-large\"><img loading=\"lazy\" decoding=\"async\" width=\"1008\" height=\"1008\" src=\"http:\/\/dasmedienzentrum.org\/wp-content\/uploads\/2020\/03\/jungswirgehenspielen-1.jpg\" alt=\"\" class=\"wp-image-545\" srcset=\"https:\/\/dasmedienzentrum.org\/wp-content\/uploads\/2020\/03\/jungswirgehenspielen-1.jpg 1008w, https:\/\/dasmedienzentrum.org\/wp-content\/uploads\/2020\/03\/jungswirgehenspielen-1-300x300.jpg 300w, https:\/\/dasmedienzentrum.org\/wp-content\/uploads\/2020\/03\/jungswirgehenspielen-1-150x150.jpg 150w, https:\/\/dasmedienzentrum.org\/wp-content\/uploads\/2020\/03\/jungswirgehenspielen-1-768x768.jpg 768w, https:\/\/dasmedienzentrum.org\/wp-content\/uploads\/2020\/03\/jungswirgehenspielen-1-100x100.jpg 100w\" sizes=\"auto, (max-width: 767px) 89vw, (max-width: 1000px) 54vw, (max-width: 1071px) 543px, 580px\" \/><\/figure>\n\n\n\n<p>Auf  ganz andere Paradigmen, einen Turbo f\u00fcr Lernoptimierungen und -erfahrungen wird hier nicht eingegangen. Insgesamt ist aber klar: Interdisziplinarit\u00e4t tut not,  das Tempo m\u00fcsste in den einzelnen Institutionen beschleunigt und Immersions-Lernverfahren z.Bsp. mit VR\/AR endlich intensiver angegangen werden.  Deutschland ist hier im Dornr\u00f6schen Schlaf!<br><br>Ein Wicht, wer bei verordnetem Zuhausebleiben an <a href=\"https:\/\/www.facebook.com\/hashtag\/coronaferien?source=feed_text&amp;epa=HASHTAG\">#Coronaferien<\/a>  glaubt ? Die Jungs hier  gehen spielen &#8211; das bildet auch.<br><br> Im Osten Frankreichs gibt es immerhin <a href=\"https:\/\/www.facebook.com\/hashtag\/cned?source=feed_text&amp;epa=HASHTAG\">#cned<\/a> und den \u201eDigitalen Schreibtisch\u201c (ENT), f\u00fcr den alle (!) angemeldet sind.<br> <a href=\"https:\/\/www.facebook.com\/hashtag\/schulcloud?source=feed_text&amp;epa=HASHTAG\">#schulcloud<\/a> #Coronaferien #cned<\/p>\n\n\n\n<figure class=\"wp-block-image size-large\"><img loading=\"lazy\" decoding=\"async\" width=\"915\" height=\"714\" src=\"http:\/\/dasmedienzentrum.org\/wp-content\/uploads\/2020\/03\/bureaunumerique.png\" alt=\"\" class=\"wp-image-541\" srcset=\"https:\/\/dasmedienzentrum.org\/wp-content\/uploads\/2020\/03\/bureaunumerique.png 915w, https:\/\/dasmedienzentrum.org\/wp-content\/uploads\/2020\/03\/bureaunumerique-300x234.png 300w, https:\/\/dasmedienzentrum.org\/wp-content\/uploads\/2020\/03\/bureaunumerique-768x599.png 768w\" sizes=\"auto, (max-width: 767px) 89vw, (max-width: 1000px) 54vw, (max-width: 1071px) 543px, 580px\" \/><\/figure>\n\n\n\n<p> <\/p>\n","protected":false},"excerpt":{"rendered":"<p>In Regionen Frankreichs lautet diese Devise: Kinder bleiben &#8218;chez soi&#8216;. Der Grund : Kinder und Jugendliche zeigen trotz Infektion h\u00e4ufig wenig Symptome, und das kann gef\u00e4hrlich sein, bleiben Angesteckte doch m\u00f6glicherweise unbemerkt. Die Corona-Krise legt bestehende Defizite an Schulen in Deutschland schonungslos offen. Seit mittlerweile eineinhalb Jahrzehnten ist bekannt und wurde auch schon in Testphasen &hellip; <\/p>\n<p class=\"link-more\"><a href=\"https:\/\/dasmedienzentrum.org\/?p=538\" class=\"more-link\"><span class=\"screen-reader-text\">\u201eSchulen zu, Unis auf &#8211; wie k\u00f6nnte man in Zeiten der Corona-Krise mit eLearning und digital gest\u00fctztem Lernen reagieren?\u201c<\/span> weiterlesen<\/a><\/p>\n","protected":false},"author":1,"featured_media":545,"comment_status":"open","ping_status":"open","sticky":false,"template":"","format":"standard","meta":{"footnotes":""},"categories":[1],"tags":[76,21,2,105],"class_list":["post-538","post","type-post","status-publish","format-standard","has-post-thumbnail","hentry","category-allgemein","tag-dasmedienzentrum","tag-dasmedienzentrm","tag-elearning","tag-zuhause-lernen"],"_links":{"self":[{"href":"https:\/\/dasmedienzentrum.org\/index.php?rest_route=\/wp\/v2\/posts\/538","targetHints":{"allow":["GET"]}}],"collection":[{"href":"https:\/\/dasmedienzentrum.org\/index.php?rest_route=\/wp\/v2\/posts"}],"about":[{"href":"https:\/\/dasmedienzentrum.org\/index.php?rest_route=\/wp\/v2\/types\/post"}],"author":[{"embeddable":true,"href":"https:\/\/dasmedienzentrum.org\/index.php?rest_route=\/wp\/v2\/users\/1"}],"replies":[{"embeddable":true,"href":"https:\/\/dasmedienzentrum.org\/index.php?rest_route=%2Fwp%2Fv2%2Fcomments&post=538"}],"version-history":[{"count":10,"href":"https:\/\/dasmedienzentrum.org\/index.php?rest_route=\/wp\/v2\/posts\/538\/revisions"}],"predecessor-version":[{"id":553,"href":"https:\/\/dasmedienzentrum.org\/index.php?rest_route=\/wp\/v2\/posts\/538\/revisions\/553"}],"wp:featuredmedia":[{"embeddable":true,"href":"https:\/\/dasmedienzentrum.org\/index.php?rest_route=\/wp\/v2\/media\/545"}],"wp:attachment":[{"href":"https:\/\/dasmedienzentrum.org\/index.php?rest_route=%2Fwp%2Fv2%2Fmedia&parent=538"}],"wp:term":[{"taxonomy":"category","embeddable":true,"href":"https:\/\/dasmedienzentrum.org\/index.php?rest_route=%2Fwp%2Fv2%2Fcategories&post=538"},{"taxonomy":"post_tag","embeddable":true,"href":"https:\/\/dasmedienzentrum.org\/index.php?rest_route=%2Fwp%2Fv2%2Ftags&post=538"}],"curies":[{"name":"wp","href":"https:\/\/api.w.org\/{rel}","templated":true}]}}