{"id":55,"date":"2018-01-24T11:24:37","date_gmt":"2018-01-24T10:24:37","guid":{"rendered":"http:\/\/dasmedienzentrum.org\/?p=55"},"modified":"2018-01-24T11:27:12","modified_gmt":"2018-01-24T10:27:12","slug":"radiomarkt-mehr-als-stabil","status":"publish","type":"post","link":"https:\/\/dasmedienzentrum.org\/?p=55","title":{"rendered":"Radiomarkt mehr als stabil"},"content":{"rendered":"<p>Entgegen der allgemeinen Meinung entwickelt sich der Radiomarkt wirtschaftlich sehr erfreulich f\u00fcr die privaten Anbieter. Digital schl\u00e4gt doch noch nicht durch, und den Radiomachern ist es gleich, ob H\u00f6rer und damit Werbeums\u00e4tze \u00fcber Webcast, Simulcast, Digital oder UKW kommen.<\/p>\n<p>2017 gingen <u>netto <\/u>an die 900 Mio. \u20ac in Radiowerbung, ein Viertel \u00a0hiervon\u00a0 an die ARD.<\/p>\n<p>Die Kostendeckung der bayrischen Privatsender liegt sage und schreibe zwischen\u00a0 141 und 120 % laut einer BLM-Studie. Dies mag \u00e4hnlich auch f\u00fcr andere deutsche Privatanbieter gelten.<\/p>\n<p>Noch h\u00f6her k\u00f6nnte dieser Wert sein, wenn es den Machern gelingt, ihre Internetangebote besser zu monetarisieren. Radiostationen verf\u00fcgen \u00fcber reichlich Content, Kundenwissen und Personal, das vor Ort redaktionell pr\u00e4sent ist. Gespannt darf man sein, wer da auf das richtige Konzept kommt und es erfolgreich umsetzt. Expertise in Digitalmarketing k\u00e4me hiermit dazu. Es scheint, dass die Zeit, wo Radio in Massen Aktionen vor Ort gerade mit jungen Zielgruppen veranstaltet vorbei ist. Eine Renaissance digital getrieben und pr\u00e4sent umgesetzt vor Ort t\u00e4te Radio gut.<\/p>\n<p>&nbsp;<\/p>\n<p><img loading=\"lazy\" decoding=\"async\" class=\"wp-image-57 aligncenter\" src=\"http:\/\/dasmedienzentrum.org\/wp-content\/uploads\/2018\/01\/KDG-bayr-privatfunk-1-300x116.jpg\" alt=\"\" width=\"476\" height=\"184\" srcset=\"https:\/\/dasmedienzentrum.org\/wp-content\/uploads\/2018\/01\/KDG-bayr-privatfunk-1-300x116.jpg 300w, https:\/\/dasmedienzentrum.org\/wp-content\/uploads\/2018\/01\/KDG-bayr-privatfunk-1-768x298.jpg 768w, https:\/\/dasmedienzentrum.org\/wp-content\/uploads\/2018\/01\/KDG-bayr-privatfunk-1-1024x397.jpg 1024w, https:\/\/dasmedienzentrum.org\/wp-content\/uploads\/2018\/01\/KDG-bayr-privatfunk-1.jpg 1748w\" sizes=\"auto, (max-width: 476px) 100vw, 476px\" \/><\/p>\n","protected":false},"excerpt":{"rendered":"<p>Entgegen der allgemeinen Meinung entwickelt sich der Radiomarkt wirtschaftlich sehr erfreulich f\u00fcr die privaten Anbieter. Digital schl\u00e4gt doch noch nicht durch, und den Radiomachern ist es gleich, ob H\u00f6rer und damit Werbeums\u00e4tze \u00fcber Webcast, Simulcast, Digital oder UKW kommen. 2017 gingen netto an die 900 Mio. \u20ac in Radiowerbung, ein Viertel \u00a0hiervon\u00a0 an die ARD. &hellip; <\/p>\n<p class=\"link-more\"><a href=\"https:\/\/dasmedienzentrum.org\/?p=55\" class=\"more-link\"><span class=\"screen-reader-text\">\u201eRadiomarkt mehr als stabil\u201c<\/span> weiterlesen<\/a><\/p>\n","protected":false},"author":1,"featured_media":59,"comment_status":"open","ping_status":"open","sticky":false,"template":"","format":"standard","meta":{"footnotes":""},"categories":[1],"tags":[],"class_list":["post-55","post","type-post","status-publish","format-standard","has-post-thumbnail","hentry","category-allgemein"],"_links":{"self":[{"href":"https:\/\/dasmedienzentrum.org\/index.php?rest_route=\/wp\/v2\/posts\/55","targetHints":{"allow":["GET"]}}],"collection":[{"href":"https:\/\/dasmedienzentrum.org\/index.php?rest_route=\/wp\/v2\/posts"}],"about":[{"href":"https:\/\/dasmedienzentrum.org\/index.php?rest_route=\/wp\/v2\/types\/post"}],"author":[{"embeddable":true,"href":"https:\/\/dasmedienzentrum.org\/index.php?rest_route=\/wp\/v2\/users\/1"}],"replies":[{"embeddable":true,"href":"https:\/\/dasmedienzentrum.org\/index.php?rest_route=%2Fwp%2Fv2%2Fcomments&post=55"}],"version-history":[{"count":4,"href":"https:\/\/dasmedienzentrum.org\/index.php?rest_route=\/wp\/v2\/posts\/55\/revisions"}],"predecessor-version":[{"id":63,"href":"https:\/\/dasmedienzentrum.org\/index.php?rest_route=\/wp\/v2\/posts\/55\/revisions\/63"}],"wp:featuredmedia":[{"embeddable":true,"href":"https:\/\/dasmedienzentrum.org\/index.php?rest_route=\/wp\/v2\/media\/59"}],"wp:attachment":[{"href":"https:\/\/dasmedienzentrum.org\/index.php?rest_route=%2Fwp%2Fv2%2Fmedia&parent=55"}],"wp:term":[{"taxonomy":"category","embeddable":true,"href":"https:\/\/dasmedienzentrum.org\/index.php?rest_route=%2Fwp%2Fv2%2Fcategories&post=55"},{"taxonomy":"post_tag","embeddable":true,"href":"https:\/\/dasmedienzentrum.org\/index.php?rest_route=%2Fwp%2Fv2%2Ftags&post=55"}],"curies":[{"name":"wp","href":"https:\/\/api.w.org\/{rel}","templated":true}]}}