{"id":645,"date":"2020-05-11T16:56:50","date_gmt":"2020-05-11T14:56:50","guid":{"rendered":"http:\/\/dasmedienzentrum.org\/?p=645"},"modified":"2020-05-11T16:56:50","modified_gmt":"2020-05-11T14:56:50","slug":"fortbildung-in-radios-hemdsaermlig-behandelt","status":"publish","type":"post","link":"https:\/\/dasmedienzentrum.org\/?p=645","title":{"rendered":"Fortbildung in Radios hemds\u00e4rmlig behandelt?"},"content":{"rendered":"\n<p>Sind #Video-chats f\u00fcr Trainings von Medienschaffenden, die wahre L\u00f6sung? Wer bildet aus, taugen Kurse was? Inhalte, Benefits nur f\u00fcr #Vertrieb oder #Programmgestaltung oder auch f\u00fcr andere Unternehmensbereiche? Erfolgt Unterst\u00fctzungen der eigenen #Employability oder muss Arbeitnehmer alles aus der eigenen Tasche zahlen? Sehen PE-Verantwortliche bei den Radio-\/Medienanbietern das Thema ein wenig zu hemds\u00e4rmlig? Wo bestehen neue Erl\u00f6sfelder f\u00fcr Trainer, Beratungsagenturen und Coaches?<\/p>\n\n\n\n<figure class=\"wp-block-image size-large\"><img loading=\"lazy\" decoding=\"async\" width=\"759\" height=\"1024\" src=\"http:\/\/dasmedienzentrum.org\/wp-content\/uploads\/2020\/05\/IMG_20200511_165004-759x1024.png\" alt=\"\" class=\"wp-image-646\" srcset=\"https:\/\/dasmedienzentrum.org\/wp-content\/uploads\/2020\/05\/IMG_20200511_165004-759x1024.png 759w, https:\/\/dasmedienzentrum.org\/wp-content\/uploads\/2020\/05\/IMG_20200511_165004-222x300.png 222w, https:\/\/dasmedienzentrum.org\/wp-content\/uploads\/2020\/05\/IMG_20200511_165004-768x1036.png 768w, https:\/\/dasmedienzentrum.org\/wp-content\/uploads\/2020\/05\/IMG_20200511_165004-1139x1536.png 1139w, https:\/\/dasmedienzentrum.org\/wp-content\/uploads\/2020\/05\/IMG_20200511_165004-1519x2048.png 1519w, https:\/\/dasmedienzentrum.org\/wp-content\/uploads\/2020\/05\/IMG_20200511_165004.png 1553w\" sizes=\"auto, (max-width: 706px) 89vw, (max-width: 767px) 82vw, 740px\" \/><\/figure>\n\n\n\n<p>Weitere Fragen und Antworten in radioszene:<br> <a href=\"https:\/\/t.co\/INsvRX4GDp\">https:\/\/t.co\/INsvRX4GDp<\/a><\/p>\n","protected":false},"excerpt":{"rendered":"<p>Sind #Video-chats f\u00fcr Trainings von Medienschaffenden, die wahre L\u00f6sung? Wer bildet aus, taugen Kurse was? Inhalte, Benefits nur f\u00fcr #Vertrieb oder #Programmgestaltung oder auch f\u00fcr andere Unternehmensbereiche? Erfolgt Unterst\u00fctzungen der eigenen #Employability oder muss Arbeitnehmer alles aus der eigenen Tasche zahlen? Sehen PE-Verantwortliche bei den Radio-\/Medienanbietern das Thema ein wenig zu hemds\u00e4rmlig? Wo bestehen neue &hellip; <\/p>\n<p class=\"link-more\"><a href=\"https:\/\/dasmedienzentrum.org\/?p=645\" class=\"more-link\"><span class=\"screen-reader-text\">\u201eFortbildung in Radios hemds\u00e4rmlig behandelt?\u201c<\/span> weiterlesen<\/a><\/p>\n","protected":false},"author":1,"featured_media":0,"comment_status":"open","ping_status":"open","sticky":false,"template":"","format":"standard","meta":{"footnotes":""},"categories":[1],"tags":[108,129,29,132,42,131,48,23,130],"class_list":["post-645","post","type-post","status-publish","format-standard","hentry","category-allgemein","tag-distanzlernen","tag-fortbildung","tag-helmut-poppe","tag-michel-colin","tag-radio","tag-radiolab","tag-radioszene","tag-radiozentrale","tag-zertifizierung"],"_links":{"self":[{"href":"https:\/\/dasmedienzentrum.org\/index.php?rest_route=\/wp\/v2\/posts\/645","targetHints":{"allow":["GET"]}}],"collection":[{"href":"https:\/\/dasmedienzentrum.org\/index.php?rest_route=\/wp\/v2\/posts"}],"about":[{"href":"https:\/\/dasmedienzentrum.org\/index.php?rest_route=\/wp\/v2\/types\/post"}],"author":[{"embeddable":true,"href":"https:\/\/dasmedienzentrum.org\/index.php?rest_route=\/wp\/v2\/users\/1"}],"replies":[{"embeddable":true,"href":"https:\/\/dasmedienzentrum.org\/index.php?rest_route=%2Fwp%2Fv2%2Fcomments&post=645"}],"version-history":[{"count":1,"href":"https:\/\/dasmedienzentrum.org\/index.php?rest_route=\/wp\/v2\/posts\/645\/revisions"}],"predecessor-version":[{"id":647,"href":"https:\/\/dasmedienzentrum.org\/index.php?rest_route=\/wp\/v2\/posts\/645\/revisions\/647"}],"wp:attachment":[{"href":"https:\/\/dasmedienzentrum.org\/index.php?rest_route=%2Fwp%2Fv2%2Fmedia&parent=645"}],"wp:term":[{"taxonomy":"category","embeddable":true,"href":"https:\/\/dasmedienzentrum.org\/index.php?rest_route=%2Fwp%2Fv2%2Fcategories&post=645"},{"taxonomy":"post_tag","embeddable":true,"href":"https:\/\/dasmedienzentrum.org\/index.php?rest_route=%2Fwp%2Fv2%2Ftags&post=645"}],"curies":[{"name":"wp","href":"https:\/\/api.w.org\/{rel}","templated":true}]}}