{"id":656,"date":"2020-06-30T11:04:48","date_gmt":"2020-06-30T09:04:48","guid":{"rendered":"https:\/\/dasmedienzentrum.org\/?p=656"},"modified":"2020-07-21T11:13:40","modified_gmt":"2020-07-21T09:13:40","slug":"radio-und-audio-in-frankreich-und-deutschland-kennzahlen-und-erfolgskonzepte","status":"publish","type":"post","link":"https:\/\/dasmedienzentrum.org\/?p=656","title":{"rendered":"RADIO UND AUDIO in Frankreich und Deutschland &#8211;                                      Kennzahlen und Erfolgskonzepte"},"content":{"rendered":"\n<p>Wirtschaftliche Kennzahlen der Anbieter, Talkformate, Stellenwert von \u201aAUDIO\u2018 und Podcasts.  Vor und nach Corona. <\/p>\n\n\n\n<p>EMPFEHLUNGEN F\u00dcR  F\u00dcR RADIOANBIETER UND LANDESMEDIENANSTALTEN  ZUGLEICH<\/p>\n\n\n\n<p><strong>The Future of Marketing Is Curiosity<\/strong><\/p>\n\n\n\n<p><strong>AUSZUG der Studie<\/strong><br>(deutsche Version)<br>Version francaise <a href=\"mailto:interactive@poppe-media.de\">prix et commande ic<\/a>i<br><a href=\"https:\/\/1drv.ms\/b\/s!Au8JeLvTKQXHpXXdEpUA7Y2F5hIi?e=bttTNW\">Extrait en langue francaise ici (PDF)<\/a>, Download<br><a href=\"mailto:interactive@poppe-media.de\"><\/a><br>Mit &#8220; &#8230;.&#8220; gekennzeichnete Passagen stellen K\u00fcrzungen dar. Sie m\u00f6chten tiefere Informationen erhalten?  Am Ende dieser Seite finden Sie entsprechende Angaben.<\/p>\n\n\n\n<p><strong>I KURZFASSUNG<\/strong><br> <\/p>\n\n\n\n<p>\u201eMehr Wettbewerb f\u00fchrt zu mehr Kreativit\u00e4t und Vielfalt\u201c, so lassen sich die Ergebnisse dieser Studie zusammenfassen, die in der gew\u00e4hlten Themensetzung H\u00f6rerschaft, Gesetzgebung und wirtschaftlicher Erfolg der Radios in den beiden L\u00e4ndern wohl einzigartig ist.<\/p>\n\n\n\n<p>Urspr\u00fcnglich erstellt f\u00fcr den Branchenkongress \u201e<strong>European Radio Show 2020<\/strong>\u201c  vergleicht sie die beiden Radiosysteme in Frankreich und Deutschland mit den Bezugsfeldern Reichweiten, Programmangebote, Gesetzgebungen, Werbewirtschaft und Messverfahren. Sie wurde angesichts der Corona-Krise in diesen Bereichen aktualisiert und wird fortlaufend mit neuen Marktentwicklungen erg\u00e4nzt. Die in dieser Studie eingesetzten Verfahren lauten: \u00a062 \u00a0face to face von dem Autor durchgef\u00fchrte \u00a0Interviews mit Experten aus den Bereichen Vermarktung, Programmgestaltung, Medienforschung, technische L\u00f6sungen, Personalwirtschaft und mit Verantwortlichen einzelner Bereiche in den Sendern selbst. Z\u00e4hlservices von zwei deutschen gro\u00dfen Vermarktern und zwei franz\u00f6sischen Marktforschungs-unternehmen, Desk Research mit \u00a0Quellenanalyse einschl\u00e4giger Publikationen aus der Medienwirtschaft. Strukturierte Programmauswertungen \u00a0mit 257 Audio-Mitschnitten und deren inhaltliche analoge Analyse auf Aspekte wie Anteile Wort\/Musik, politische Berichterstattung, Meinungsbildung, Werbespots, Auslastung Werbeinventar. Die Fragestellungen und deren Ausweisungen erfolgen rollierend in einer \u00a02-Monats-Folge. <br><br>Frankreich ist einer der wichtigsten Handelspartner Deutschlands. Innerhalb der Zusammenarbeit mit den\u00a0 EU-Mitgliedsstaaten nimmt die deutsch-franz\u00f6sische Partnerschaft durch ihre Geschichte, ihre Intensit\u00e4t und ihre besondere institutionelle Ausgestaltung eine herausgehobene Stellung ein. Neben diesen eher politischen Rollen bringt eine Betrachtung beider Radiosysteme, um bei dem Thema Wirtschaft zu bleiben, bereits eine Analyse eines solch eher profanen Themas wie Werbung wertvolle Erkenntnisse f\u00fcr Radiobetreiber. Zahlreiche Kampagnen werden europaweit konzipiert. Wie geht hier zum Beispiel ein franz\u00f6sischer Anbieter wie Peugeot vor, wie sein Mitbewerber Volkswagen in den jeweiligen L\u00e4ndern? Vorliegende Studie zeigt entsprechende Strategien der Gestaltung wie auch der Platzierung auf in einem umfangreichen Spotarchiv. Auch werden lokale M\u00e4rkte analysiert und verglichen bei den Werbeeinnahmen und den Strategien lokaler Unternehmen. Solche Analysen bergen zahlreiche Tipps und Empfehlungen f\u00fcr Radiomanager in beiden L\u00e4ndern. Auch durch tiefe Programmanalysen, die in dieser Studie geboten werden, zeigt sich, welche ungeahnte Potentiale gewisse Radioformate bergen, die beispielsweise in Deutschland keinen Einsatz finden. Radio- oder wie es sich durch nicht ungeschicktes \u201aFraming\u2018 neuerdings \u201aAudio\u2018 nennt, unterliegt als m\u00e4chtiges Massenmedien \u00f6ffentlicher Kontrolle. Welche Vorgehensweisen staatliche Aufsichtsbeh\u00f6rden in beiden L\u00e4ndern nehmen und welche m\u00f6glichen Auswirkungen diese auf europ\u00e4ische Gesetzgebungen haben, wird aufgezeigt. Da hier auch Messinstrumente eine bedeutende Rolle spielen, werden Methoden, Anbieter und konkrete Ergebnisse demonstriert. \u00a0Es zeigt sich, welche Ausma\u00dfe starke Konzentrierungsph\u00e4nomene in der Medienwirtschaft auf\u00a0 Werbe- und Media-Agenturen, Marktforschungs-institute und in den Medien selbst nehmen.<br><br><\/p>\n\n\n\n<p> &#8230;&#8230;.<\/p>\n\n\n\n<p>II VORWORT <br>Die Erstellung dieser vergleichenden Studie hatte ihren Ausl\u00f6ser mit einer Fragestellung im Kongressprogramm der \u201eEuropean Radio Show 2020\u201c n\u00e4mlich der nach den Erfolgskomponenten deutscher und franz\u00f6sischer Radios. Sie fand eine erhebliche Aktualisierung in den Bereichen Reaktionen des Staates und der regulierenden Beh\u00f6rden zur St\u00fctzung des Privatfunks, bei den Ma\u00dfnahmen der Sender in beiden L\u00e4ndern, den Reichweiten und den Werbeumsatzentwicklungen. Ein besonderer Fokus wird auf die Entwicklung situationsbedingter neuer Angebote der Radiosender gelegt. Auch hier zeigte sich ein gewisse Originalit\u00e4t und Innovationskraft einiger Anbieter gerade solcher im Lokalfunkbereich. Aufgezeigt wird dies in einem Audio-Archiv, das \u00fcber &#8230;&#8230;..<\/p>\n\n\n\n<figure class=\"wp-block-table\"><table class=\"\"><tbody><tr><td>\n  Kapitel\n  <\/td><td>\n  Thema\n  <\/td><td>\n  Seite\n  <\/td><\/tr><tr><td>\n  I \n  <\/td><td>Kurzfassung&nbsp;&nbsp;    <\/td><td>\n  1\n  <\/td><\/tr><tr><td>\n  II&nbsp;&nbsp;&nbsp;&nbsp; \n  <\/td><td>Vorwort&nbsp;&nbsp;    <\/td><td>\n  3\n  <\/td><\/tr><tr><td>\n  III&nbsp;&nbsp;&nbsp;&nbsp;&nbsp;&nbsp;&nbsp; \n  <\/td><td>Inhalt&nbsp;&nbsp;    <\/td><td>\n  7\n  <\/td><\/tr><tr><td>\n  IV\n  a&nbsp; \n  <\/td><td>Gesetzgebung,   Anbietertypen in beiden L\u00e4ndern   <\/td><td>\n  8\n  <\/td><\/tr><tr><td>\n  IV\n  b&nbsp; \n  <\/td><td>Wem  geh\u00f6rt was? Besitzbeteiligungen   <\/td><td>\n  13\n  <\/td><\/tr><tr><td>\n  V\n  <\/td><td>Anzahl   Anbieter in einer Gegen\u00fcberstellung   <\/td><td>\n  17\n  <\/td><\/tr><tr><td>\n  VI\n  <\/td><td>Reichweiten   der Anbieter in einer Gegen\u00fcberstellung   <\/td><td>\n  19\n  <\/td><\/tr><tr><td>\n  VII\n  <\/td><td>Ums\u00e4tze   und Geb\u00fchreneinnahmen der Anbieter in einer Gegen\u00fcberstellung.   Der   Werbemarkt in beiden L\u00e4ndern und sein Anteil zur Finanzierung der Angebote.   Detaillierte Umsatz-Aufstellungen deutscher Lokalfunkkombis   <\/td><td>\n  21\n  <\/td><\/tr><tr><td>\n  VII\n  <\/td><td>Aktuelle   prim\u00e4re Marktbeobachtungen und Ausblick auf 2020\/2021   <\/td><td>\n  30\n  <\/td><\/tr><tr><td>\n  VII\n  <\/td><td>Beispielhafte   H\u00f6rfunk-Spots, Archiv mit Audio-Links   <\/td><td>\n  33\n  <\/td><\/tr><tr><td>\n  VIII\n  <\/td><td>Formatradio   TALK, dessen Bedeutung in Frankreich&nbsp;&nbsp;&nbsp;      <\/td><td>\n  34\n  <\/td><\/tr><tr><td>\n  VII\n  <\/td><td>Rolle   der staatlichen regulierende Institutionen bei der (politischen)   Meinungsbildung. Verfahren, Ergebnisse.   <\/td><td>\n  38\n  <\/td><\/tr><tr><td>\n  VIII\n  <\/td><td>Nationale   H\u00f6rfunkangebote mit TALK, Programmtafeln. Bewertung.   <\/td><td>\n  43\n  <\/td><\/tr><tr><td>\n  VIII\n  <\/td><td>Programmanalyse   von drei deutschen Anbietern, Auswertung nach Wort-, Nachrichten-,   Werbunganteil.   Audio-Archiv Spots und Programmittschnitte. In einer   kommentierten Gegen\u00fcberstellung mit ausgew\u00e4hlten deutschen Anbietern   (Programmanalyse, Anteile und Inhalte Nachrichten, Werbung, Ums\u00e4tze,   Jahresums\u00e4tze). Eines der Kernst\u00fccke vorliegender Studie. Eingesetzte Messinstrumente.   <\/td><td>\n  47\n  <\/td><\/tr><tr><td>\n  IX&nbsp; \n  <\/td><td>Typolisierung  vier franz\u00f6sischer TALK-Anbieter und Darstellung TALK am Beispiel Radio   RMC&nbsp;&nbsp;&nbsp;&nbsp;&nbsp;&nbsp;&nbsp;&nbsp;&nbsp;&nbsp;&nbsp;&nbsp;&nbsp;&nbsp;&nbsp;&nbsp;&nbsp;&nbsp;&nbsp;&nbsp;&nbsp;    <\/td><td>\n  54\n  <\/td><\/tr><tr><td>\n  IX&nbsp; \n  <\/td><td>Gewichtung   Programmelemente Wort, Werbung, Interviews, Call ins, Jingles.   Methoden   zur Aktivierung von H\u00f6rern.<br>Vergleich mit drei weiteren Anbietern in Frankreich. Programmuhr.   Audio-Mitschnitte\/Archivzug\u00e4nge.   <\/td><td>\n  56\n  <\/td><\/tr><tr><td>\n  X\n  <\/td><td>Gesetzgebung in Frankreich zur zeitlichen   Ausgewogenheit politischer \u00c4u\u00dferungen    <\/td><td>\n  62\n  <\/td><\/tr><tr><td>\n  XI\n  <\/td><td>Eingesetzte Messinstrumente, deren Methoden, Kosten,   Szenarien   <\/td><td>\n  64\n  <\/td><\/tr><tr><td>\n  XII\n  <\/td><td>Neue Distributionsformen, neue Audio-Angebote,   Webradios, Podcasts, Voice Assistants mit Darstellung des Online Audio Monitors, Ergebnisse und   Befragungsinhalte   <\/td><td>\n  66\n  <\/td><\/tr><tr><td>\n  XIII\n  <\/td><td>Personalrekrutierung, Transformationswillen   <\/td><td>\n  80\n  &nbsp;\n  <\/td><\/tr><tr><td>\n  XIV\n  <\/td><td>Anmerkungen\/Stichwort-Abbildungsverzeichnis&nbsp;    <\/td><td>\n  85\n  <\/td><\/tr><tr><td>\n  &nbsp;\n  <\/td><td>NUTZUNGSRECHTE und Angaben zum Autor Helmut Poppe   <\/td><td>\n  86\n  <\/td><\/tr><\/tbody><\/table><\/figure>\n\n\n<p><img loading=\"lazy\" decoding=\"async\" class=\"aligncenter size-full wp-image-688\" src=\"https:\/\/dasmedienzentrum.org\/wp-content\/uploads\/2020\/06\/wasw\u00e4rwenn.jpg\" alt=\"\" width=\"457\" height=\"290\" srcset=\"https:\/\/dasmedienzentrum.org\/wp-content\/uploads\/2020\/06\/wasw\u00e4rwenn.jpg 457w, https:\/\/dasmedienzentrum.org\/wp-content\/uploads\/2020\/06\/wasw\u00e4rwenn-300x190.jpg 300w\" sizes=\"auto, (max-width: 457px) 100vw, 457px\" \/><\/p>\n<p>Ein Chart aus einer Pr\u00e4sentation des Autors gehalten auf der European Radio Show im Januar 2020 in Paris.<br>Fazit: Frankreichs Radios vermarkten sich erfolgreicher. Grund? Mehr Wettbewerb, mehr Kreativit\u00e4t.<\/p>\n\n\n<p><strong>Eine Programmbeobachtung (hier anonymisiert und Auszug)<\/strong><br><\/p>\n\n\n\n<p>Anteile in&nbsp;&nbsp;&nbsp;&nbsp;&nbsp; %<\/p>\n\n\n\n<p>Werbung:&nbsp;&nbsp;  12%<\/p>\n\n\n\n<p>Musik:&nbsp;&nbsp;&nbsp;&nbsp;&nbsp;&nbsp;&nbsp;  62%<\/p>\n\n\n\n<p>Wort:&nbsp; &nbsp;&nbsp;&nbsp;&nbsp;&nbsp;&nbsp;  24%<\/p>\n\n\n\n<p>Andere:&nbsp;&nbsp;&nbsp;&nbsp;&nbsp;&nbsp; 2%<\/p>\n\n\n\n<p>Rundungsdifferenzen\nin Summe 1.698 Sek. \n\nKurzbewertung des\nbeobachteten Programmabschnitts:\n\n\n\n<\/p>\n\n\n\n<p>Spezielle Werbespots w\u00e4hrend Corona &#8211; in Deutschland wenig aufzufinden. In Frankreich massig.<br>&#8222;&#8230;..<\/p>\n\n\n\n<p>Die eingangs erw\u00e4hnte gattungsspezifischen Aktivit\u00e4ten Richtung Umsetzung in Corona-spezifischen Marketingaktionen im Radio in Frankreich wird mit einer Liste von 250 Radiospots ersichtlich. Hier wurden auf die lokale und auf das krisenbedingte Umfeld passgenaue H\u00f6rfunkspots und auch Podcasts erstellt und eingesetzt.<\/p>\n\n\n\n<p>Es seien hier erw\u00e4hnt:<\/p>\n\n\n\n<ul class=\"wp-block-list\"><li> Best of Radiopub Corona: Die <strong>Supermarktkette Intermarch\u00e9<\/strong> gibt spezielle \u00d6ffnungszeiten bekannt f\u00fcr Personal in ausgesuchten Berufen wie Pflegekr\u00e4fte,    Feuerwehr etc. (Dauer 0:20) <\/li><li>  <strong>MESSAGE GOUV CORONAVIRUS<\/strong> Ein Hinweis der staatlichen  <br>  Gesundheitsbeh\u00f6rde (Dauer 0:35)<\/li><li>Hinweis<strong> kommunale M\u00fcllentsorgung<\/strong> (0:45)<\/li><\/ul>\n\n\n\n<ul class=\"wp-block-list\"><li>DER LIEBLING in dieser Aufstellung!:<br> <a href=\"https:\/\/soundcloud.com\/webradiopub-fm\/adel-formation-mars-complement-crise\">ADEL FORMATION MARS COMPLEMENT CRISE ABSTUD<\/a>IO<\/li><\/ul>\n\n\n\n<p>&nbsp;&nbsp;&nbsp;&nbsp;&nbsp;&nbsp;&nbsp;&nbsp; Eine <strong> Akademie<\/strong> l\u00e4dt zu Onlinekursen ein, auch Spanisch \u201eCorona, ol\u00e9!\u201c<\/p>\n\n\n\n<ul class=\"wp-block-list\"><li><a href=\"https:\/\/soundcloud.co\">Plombier.com 15s <\/a>mars20 JEUDEPISTE<a href=\"https:\/\/soundcloud.com\/webradiopub-fm\/plombiercom-15s-mars20\"><br> <\/a>Eine <strong>Klempnerinnung<\/strong> k\u00fcndigt an, in Corona-Zeiten keine Extrageb\u00fchr zu erheben.<\/li><li><strong>MERICQ <\/strong>Commandes 24032020 JFY Liefert <strong>Fisch und Meeresfr\u00fcchte wie \u201eUber\u201c<\/strong>, (Dauer 0:30)<\/li><\/ul>\n\n\n\n<ul class=\"wp-block-list\"><li>PASSAGEDUDESIR.FR, <strong>Sextoy-Anbieter <\/strong>nutzt die Coronakrise (Dauer 0:30)<\/li><\/ul>\n\n\n<p><strong>VIII Formatradio TALK, dessen Bedeutung in Frankreich<\/strong><\/p>\n<p>In j\u00fcngster Zeit scheint es zu einer Wiederentdeckung des Formats TALK auch in Deutschland zu kommen. Antenne Bayern und Radio RTL setzen \u2013 wenn auch nur f\u00fcr kurze Programmeinsch\u00fcbe \u2013 auf dieses Format. Der ostdeutsche Sender MDR wird ebenfalls in dem Segment aktiv mit einem Diskussionsportal. Der Hessische Rundfunk veranstaltet jeden Mittwoch ein alle Sender \u00fcbergreifendes Format namens<span class=\"oi732d6d ik7dh3pa d2edcug0 qv66sw1b c1et5uql a8c37x1j muag1w35 ew0dbk1b jq4qci2q a3bd9o3v knj5qynh oo9gr5id hzawbc8m\" dir=\"auto\"> <a class=\"oajrlxb2 g5ia77u1 qu0x051f esr5mh6w e9989ue4 r7d6kgcz rq0escxv nhd2j8a9 nc684nl6 p7hjln8o kvgmc6g5 cxmmr5t8 oygrvhab hcukyx3x jb3vyjys rz4wbd8a qt6c0cv9 a8nywdso i1ao9s8h esuyzwwr f1sip0of lzcic4wl oo9gr5id gpro0wi8 lrazzd5p\" tabindex=\"0\" role=\"link\" href=\"https:\/\/www.facebook.com\/hashtag\/wirh%C3%B6rendich?__eep__=6&amp;__cft__[0]=AZUZ2MUOsmOqheb87b3HTeCAfSFdFmShAYNGL2R0mmpYFWO6Dh1C8EIAN19FZrWjF_WNx2ixvnBYj2Ti4ri2sB9Fih6aYDzUrJGEcpfHvjnxCbOnR4jIu0rfQ3-_-X2UhcA\">#Wirh\u00f6renDich.<\/a><img loading=\"lazy\" decoding=\"async\" class=\"aligncenter size-full wp-image-701\" src=\"https:\/\/dasmedienzentrum.org\/wp-content\/uploads\/2020\/06\/HR-machmit-1.jpg\" alt=\"\" width=\"428\" height=\"243\" srcset=\"https:\/\/dasmedienzentrum.org\/wp-content\/uploads\/2020\/06\/HR-machmit-1.jpg 428w, https:\/\/dasmedienzentrum.org\/wp-content\/uploads\/2020\/06\/HR-machmit-1-300x170.jpg 300w\" sizes=\"auto, (max-width: 428px) 100vw, 428px\" \/> \u00d6ffentlich-Rechtliche besetzen nun auch publikumswirksam das Feld Diskussionen und Debatten. Engagiert, unterhaltsam und ohne Zeigefinger. (Bild Hessischer Rundfunk)<br><\/span><\/p>\n\n\n<p><br><strong>Zum Thema TALK<\/strong><br>(ein Auszug der Einleitung)<\/p>\n\n\n\n<p>&#8222;&#8230;.. <strong>Emotionen, Debatten, Streit und Streicheleinheiten f\u00fcr den H\u00f6rer.<\/strong><\/p>\n\n\n\n<p>Die gro\u00dfen landesweiten privatwirtschaftlichen H\u00f6rfunkangebote, die in die von den Aufsichtsbeh\u00f6rden erstellte f\u00fcnfte Kategorie E fallen, hei\u00dfen <a href=\"https:\/\/fr.wikipedia.org\/wiki\/Europe_1\">Europe 1<\/a>, <a href=\"https:\/\/fr.wikipedia.org\/wiki\/RTL\">RTL<\/a>, <a href=\"https:\/\/fr.wikipedia.org\/wiki\/Radio_Monte-Carlo\">RMC<\/a> und <a href=\"https:\/\/fr.wikipedia.org\/wiki\/Sud_Radio_(France)\">Sud Radio<\/a> und nannten sich bis 1982 \u201ePeripherieradios\u201c, da sie au\u00dferhalb des franz\u00f6sischen Staatsterritoriums auf Langwelle ausstrahlten. Sie finden Verbreitung jetzt \u00fcber UKW, das Internet und in einem Fr\u00fchstadium via DABplus und haben ihren Gesch\u00e4ftssitz in Paris. Sie betreiben ein stark auf Wort orientiertes Programm. Eine staatlich-\u00f6ffentliche Angebotserg\u00e4nzung im Bereich Wort erh\u00e4lt der H\u00f6rer mit den landesweit ausgestrahlten Programmen France Inter und dem Nachrichtensender France Info.<\/p>\n\n\n\n<p>Da stark auf Wortprogramme ausgerichtete Sender, auch bezeichnet als \u201eTALK-Radios\u201c in der Herstellung als relativ aufwendig und teuer betrachtet werden und zudem die Programmkosten der landesweiten franz\u00f6sischen Anbieter, die auch \u00fcber TV-&nbsp; und zahlreiche Bewegtbildkan\u00e4le Inhalte verbreiten hoch sind, l\u00e4sst sich auf einen ersten Blick folgern, dass die ma\u00dfgeblichen Radiostationen im Vergleich zu deutschen Anbietern wesentlich ung\u00fcnstigere Renditen erzielen. (Noch) scheint die Rechnung f\u00fcr deutsches Radio aufzugehen: viel Musik, \u00fcberschaubare teure Wortredaktion ergeben relativ hohe Gewinne. &#8230;.&#8220;<\/p>\n\n\n<p><strong>Politische Ausgewogenheit in Medien<br><\/strong><br>Im Nachbarland werden regelm\u00e4\u00dfige Messungen durchgef\u00fchrt, um die Anzahl und den Umfang der Auftritte von Politikern zu messen. Ausf\u00fchrendes Organ ist hierbei die Beh\u00f6rde CSA. Die erfassten Daten werden in aggregierter Form nach politischen Parteien in einem offenen und wiederverwendbaren Format und seit September 2016 in Form von Listen ver\u00f6ffentlicht, in denen die Reden von politischen Pers\u00f6nlichkeiten f\u00fcr kumulierte Zeiten von mehr als einer Minute aufgef\u00fchrt sind.<\/p>\n<p><img loading=\"lazy\" decoding=\"async\" class=\"aligncenter size-full wp-image-703\" src=\"https:\/\/dasmedienzentrum.org\/wp-content\/uploads\/2020\/06\/temps-dintervention.jpg\" alt=\"\" width=\"467\" height=\"311\" srcset=\"https:\/\/dasmedienzentrum.org\/wp-content\/uploads\/2020\/06\/temps-dintervention.jpg 467w, https:\/\/dasmedienzentrum.org\/wp-content\/uploads\/2020\/06\/temps-dintervention-300x200.jpg 300w\" sizes=\"auto, (max-width: 467px) 100vw, 467px\" \/><\/p>\n<p>Quelle: CSA &#8222;Pluralisme&#8220;<\/p>\n<p>Ob allerdings automatisierte Verfahren in der Lage sind, auf kleineren Stationen und in Randzeiten zum Beispiel &#8218;getriggerte&#8216; radikale Meinungs\u00e4u\u00dferungen von Einzelpersonen in Call-ins zu messen, darf in Frage gestellt werden. Hierzu auch die Anmerkungen in der Programmanalyse RMC und der eines deutschen Anbieters beachten (im ersten Fall eher subliminale Werbung und Namensanspielungen, im zweiten unkommentierter Drogenmissbrauch eines Musikers im jungen Alter).<\/p>\n\n\n<p><strong>XI&nbsp;&nbsp; Eingesetzte innovative Messinstrumente, <\/strong> <strong>deren Methoden, Kosten,   Szenarien <\/strong>   <\/p>\n\n\n\n<p>Zum Thema Tracking und Reichweitenmessung<br><br><\/p>\n\n\n\n<p>Wie vorab geschildert, wird in den USA ein sogenanntes People Meter\u201c zur Messung der H\u00f6rfunknutzung von dem Marktforschungsunternehmen Nielsen eingesetzt. Europ\u00e4ische Anbieter f\u00fcr solche Verfahren gab es bereits vor mehr als 20 Jahren mit einem schweizerischen Unternehmen. In Frankreich und in Belgien nennen sich Unternehmen, die \u00e4hnliche Verfahren anbieten Vocast, neuromedia, audiospy\/soundID. Ihnen allen ist gemeinsam, dass mit einem Pager oder sogar mit einem Handy Radiosignale ausgewertet werden, die ein verborgenes Tonsignal tragen. Somit k\u00f6nnen Programmelemente und deren vermutete Nutzung durch in einem Panel gewonnenen Probanden erfasst und ausgewiesen werden.<\/p>\n\n\n\n<p>Ganz besonderen Stellenwert findet die Technologie eines weiteren franz\u00f6sischen Anbieters, der zu dem internationalen  Medien- und Werbekonzern &#8230;.<br> <br>Eine Darstellung herk\u00f6mmlicher Befragungsmethoden und Inhalte aus dem Online Audio Monitor sind ab Seite 64 zu finden . &#8230;..&#8220;<\/p>\n\n\n<p>Der franz\u00f6sische Staat \u00fcbernimmt Kosten f\u00fcr die Fortbildung von Radiopersonal.<br>Wie und durch welche Akademien ab Seite 80.<img loading=\"lazy\" decoding=\"async\" class=\"aligncenter size-full wp-image-695\" src=\"https:\/\/dasmedienzentrum.org\/wp-content\/uploads\/2020\/06\/Fortbildung.jpg\" alt=\"\" width=\"333\" height=\"206\" srcset=\"https:\/\/dasmedienzentrum.org\/wp-content\/uploads\/2020\/06\/Fortbildung.jpg 333w, https:\/\/dasmedienzentrum.org\/wp-content\/uploads\/2020\/06\/Fortbildung-300x186.jpg 300w\" sizes=\"auto, (max-width: 333px) 100vw, 333px\" \/><\/p>\n\n\n<p><br>&#8230;.<\/p>\n\n\n\n<p><strong>NUTZUNGSRECHTE<\/strong><\/p>\n\n\n\n<p>Diese vorliegende Studie \u201eRADIO UND AUDIO in Frankreich und Deutschland\u201c<br>wurde erstellt  von Hemut Poppe (Angaben zum Autor weiter unten). Sie wird fortlaufend mit  Entwicklungen im Radio-\/Audiomarkt beider L\u00e4nder aktualisiert und bietet somit l\u00e4ndervergleichend tiefgehendes Expertenwissen zu Werbemarktentwicklungen, Vermarktungs-und Programmstrategien sowie zu den Themen HR, Methoden und Ergebnisse Media-Measurement.  Eine Kopie in g\u00e4nzlicher Form oder auszugsweise, digital oder in Papierform darf nur nach vorheriger Vereinbarung erfolgen.<\/p>\n\n\n\n<p>Die Studie ist k\u00e4uflich zu erwerben im Rahmen einer Einzel- oder Unternehmenslizenz. Kosten f\u00fcr die Gesamtausgabe oder einzelner Kapitel <a href=\"mailto:interactive@poppe-media.de\">auf Anfrage hier.<\/a><\/p>\n\n\n\n<p><strong>Angaben zum Autor Helmut Poppe<\/strong><\/p>\n\n\n\n<p>Radiopionier mit den\nStationen: Radio Petticoat-Berlin (erster deutscher Oldiesender),\nGesch\u00e4ftsf\u00fchrer der Radio Tele Media-Service, Marketingleiter Vertrieb Studio\nGong, Verkaufsdirektor der IPA und IP Multimedia, Marketingleitung germany.net\nmit radio germany.net. Langj\u00e4hriger Leiter eines Medienzentrums. Er arbeitet in\nund an digitaler Transformation f\u00fcr verschiedene Unternehmen in Deutschland und\nim Ausland in den Branchen Medien, Sport, Bildung und politische Kommunikation.<\/p>\n\n\n\n<p><a href=\"http:\/\/www.dasmedienzentrum.org\">www.dasmedienzentrum.org<\/a>&nbsp;&nbsp;&nbsp;&nbsp; #DasMedienZentrum<strong><\/strong><\/p>\n\n\n\n<p><\/p>\n\n\n\n<p><img loading=\"lazy\" decoding=\"async\" width=\"500\" height=\"436\" class=\"wp-image-669\" style=\"width: 500px;\" src=\"https:\/\/dasmedienzentrum.org\/wp-content\/uploads\/2020\/06\/passionforradio_rote-Nase-1.jpg\" alt=\"\" srcset=\"https:\/\/dasmedienzentrum.org\/wp-content\/uploads\/2020\/06\/passionforradio_rote-Nase-1.jpg 2003w, https:\/\/dasmedienzentrum.org\/wp-content\/uploads\/2020\/06\/passionforradio_rote-Nase-1-300x261.jpg 300w, https:\/\/dasmedienzentrum.org\/wp-content\/uploads\/2020\/06\/passionforradio_rote-Nase-1-1024x892.jpg 1024w, https:\/\/dasmedienzentrum.org\/wp-content\/uploads\/2020\/06\/passionforradio_rote-Nase-1-768x669.jpg 768w, https:\/\/dasmedienzentrum.org\/wp-content\/uploads\/2020\/06\/passionforradio_rote-Nase-1-1536x1338.jpg 1536w\" sizes=\"auto, (max-width: 500px) 100vw, 500px\" \/><br><\/p>\n","protected":false},"excerpt":{"rendered":"<p>Wirtschaftliche Kennzahlen der Anbieter, Talkformate, Stellenwert von \u201aAUDIO\u2018 und Podcasts. Vor und nach Corona. EMPFEHLUNGEN F\u00dcR F\u00dcR RADIOANBIETER UND LANDESMEDIENANSTALTEN ZUGLEICH The Future of Marketing Is Curiosity AUSZUG der Studie(deutsche Version)Version francaise prix et commande iciExtrait en langue francaise ici (PDF), DownloadMit &#8220; &#8230;.&#8220; gekennzeichnete Passagen stellen K\u00fcrzungen dar. Sie m\u00f6chten tiefere Informationen erhalten? Am &hellip; <\/p>\n<p class=\"link-more\"><a href=\"https:\/\/dasmedienzentrum.org\/?p=656\" class=\"more-link\"><span class=\"screen-reader-text\">\u201eRADIO UND AUDIO in Frankreich und Deutschland &#8211;                                      Kennzahlen und Erfolgskonzepte\u201c<\/span> weiterlesen<\/a><\/p>\n","protected":false},"author":1,"featured_media":658,"comment_status":"closed","ping_status":"closed","sticky":false,"template":"","format":"standard","meta":{"footnotes":""},"categories":[1],"tags":[76,151,166,157,165,159,160,152,149,29,150,163,162,164,161,158,153,142,154,155,156,148],"class_list":["post-656","post","type-post","status-publish","format-standard","has-post-thumbnail","hentry","category-allgemein","tag-dasmedienzentrum","tag-ag-ma","tag-alm","tag-audiostrategien","tag-blm","tag-csa","tag-cta","tag-deutschland","tag-emnid","tag-helmut-poppe","tag-kantar","tag-lmn","tag-lms","tag-lpr","tag-medienanstalten","tag-messverfahren","tag-progtammanaloeyse","tag-talk","tag-umsaetze-der-radioanbieter","tag-umsaetze-nach-corona","tag-vergleich-erfolgskonzepte","tag-vocast"],"_links":{"self":[{"href":"https:\/\/dasmedienzentrum.org\/index.php?rest_route=\/wp\/v2\/posts\/656","targetHints":{"allow":["GET"]}}],"collection":[{"href":"https:\/\/dasmedienzentrum.org\/index.php?rest_route=\/wp\/v2\/posts"}],"about":[{"href":"https:\/\/dasmedienzentrum.org\/index.php?rest_route=\/wp\/v2\/types\/post"}],"author":[{"embeddable":true,"href":"https:\/\/dasmedienzentrum.org\/index.php?rest_route=\/wp\/v2\/users\/1"}],"replies":[{"embeddable":true,"href":"https:\/\/dasmedienzentrum.org\/index.php?rest_route=%2Fwp%2Fv2%2Fcomments&post=656"}],"version-history":[{"count":38,"href":"https:\/\/dasmedienzentrum.org\/index.php?rest_route=\/wp\/v2\/posts\/656\/revisions"}],"predecessor-version":[{"id":735,"href":"https:\/\/dasmedienzentrum.org\/index.php?rest_route=\/wp\/v2\/posts\/656\/revisions\/735"}],"wp:featuredmedia":[{"embeddable":true,"href":"https:\/\/dasmedienzentrum.org\/index.php?rest_route=\/wp\/v2\/media\/658"}],"wp:attachment":[{"href":"https:\/\/dasmedienzentrum.org\/index.php?rest_route=%2Fwp%2Fv2%2Fmedia&parent=656"}],"wp:term":[{"taxonomy":"category","embeddable":true,"href":"https:\/\/dasmedienzentrum.org\/index.php?rest_route=%2Fwp%2Fv2%2Fcategories&post=656"},{"taxonomy":"post_tag","embeddable":true,"href":"https:\/\/dasmedienzentrum.org\/index.php?rest_route=%2Fwp%2Fv2%2Ftags&post=656"}],"curies":[{"name":"wp","href":"https:\/\/api.w.org\/{rel}","templated":true}]}}