{"id":726,"date":"2020-07-19T17:44:36","date_gmt":"2020-07-19T15:44:36","guid":{"rendered":"https:\/\/dasmedienzentrum.org\/?p=726"},"modified":"2020-07-21T11:10:48","modified_gmt":"2020-07-21T09:10:48","slug":"aktualisierung-der-studie-radio-und-audio-frankreich-und-deutschland-kapitel-vii-werbeumsaetze","status":"publish","type":"post","link":"https:\/\/dasmedienzentrum.org\/?p=726","title":{"rendered":"Update der Studie                                                     RADIO UND AUDIO  Frankreich und Deutschland                                            Kapitel VII Werbeums\u00e4tze"},"content":{"rendered":"\n<p> <\/p>\n\n\n\n<p>Das Marktforschungsunternehmen Nielsen meldet f\u00fcr\ndie Mediengattung Radio und den Monat Juni 2020 einen Zuwachs von 2% bei den\nBrutto-Werbeums\u00e4tzen im Vergleich zum Vorjahreszeitraum. \u00dcber den Betrachtungszeitraum\nJanuar bis Juni 2020 betragen die Verluste -13,3%.<br>\nRadio hat sich wacker geschlagen im Vergleich zu anderen Gattungen, alleinig\nOnline verzeichnet ebenfalls ein Plus.<\/p>\n\n\n\n<p>Im Rahmen von drei Szenarien und unter Ber\u00fccksichtigung\nvon Eink\u00fcnften aus lokaler Werbung wird an dieser Stelle eine Projektion der Werbeums\u00e4tze\nprivater Radioanbieter angestellt f\u00fcr das Gesamtjahr 2020 (Stand 19.07.2020)<\/p>\n\n\n\n<figure class=\"wp-block-table\"><table class=\"\"><tbody><tr><td>I Szenario <br> 2. Corona-Welle, Lockdowns \u2026   <\/td><td>   <br><br><br>II Szenario<br>Auf Basis positive Entwicklung wie Juni 2020<br>   <br>      <\/td><td>   <br>III Szenario<br>Optimistisch mit Kompensationseins\u00e4tzen von Werbungtreibenden   <\/td><\/tr><tr><td>   -15 %   <\/td><td>   &#8211; 6%   <\/td><td>   -4% <\/td><\/tr><\/tbody><\/table><\/figure>\n\n\n\n<figure class=\"wp-block-gallery columns-1 is-cropped wp-block-gallery-1 is-layout-flex wp-block-gallery-is-layout-flex\"><ul class=\"blocks-gallery-grid\"><li class=\"blocks-gallery-item\"><figure><img loading=\"lazy\" decoding=\"async\" width=\"511\" height=\"225\" src=\"https:\/\/dasmedienzentrum.org\/wp-content\/uploads\/2020\/07\/Nielsen0620vs0619.jpg\" alt=\"\" data-id=\"727\" data-link=\"https:\/\/dasmedienzentrum.org\/?attachment_id=727\" class=\"wp-image-727\" srcset=\"https:\/\/dasmedienzentrum.org\/wp-content\/uploads\/2020\/07\/Nielsen0620vs0619.jpg 511w, https:\/\/dasmedienzentrum.org\/wp-content\/uploads\/2020\/07\/Nielsen0620vs0619-300x132.jpg 300w\" sizes=\"auto, (max-width: 511px) 100vw, 511px\" \/><\/figure><\/li><\/ul><\/figure>\n\n\n\n<figure class=\"wp-block-image size-large\"><img loading=\"lazy\" decoding=\"async\" width=\"1024\" height=\"376\" src=\"https:\/\/dasmedienzentrum.org\/wp-content\/uploads\/2020\/07\/Nielsenwerbetrend20vs19stand0620-1-1024x376.jpg\" alt=\"\" class=\"wp-image-731\" srcset=\"https:\/\/dasmedienzentrum.org\/wp-content\/uploads\/2020\/07\/Nielsenwerbetrend20vs19stand0620-1-1024x376.jpg 1024w, https:\/\/dasmedienzentrum.org\/wp-content\/uploads\/2020\/07\/Nielsenwerbetrend20vs19stand0620-1-300x110.jpg 300w, https:\/\/dasmedienzentrum.org\/wp-content\/uploads\/2020\/07\/Nielsenwerbetrend20vs19stand0620-1-768x282.jpg 768w, https:\/\/dasmedienzentrum.org\/wp-content\/uploads\/2020\/07\/Nielsenwerbetrend20vs19stand0620-1.jpg 1047w\" sizes=\"auto, (max-width: 767px) 89vw, (max-width: 1000px) 54vw, (max-width: 1071px) 543px, 580px\" \/><\/figure>\n\n\n\n<p>Aus dem franz\u00f6sischen Markt sind bisher nur Zahlen f\u00fcr das 1. Quartal zu erhalten. Radio steht im Vorjahres-Vierteljahrvergleich mit -10,3% da (nationale Funkwerbung). Da die ersten zwei Monate noch nicht von der Coronakrise beeinflusst waren, d\u00fcrften die Einnahmenr\u00fcckg\u00e4nge \u00e4hnlich liegen wie diejenigen in Deutschland f\u00fcr den Monat M\u00e4rz in H\u00f6he von deutlich \u00fcber 20%.<\/p>\n\n\n\n<figure class=\"wp-block-gallery columns-1 is-cropped wp-block-gallery-2 is-layout-flex wp-block-gallery-is-layout-flex\"><ul class=\"blocks-gallery-grid\"><li class=\"blocks-gallery-item\"><figure><img loading=\"lazy\" decoding=\"async\" width=\"794\" height=\"575\" src=\"https:\/\/dasmedienzentrum.org\/wp-content\/uploads\/2020\/07\/bumpmai2020-ts-medias.jpg\" alt=\"\" data-id=\"729\" data-full-url=\"https:\/\/dasmedienzentrum.org\/wp-content\/uploads\/2020\/07\/bumpmai2020-ts-medias.jpg\" data-link=\"https:\/\/dasmedienzentrum.org\/?attachment_id=729\" class=\"wp-image-729\" srcset=\"https:\/\/dasmedienzentrum.org\/wp-content\/uploads\/2020\/07\/bumpmai2020-ts-medias.jpg 794w, https:\/\/dasmedienzentrum.org\/wp-content\/uploads\/2020\/07\/bumpmai2020-ts-medias-300x217.jpg 300w, https:\/\/dasmedienzentrum.org\/wp-content\/uploads\/2020\/07\/bumpmai2020-ts-medias-768x556.jpg 768w\" sizes=\"auto, (max-width: 767px) 89vw, (max-width: 1000px) 54vw, (max-width: 1071px) 543px, 580px\" \/><\/figure><\/li><\/ul><\/figure>\n\n\n\n<p>Urspr\u00fcnglich erstellt f\u00fcr den Branchenkongress \u201e<strong>European Radio Show 2020<\/strong>\u201c vergleicht dise Studie die beiden Radiosysteme in Frankreich und Deutschland mit den Bezugsfeldern Reichweiten, Programmangebote, Gesetzgebungen, Werbewirtschaft und Messverfahren. Sie wurde angesichts der Corona-Krise in diesen Bereichen aktualisiert und wird fortlaufend mit neuen Marktentwicklungen erg\u00e4nzt. Die in dieser Studie eingesetzten Verfahren lauten: \u00a062 \u00a0face to face von dem Autor durchgef\u00fchrte \u00a0Interviews mit Experten aus den Bereichen Vermarktung, Programmgestaltung, Medienforschung, technische L\u00f6sungen, Personalwirtschaft und mit Verantwortlichen einzelner Bereiche in den Sendern selbst. Z\u00e4hlservices von zwei deutschen gro\u00dfen Vermarktern und zwei franz\u00f6sischen Marktforschungs-unternehmen, Desk Research mit \u00a0Quellenanalyse einschl\u00e4giger Publikationen aus der Medienwirtschaft. Strukturierte Programmauswertungen \u00a0mit 257 Audio-Mitschnitten und deren inhaltliche analoge Analyse auf Aspekte wie Anteile Wort\/Musik, politische Berichterstattung, Meinungsbildung, Werbespots, Auslastung Werbeinventar. Die Fragestellungen und deren Ausweisungen erfolgen rollierend in einer \u00a02-Monats-Folge.<\/p>\n","protected":false},"excerpt":{"rendered":"<p>Das Marktforschungsunternehmen Nielsen meldet f\u00fcr die Mediengattung Radio und den Monat Juni 2020 einen Zuwachs von 2% bei den Brutto-Werbeums\u00e4tzen im Vergleich zum Vorjahreszeitraum. \u00dcber den Betrachtungszeitraum Januar bis Juni 2020 betragen die Verluste -13,3%. Radio hat sich wacker geschlagen im Vergleich zu anderen Gattungen, alleinig Online verzeichnet ebenfalls ein Plus. Im Rahmen von drei &hellip; <\/p>\n<p class=\"link-more\"><a href=\"https:\/\/dasmedienzentrum.org\/?p=726\" class=\"more-link\"><span class=\"screen-reader-text\">\u201eUpdate der Studie                                                     RADIO UND AUDIO  Frankreich und Deutschland                                            Kapitel VII Werbeums\u00e4tze\u201c<\/span> weiterlesen<\/a><\/p>\n","protected":false},"author":1,"featured_media":0,"comment_status":"closed","ping_status":"closed","sticky":false,"template":"","format":"standard","meta":{"footnotes":""},"categories":[1],"tags":[],"class_list":["post-726","post","type-post","status-publish","format-standard","hentry","category-allgemein"],"_links":{"self":[{"href":"https:\/\/dasmedienzentrum.org\/index.php?rest_route=\/wp\/v2\/posts\/726","targetHints":{"allow":["GET"]}}],"collection":[{"href":"https:\/\/dasmedienzentrum.org\/index.php?rest_route=\/wp\/v2\/posts"}],"about":[{"href":"https:\/\/dasmedienzentrum.org\/index.php?rest_route=\/wp\/v2\/types\/post"}],"author":[{"embeddable":true,"href":"https:\/\/dasmedienzentrum.org\/index.php?rest_route=\/wp\/v2\/users\/1"}],"replies":[{"embeddable":true,"href":"https:\/\/dasmedienzentrum.org\/index.php?rest_route=%2Fwp%2Fv2%2Fcomments&post=726"}],"version-history":[{"count":4,"href":"https:\/\/dasmedienzentrum.org\/index.php?rest_route=\/wp\/v2\/posts\/726\/revisions"}],"predecessor-version":[{"id":734,"href":"https:\/\/dasmedienzentrum.org\/index.php?rest_route=\/wp\/v2\/posts\/726\/revisions\/734"}],"wp:attachment":[{"href":"https:\/\/dasmedienzentrum.org\/index.php?rest_route=%2Fwp%2Fv2%2Fmedia&parent=726"}],"wp:term":[{"taxonomy":"category","embeddable":true,"href":"https:\/\/dasmedienzentrum.org\/index.php?rest_route=%2Fwp%2Fv2%2Fcategories&post=726"},{"taxonomy":"post_tag","embeddable":true,"href":"https:\/\/dasmedienzentrum.org\/index.php?rest_route=%2Fwp%2Fv2%2Ftags&post=726"}],"curies":[{"name":"wp","href":"https:\/\/api.w.org\/{rel}","templated":true}]}}