{"id":737,"date":"2020-08-17T12:12:57","date_gmt":"2020-08-17T10:12:57","guid":{"rendered":"https:\/\/dasmedienzentrum.org\/?p=737"},"modified":"2020-08-17T20:21:15","modified_gmt":"2020-08-17T18:21:15","slug":"selbstzentrierte-bubbler","status":"publish","type":"post","link":"https:\/\/dasmedienzentrum.org\/?p=737","title":{"rendered":"Selbstzentrierte Bubbler"},"content":{"rendered":"\n<p>Sie sind bestimmt wichtig, die Treiber im Digitalen, aber \u00fcbertreiben Sie es nicht ein bisschen? \u201eWohl noch nie richtig gearbeitet?!\u201c <br> <br>So lautet die genervte Aussage eines mittlerweile Seniors, der selbst zu den digitalen Pionieren z\u00e4hlt. Schaut man sich einmal diese hier zuf\u00e4lligerweise franz\u00f6sische Liste an ( Entsprechendes gibt es in Deutschland sicherlich auch), die wandlungsaffine Felder durch und nach Corona aufzeigen soll, fallen einem Punkte auf wie eine Notwendigkeit des lokalen Handels, sich digital anzupassen, eine angebliche neu entstehende Ethik &nbsp;der Wirtschaftsunternehmen oder auch das Ansteigen der Streamingdienste. Unmittelbar lebensnahe Themen wie beispielsweise Erziehung, Gesundheit oder Politik werden nicht erw\u00e4hnt. &nbsp;Sie passen wohl nicht zum Portfolio des Anbieters.<\/p>\n\n\n\n<p>In gelb: punktuelle Entwicklungen, gr\u00fcn = dauerhaft. Tendenzen, die f\u00fcr die \u201aWelt danach\u2018 im Auge zu behalten sind. Es geht viel um Handel \u2026.<br> <br> <\/p>\n\n\n\n<figure class=\"wp-block-image size-large\"><img loading=\"lazy\" decoding=\"async\" width=\"680\" height=\"513\" src=\"https:\/\/dasmedienzentrum.org\/wp-content\/uploads\/2020\/08\/mondedapres_EfdSZGPXYAEc68d.jpg\" alt=\"Ein Bild, das Screenshot enth\u00e4lt.\n\nAutomatisch generierte Beschreibung\" class=\"wp-image-738\" srcset=\"https:\/\/dasmedienzentrum.org\/wp-content\/uploads\/2020\/08\/mondedapres_EfdSZGPXYAEc68d.jpg 680w, https:\/\/dasmedienzentrum.org\/wp-content\/uploads\/2020\/08\/mondedapres_EfdSZGPXYAEc68d-300x226.jpg 300w\" sizes=\"auto, (max-width: 680px) 100vw, 680px\" \/><\/figure>\n\n\n\n<p><br>\nQuelle: digimind.com<\/p>\n\n\n\n<p>Haben die vorwiegend jungen Verfechter neuer digitaler Welten dergleichen drei lebensnahe Themen nicht in der Optik? Ganz offensichtlich haben sie mit ihrem Unternehmenshintergrund <em>Digital Insights und Market Intelligence<\/em> Tools im Gep\u00e4ck, die Entwicklungen im Handel und der Mobilit\u00e4t evaluieren und hervorsagen sollen. Da gab es doch eimal ein Lied \u201e<strong><em>So vain<\/em><\/strong> \u2026\u201c<br> <br> Man k\u00f6nnte sich einmal eine Maslowsche Bed\u00fcrfnispyramide anschauen und von unten nach oben pr\u00fcfen, inwieweit die einzelnen Felder durch den digitalen Wandel \u201abedient\u2018 werden k\u00f6nnen. <\/p>\n\n\n\n<figure class=\"wp-block-image size-large\"><img loading=\"lazy\" decoding=\"async\" width=\"600\" height=\"520\" src=\"https:\/\/dasmedienzentrum.org\/wp-content\/uploads\/2020\/08\/600px-Einfache_Bed\u00fcrfnishierarchie_nach_Maslow.svg_.png\" alt=\"Ein Bild, das Text enth\u00e4lt.\n\nAutomatisch generierte Beschreibung\" class=\"wp-image-739\" srcset=\"https:\/\/dasmedienzentrum.org\/wp-content\/uploads\/2020\/08\/600px-Einfache_Bed\u00fcrfnishierarchie_nach_Maslow.svg_.png 600w, https:\/\/dasmedienzentrum.org\/wp-content\/uploads\/2020\/08\/600px-Einfache_Bed\u00fcrfnishierarchie_nach_Maslow.svg_-300x260.png 300w\" sizes=\"auto, (max-width: 600px) 100vw, 600px\" \/><\/figure>\n\n\n\n<p>Die bekannte <em>Pyramide<\/em> ist eine Interpretation von\nMaslows Bed\u00fcrfnishierarchie (wiki)<\/p>\n\n\n\n<p>Schon alleine f\u00fcr die Stufe der \u201aSelbstverwirklichung\u2018 braucht\u2018s nicht unbedingt Digitales und die vielen technischen Angebote lenken bestimmt von Grundbed\u00fcrfnissen ab. Dem mittlerweile \u00fcberbesetzten Begriff \u201aNewWork\u2018 hat der Blog \u201e<strong>Indiskretion Ehrensache<\/strong>\u201c mit der dahinter stehenden Digitalberatung <strong><em>kpunktnull<\/em><\/strong> einen l\u00e4ngeren Artikel gewidmet und dem Titel \u201e<strong>Gr\u00f6\u00dfter Management-Fehler 2020: Der irrige Glaube an das Home Office<\/strong>\u201e. Darin werden zahlreiche Defizite identifiziert mit Aussagen wie: Home Office wird<strong> eine<\/strong> Art des Arbeitens sein und nicht herk\u00f6mmliche Formen ersetzen. Lang anhaltend &#8218;Off the office&#8216;  zu arbeiten, schadet nicht nur der Gesundheit sondern kann sich auch negativ auf die Karriere auswirken. Die Unternehmenskultur leidet und neue Mitarbeitern haben gro\u00dfe Schwierigkeiten sich in dieser Arbeitsform in einem Unternehmen zu integrieren. Home Office konterkariert zudem Millennial-Werte, denn deren Angeh\u00f6rige&nbsp; suchen Sinn in allen Teilen des Lebens und die Gemeinschaft.<br><br><\/p>\n\n\n\n<p>Auch die F.A.Z. &nbsp;hat j\u00fcngst in einem Artikel mit dem Titel \u201e<strong>120.000 \u20ac f\u00fcr zwei Emails am Tag<\/strong>\u201c geschildert, wie sehr ein Mensch aus der Wissenswirtschaft darunter leidet, dass er nichts zu tun hat und trotzdem gut weiterbezahlt wird. Der Fehler war beim Vorgesetzten zu suchen, bei dem entweder digitale Kommunikationswege nicht zum t\u00e4glichen Habitus z\u00e4hlen oder meinte, Wichtigeres tun zu haben. <br><\/p>\n\n\n\n<p>Spannend wird die Sache mit der Arbeit, wenn man einmal minutengenau Buch f\u00fchrt, was man als Erwerbsl\u00f6hner in welchem zeitlichen Umfang tut, um seine Br\u00f6tchen zu verdienen. Diese M\u00fche geben sich die allerwenigsten. &nbsp;Letztens bei einer Mitarbeiterin gesehen, dass diese t\u00e4glich eine Stunde damit verbringt \u2013 was durchaus nachvollziehbar ist \u2013 Emails zu lesen. Eigentlich m\u00fcsste man einzelne Arbeitsschritte bestimmten Wertsch\u00f6pfungsfeldern zuordnen. Ein Keylogger sprich Mitschreiber von Tastaturbefehlen wird das alleine nicht k\u00f6nnen. Bemerkenswert dabei ist, dass die meisten Menschen gar nicht wissen, wie ihr Job detailliert definiert ist und was die wichtigsten Felder sind. Werden die einzelnen Jobt\u00e4tigkeiten nicht eher nach den Kriterien aufgeteilt \u201e<strong>K\u00f6nnte den Vorgesetzten nicht gefallen<\/strong>\u201c oder \u201e<strong>Man holt sich Kritik ein<\/strong>\u201c? <\/p>\n\n\n\n<p>\u201e<strong>Der Mensch denkt \u2026.<\/strong> \u201e. <br>Vor einigen Monaten war von einem Zukunftsforscher und einem Mediamenschen zu lesen, dass, wenn wir im Herbst zur\u00fcckdenken an die heftigen Coronazeiten und wenn Trump weg ist, uns ein anderer Umgang mit Konsum und Umwelt bleibt. Wie es aussieht, wird dem nicht so sein. Corona zieht sich hin, die zweite Welle ist wohl schon im Gange, und wenn es ganz schlecht l\u00e4uft, passieren noch ganz andere Dinge. Es muss nicht das schwarze Loch sein, aber es k\u00f6nnten auch massive wirtschaftliche Katastrophen entstehen oder andere Konstellationen, die manche Digitaldenker nicht auf dem Monitor haben. Ein Gro\u00dfteil der Vorhersagen in den dargestellten Szenarien w\u00e4re obsolet. Dann geht es um ganz andere Dinge.<\/p>\n\n\n\n<p>Andere Dinge in der Zukunft, das k\u00f6nnten solche Begriffe sein wie:  mehr  N\u00e4he, W\u00e4rme und Gruppenzugeh\u00f6rigkeit, und hier kommt  der gedankliche Br\u00fcckenschlag zu dem Medium Radio: der gro\u00dfe Radio Host Harry von Zell sagte schon vor Jahrzehnten: &#8222;<strong><em>Radio is the most intimate and socially personal medium in the world<\/em><\/strong>.&#8220; In dem aufgezeigten Zukunftskontext hat es somit eine hervorragende Chance, nur wie Markus Langemann j\u00fcngst beklagte, ist derzeit &#8222;<a href=\"https:\/\/www.radioszene.de\/146241\/markus-langemann-radio-ohne-eier.html\">Radio ohne Eier<\/a>&#8222;. H\u00f6chste Zeit, dass sich daran etwas \u00e4ndert. Es g\u00e4be gute Chancen mit neuen DAB+-Frequenzen und zwar national.<\/p>\n\n\n\n<p><br> <\/p>\n\n\n\n<figure class=\"wp-block-image size-large\"><img loading=\"lazy\" decoding=\"async\" width=\"330\" height=\"342\" src=\"https:\/\/dasmedienzentrum.org\/wp-content\/uploads\/2020\/08\/Harry-von-Zell-1940.jpg\" alt=\"\" class=\"wp-image-748\" srcset=\"https:\/\/dasmedienzentrum.org\/wp-content\/uploads\/2020\/08\/Harry-von-Zell-1940.jpg 330w, https:\/\/dasmedienzentrum.org\/wp-content\/uploads\/2020\/08\/Harry-von-Zell-1940-289x300.jpg 289w\" sizes=\"auto, (max-width: 330px) 100vw, 330px\" \/><figcaption>Harry von Zell (Wiki)<\/figcaption><\/figure>\n","protected":false},"excerpt":{"rendered":"<p>Sie sind bestimmt wichtig, die Treiber im Digitalen, aber \u00fcbertreiben Sie es nicht ein bisschen? \u201eWohl noch nie richtig gearbeitet?!\u201c So lautet die genervte Aussage eines mittlerweile Seniors, der selbst zu den digitalen Pionieren z\u00e4hlt. Schaut man sich einmal diese hier zuf\u00e4lligerweise franz\u00f6sische Liste an ( Entsprechendes gibt es in Deutschland sicherlich auch), die wandlungsaffine &hellip; <\/p>\n<p class=\"link-more\"><a href=\"https:\/\/dasmedienzentrum.org\/?p=737\" class=\"more-link\"><span class=\"screen-reader-text\">\u201eSelbstzentrierte Bubbler\u201c<\/span> weiterlesen<\/a><\/p>\n","protected":false},"author":1,"featured_media":744,"comment_status":"closed","ping_status":"closed","sticky":false,"template":"","format":"standard","meta":{"footnotes":""},"categories":[1],"tags":[60,172,175,174,176,173,177,171],"class_list":["post-737","post","type-post","status-publish","format-standard","has-post-thumbnail","hentry","category-allgemein","tag-dasmedienzentrum-org","tag-digimind-com","tag-indiskretionehrensache","tag-kpunktnull","tag-markus-langemann","tag-maslow","tag-new-work","tag-radio-langemann-helmut-poppe"],"_links":{"self":[{"href":"https:\/\/dasmedienzentrum.org\/index.php?rest_route=\/wp\/v2\/posts\/737","targetHints":{"allow":["GET"]}}],"collection":[{"href":"https:\/\/dasmedienzentrum.org\/index.php?rest_route=\/wp\/v2\/posts"}],"about":[{"href":"https:\/\/dasmedienzentrum.org\/index.php?rest_route=\/wp\/v2\/types\/post"}],"author":[{"embeddable":true,"href":"https:\/\/dasmedienzentrum.org\/index.php?rest_route=\/wp\/v2\/users\/1"}],"replies":[{"embeddable":true,"href":"https:\/\/dasmedienzentrum.org\/index.php?rest_route=%2Fwp%2Fv2%2Fcomments&post=737"}],"version-history":[{"count":18,"href":"https:\/\/dasmedienzentrum.org\/index.php?rest_route=\/wp\/v2\/posts\/737\/revisions"}],"predecessor-version":[{"id":761,"href":"https:\/\/dasmedienzentrum.org\/index.php?rest_route=\/wp\/v2\/posts\/737\/revisions\/761"}],"wp:featuredmedia":[{"embeddable":true,"href":"https:\/\/dasmedienzentrum.org\/index.php?rest_route=\/wp\/v2\/media\/744"}],"wp:attachment":[{"href":"https:\/\/dasmedienzentrum.org\/index.php?rest_route=%2Fwp%2Fv2%2Fmedia&parent=737"}],"wp:term":[{"taxonomy":"category","embeddable":true,"href":"https:\/\/dasmedienzentrum.org\/index.php?rest_route=%2Fwp%2Fv2%2Fcategories&post=737"},{"taxonomy":"post_tag","embeddable":true,"href":"https:\/\/dasmedienzentrum.org\/index.php?rest_route=%2Fwp%2Fv2%2Ftags&post=737"}],"curies":[{"name":"wp","href":"https:\/\/api.w.org\/{rel}","templated":true}]}}