{"id":839,"date":"2021-01-05T18:07:13","date_gmt":"2021-01-05T17:07:13","guid":{"rendered":"https:\/\/dasmedienzentrum.org\/?p=839"},"modified":"2021-01-05T18:08:26","modified_gmt":"2021-01-05T17:08:26","slug":"finanzen-der-privaten-radioanbieter-2021-ungewiss","status":"publish","type":"post","link":"https:\/\/dasmedienzentrum.org\/?p=839","title":{"rendered":"Finanzen der privaten Radioanbieter 2021 &#8211; ungewiss"},"content":{"rendered":"\n<p>Das Unternehmen Coface arbeitet in den Bereichen Kreditversicherung und Risikomanagement.\u00a0 Als Beobachter in einem internationalen Netzwerk haben die \u00d6sterreicher ein Gesp\u00fcr f\u00fcr die Entwicklungen von Wirtschaftsunternehmen.<\/p>\n\n\n\n<p>F\u00fcr 2021 sehen die Wiener eine V-Entwicklung des BIP. Im Vergleich steht Deutschland relativ gut da in 2020 mit minus 6,6 %. Ob global gesehen doch plus 4,5% 2021 herauskommen, wird sich erst ab Mai\/Juni abehen lassen. Radiomarketer sehen verl\u00e4ssliche Forecasts erst im 3. Quartal wenn nicht sogar im Q4 .<\/p>\n\n\n\n<p>Die eigenen Prognosen im Radiomediagesch\u00e4ft lauteten in drei Szenarien minus 10 bis plus 1% im Vergleich zu 2019. Dies mit gro\u00dfen Spannweiten je nach Art des Anbieters lokal\/regiona, Position im Umfeld und vor allem hinsichtlich der &#8222;sources of revenue&#8220;. Warten wir die Zahlen aus Dezember ab. Die ersten Monate werden f\u00fcr das Prvatradio in Deutschland schwierig. Das Saarland hat einen Etat frei gemacht f\u00fcr die privaten Radiosender dort in H\u00f6he von immerhin 200.000 \u20ac. Grund: \u201eDer pri\u00adva\u00adte loka\u00adle Rund\u00adfunk spielt gera\u00adde in der aktu\u00adel\u00adlen Kri\u00adse eine wich\u00adti\u00adge Rol\u00adle. Denn er sorgt mit sei\u00adnen unter\u00adschied\u00adli\u00adchen Ange\u00adbo\u00adten f\u00fcr die media\u00adle Viel\u00adfalt und tr\u00e4gt mit b\u00fcr\u00adger\u00adna\u00adhen For\u00adma\u00adten zur t\u00e4g\u00adli\u00adchen Infor\u00adma\u00adti\u00adons\u00adver\u00adsor\u00adgung der Saarl\u00e4nder*innen bei.\u201c<\/p>\n\n\n\n<figure class=\"wp-block-image size-large\"><img loading=\"lazy\" decoding=\"async\" width=\"904\" height=\"599\" src=\"https:\/\/dasmedienzentrum.org\/wp-content\/uploads\/2021\/01\/BIP-Entwicklung.png\" alt=\"\" class=\"wp-image-840\" srcset=\"https:\/\/dasmedienzentrum.org\/wp-content\/uploads\/2021\/01\/BIP-Entwicklung.png 904w, https:\/\/dasmedienzentrum.org\/wp-content\/uploads\/2021\/01\/BIP-Entwicklung-300x199.png 300w, https:\/\/dasmedienzentrum.org\/wp-content\/uploads\/2021\/01\/BIP-Entwicklung-768x509.png 768w\" sizes=\"auto, (max-width: 767px) 89vw, (max-width: 1000px) 54vw, (max-width: 1071px) 543px, 580px\" \/><\/figure>\n\n\n\n<p>Kein Wunder, dass nicht nur die Radioleute in Berlin solch ein Bild sehen, wenn es um 2020 geht.<\/p>\n\n\n\n<figure class=\"wp-block-image size-large\"><img loading=\"lazy\" decoding=\"async\" width=\"386\" height=\"396\" src=\"https:\/\/dasmedienzentrum.org\/wp-content\/uploads\/2021\/01\/kickmyass.png\" alt=\"\" class=\"wp-image-842\" srcset=\"https:\/\/dasmedienzentrum.org\/wp-content\/uploads\/2021\/01\/kickmyass.png 386w, https:\/\/dasmedienzentrum.org\/wp-content\/uploads\/2021\/01\/kickmyass-292x300.png 292w\" sizes=\"auto, (max-width: 386px) 100vw, 386px\" \/><\/figure>\n\n\n\n<p>Bild Windsack: unsplash, Mark K\u00f6nig<\/p>\n","protected":false},"excerpt":{"rendered":"<p>Das Unternehmen Coface arbeitet in den Bereichen Kreditversicherung und Risikomanagement.\u00a0 Als Beobachter in einem internationalen Netzwerk haben die \u00d6sterreicher ein Gesp\u00fcr f\u00fcr die Entwicklungen von Wirtschaftsunternehmen. F\u00fcr 2021 sehen die Wiener eine V-Entwicklung des BIP. Im Vergleich steht Deutschland relativ gut da in 2020 mit minus 6,6 %. Ob global gesehen doch plus 4,5% 2021 &hellip; <\/p>\n<p class=\"link-more\"><a href=\"https:\/\/dasmedienzentrum.org\/?p=839\" class=\"more-link\"><span class=\"screen-reader-text\">\u201eFinanzen der privaten Radioanbieter 2021 &#8211; ungewiss\u201c<\/span> weiterlesen<\/a><\/p>\n","protected":false},"author":1,"featured_media":841,"comment_status":"closed","ping_status":"closed","sticky":false,"template":"","format":"standard","meta":{"footnotes":""},"categories":[1],"tags":[],"class_list":["post-839","post","type-post","status-publish","format-standard","has-post-thumbnail","hentry","category-allgemein"],"_links":{"self":[{"href":"https:\/\/dasmedienzentrum.org\/index.php?rest_route=\/wp\/v2\/posts\/839","targetHints":{"allow":["GET"]}}],"collection":[{"href":"https:\/\/dasmedienzentrum.org\/index.php?rest_route=\/wp\/v2\/posts"}],"about":[{"href":"https:\/\/dasmedienzentrum.org\/index.php?rest_route=\/wp\/v2\/types\/post"}],"author":[{"embeddable":true,"href":"https:\/\/dasmedienzentrum.org\/index.php?rest_route=\/wp\/v2\/users\/1"}],"replies":[{"embeddable":true,"href":"https:\/\/dasmedienzentrum.org\/index.php?rest_route=%2Fwp%2Fv2%2Fcomments&post=839"}],"version-history":[{"count":2,"href":"https:\/\/dasmedienzentrum.org\/index.php?rest_route=\/wp\/v2\/posts\/839\/revisions"}],"predecessor-version":[{"id":844,"href":"https:\/\/dasmedienzentrum.org\/index.php?rest_route=\/wp\/v2\/posts\/839\/revisions\/844"}],"wp:featuredmedia":[{"embeddable":true,"href":"https:\/\/dasmedienzentrum.org\/index.php?rest_route=\/wp\/v2\/media\/841"}],"wp:attachment":[{"href":"https:\/\/dasmedienzentrum.org\/index.php?rest_route=%2Fwp%2Fv2%2Fmedia&parent=839"}],"wp:term":[{"taxonomy":"category","embeddable":true,"href":"https:\/\/dasmedienzentrum.org\/index.php?rest_route=%2Fwp%2Fv2%2Fcategories&post=839"},{"taxonomy":"post_tag","embeddable":true,"href":"https:\/\/dasmedienzentrum.org\/index.php?rest_route=%2Fwp%2Fv2%2Ftags&post=839"}],"curies":[{"name":"wp","href":"https:\/\/api.w.org\/{rel}","templated":true}]}}