{"id":860,"date":"2021-01-26T11:15:21","date_gmt":"2021-01-26T10:15:21","guid":{"rendered":"https:\/\/dasmedienzentrum.org\/?p=860"},"modified":"2021-01-26T11:18:20","modified_gmt":"2021-01-26T10:18:20","slug":"lernfutter-im-lockdown","status":"publish","type":"post","link":"https:\/\/dasmedienzentrum.org\/?p=860","title":{"rendered":"Lernfutter im Lockdown"},"content":{"rendered":"\n<p><a href=\"https:\/\/mobile.twitter.com\/faz\">Die FAZ<\/a> hat sich Lernprogramme von privatwirtschaftlichen Anbietern angeschaut. Mit der Frage &#8222;Taugt&#8217;s was?&#8220; Eine detailliertere Analyse statt nur auf Grammatikfehler und Begleitwerbung zu schauen, h\u00e4tte geholfen, das Ph\u00e4nomen eLearning besser zu verstehen, n\u00e4mlich: wie sieht es mit der Progression des Lernstoffes aus in diesen Angeboten, wird auf das vorgeschriebene Curriculum geachtet, entspricht die eingesetzte Methodik dem Stand der Wissenschaft (wenn diese \u00fcberhaupt etwas bietet, Zweifel sind angebracht &#8230;), wie stellt sich die Tiefe der F\u00e4cherangebote dar oder wird hier nur ein bunter Kessel aufbereitet?&nbsp; <br><br>Der uralte Begriff &#8218;Programmiertes Lernen&#8216; sollte als neues Paradigmum gelten. &#8222;Lernen im Umfeld von Zeitgeist und neuen Technologien&#8220;. Waren es fr\u00fcher selbstentdeckendes Lernen&#8216; und dergleichen und  in den 70er Jahren die Sprachlabore hei\u00dft es jetzt &#8222;ADDIE&#8220;. Erstaunlicherweise beantworten Anbieter die  Frage auf die Messung der Wirksamkeit ihrer Angebote mit: &#8222;Die Leute finden es guut&#8220;, aha. Lernforschung bietet ein enorm gro\u00dfes neues Feld.  Zweifel bestehen aber, ob die p\u00e4dagogischen Forschungsst\u00e4tten es bearbeiten k\u00f6nnen mangels Interdisziplinarit\u00e4t mit anderen Fachgebieten wie Big Data Analysis, Kommunikationsdesign\/Usability, Gaming. <\/p>\n\n\n\n<figure class=\"wp-block-image size-large\"><img loading=\"lazy\" decoding=\"async\" width=\"614\" height=\"463\" src=\"https:\/\/dasmedienzentrum.org\/wp-content\/uploads\/2021\/01\/ADDIE_1-jNk425bdd9sClylr3qCAFQ.png\" alt=\"\" class=\"wp-image-863\" srcset=\"https:\/\/dasmedienzentrum.org\/wp-content\/uploads\/2021\/01\/ADDIE_1-jNk425bdd9sClylr3qCAFQ.png 614w, https:\/\/dasmedienzentrum.org\/wp-content\/uploads\/2021\/01\/ADDIE_1-jNk425bdd9sClylr3qCAFQ-300x226.png 300w\" sizes=\"auto, (max-width: 614px) 100vw, 614px\" \/><figcaption>AIHR<\/figcaption><\/figure>\n\n\n\n<p><\/p>\n\n\n\n<p>Was gibt&#8217;s zu tun? Hochschulen, p\u00e4dagogische Institute und alle andere Ausbilder wagt den Blick \u00fcber eure Disziplinen und in andere L\u00e4nder. Startet Feldversuche mit hohen Fallzahlen. Es gibt &#8211; erstaunlich, erstaunlich &#8211; herzlich wenig Aktuelles zur Wirkung von eLearning in Schulen. Bitte keine &#8218;Meta-Stuiden&#8216; ohne Aussagekraft. Fallzahlen bitte im vierstelligen Bereich. Komparative Studien. UND &#8230;.. lasst Nicht-P\u00e4dagogen dr\u00fcberschauen. Schule darf kein &#8218;Secret Garden&#8216; sein.<\/p>\n\n\n\n<figure class=\"wp-block-image size-large\"><img loading=\"lazy\" decoding=\"async\" width=\"1008\" height=\"873\" src=\"https:\/\/dasmedienzentrum.org\/wp-content\/uploads\/2021\/01\/faz-lernfutter-1.jpg\" alt=\"\" class=\"wp-image-866\" srcset=\"https:\/\/dasmedienzentrum.org\/wp-content\/uploads\/2021\/01\/faz-lernfutter-1.jpg 1008w, https:\/\/dasmedienzentrum.org\/wp-content\/uploads\/2021\/01\/faz-lernfutter-1-300x260.jpg 300w, https:\/\/dasmedienzentrum.org\/wp-content\/uploads\/2021\/01\/faz-lernfutter-1-768x665.jpg 768w\" sizes=\"auto, (max-width: 767px) 89vw, (max-width: 1000px) 54vw, (max-width: 1071px) 543px, 580px\" \/><figcaption>FAZ, screenshot, 25.01.21<br><\/figcaption><\/figure>\n\n\n\n<p><br>@TwitterLehrerZimmer   https:\/\/bildungsklick.de\/anbieter\/helmut-poppe<\/p>\n\n\n","protected":false},"excerpt":{"rendered":"<p>Die FAZ hat sich Lernprogramme von privatwirtschaftlichen Anbietern angeschaut. Mit der Frage &#8222;Taugt&#8217;s was?&#8220; Eine detailliertere Analyse statt nur auf Grammatikfehler und Begleitwerbung zu schauen, h\u00e4tte geholfen, das Ph\u00e4nomen eLearning besser zu verstehen, n\u00e4mlich: wie sieht es mit der Progression des Lernstoffes aus in diesen Angeboten, wird auf das vorgeschriebene Curriculum geachtet, entspricht die eingesetzte &hellip; <\/p>\n<p class=\"link-more\"><a href=\"https:\/\/dasmedienzentrum.org\/?p=860\" class=\"more-link\"><span class=\"screen-reader-text\">\u201eLernfutter im Lockdown\u201c<\/span> weiterlesen<\/a><\/p>\n","protected":false},"author":1,"featured_media":0,"comment_status":"closed","ping_status":"closed","sticky":false,"template":"","format":"standard","meta":{"footnotes":""},"categories":[1],"tags":[187,2],"class_list":["post-860","post","type-post","status-publish","format-standard","hentry","category-allgemein","tag-dasmedienzentrm-helmut-poppe-bildungsklick-die-acht-huerden","tag-elearning"],"_links":{"self":[{"href":"https:\/\/dasmedienzentrum.org\/index.php?rest_route=\/wp\/v2\/posts\/860","targetHints":{"allow":["GET"]}}],"collection":[{"href":"https:\/\/dasmedienzentrum.org\/index.php?rest_route=\/wp\/v2\/posts"}],"about":[{"href":"https:\/\/dasmedienzentrum.org\/index.php?rest_route=\/wp\/v2\/types\/post"}],"author":[{"embeddable":true,"href":"https:\/\/dasmedienzentrum.org\/index.php?rest_route=\/wp\/v2\/users\/1"}],"replies":[{"embeddable":true,"href":"https:\/\/dasmedienzentrum.org\/index.php?rest_route=%2Fwp%2Fv2%2Fcomments&post=860"}],"version-history":[{"count":7,"href":"https:\/\/dasmedienzentrum.org\/index.php?rest_route=\/wp\/v2\/posts\/860\/revisions"}],"predecessor-version":[{"id":870,"href":"https:\/\/dasmedienzentrum.org\/index.php?rest_route=\/wp\/v2\/posts\/860\/revisions\/870"}],"wp:attachment":[{"href":"https:\/\/dasmedienzentrum.org\/index.php?rest_route=%2Fwp%2Fv2%2Fmedia&parent=860"}],"wp:term":[{"taxonomy":"category","embeddable":true,"href":"https:\/\/dasmedienzentrum.org\/index.php?rest_route=%2Fwp%2Fv2%2Fcategories&post=860"},{"taxonomy":"post_tag","embeddable":true,"href":"https:\/\/dasmedienzentrum.org\/index.php?rest_route=%2Fwp%2Fv2%2Ftags&post=860"}],"curies":[{"name":"wp","href":"https:\/\/api.w.org\/{rel}","templated":true}]}}