{"id":872,"date":"2021-01-29T17:37:05","date_gmt":"2021-01-29T16:37:05","guid":{"rendered":"https:\/\/dasmedienzentrum.org\/?p=872"},"modified":"2021-02-01T10:24:48","modified_gmt":"2021-02-01T09:24:48","slug":"radiosalesweekly-radio-am-ende-oder-neue-perspektiven","status":"publish","type":"post","link":"https:\/\/dasmedienzentrum.org\/?p=872","title":{"rendered":"RadioSalesWeekly &#8211; RADIO am Ende? Oder neue Perspektiven &#8230;."},"content":{"rendered":"\n<p>Es wird keine V-Entwicklung geben mit einem steilen Anstieg der Verbraucherausgaben  sondern ein kontinuierliches Anwachsen des Konsums und somit der Werbeinvestitionen, wenn die durch Corona ausgel\u00f6ste Angst verflogen ist. Dann ist aber auch der Moment des Wechsels der Marktanteile im Einzelhandel gegeben. Radio ist hierbei der Katalysator und Booster.  Umsatzr\u00fcckg\u00e4nge der Privatradios betragen gegen\u00fcber 2019 in 2020 durchschnittlich 20%, denn die lokalen Einnahmen waren stark r\u00fcckl\u00e4ufig. Radio muss seine St\u00e4rken online ausspielen. In dem Video hier werden neue Handlungstipps von Andreas Sprengart, Marketingleiter Antenne Kauserlautern und von Alexander Zeitelhack  vorgestellt. Nicht erstaunlich: es ist viel Digitales dabei.<\/p>\n\n\n\n<figure class=\"wp-block-image size-large\"><a href=\"https:\/\/youtu.be\/QiecQEm_aLE\"><img loading=\"lazy\" decoding=\"async\" width=\"1024\" height=\"521\" src=\"https:\/\/dasmedienzentrum.org\/wp-content\/uploads\/2021\/02\/BeitragsbildRSW290121-1024x521.png\" alt=\"\" class=\"wp-image-880\" srcset=\"https:\/\/dasmedienzentrum.org\/wp-content\/uploads\/2021\/02\/BeitragsbildRSW290121-1024x521.png 1024w, https:\/\/dasmedienzentrum.org\/wp-content\/uploads\/2021\/02\/BeitragsbildRSW290121-300x153.png 300w, https:\/\/dasmedienzentrum.org\/wp-content\/uploads\/2021\/02\/BeitragsbildRSW290121-768x391.png 768w, https:\/\/dasmedienzentrum.org\/wp-content\/uploads\/2021\/02\/BeitragsbildRSW290121-1536x782.png 1536w, https:\/\/dasmedienzentrum.org\/wp-content\/uploads\/2021\/02\/BeitragsbildRSW290121.png 1620w\" sizes=\"auto, (max-width: 767px) 89vw, (max-width: 1000px) 54vw, (max-width: 1071px) 543px, 580px\" \/><\/a><\/figure>\n\n\n\n<p>Das Meeting als Video ansehen bei Klick (L\u00e4nge 19:54)<\/p>\n\n\n\n<figure class=\"wp-block-table\"><table class=\"\"><tbody><tr><td><br><\/td><\/tr><\/tbody><\/table><\/figure>\n\n\n\n<h2 class=\"wp-block-heading\">Abnehmende Sorgen forcieren Ausgabebereitschaft meint die Agentur pilot HH\/MUE<\/h2>\n\n\n\n<p>Nur ein Teil der &#8222;M\u00fcnze&#8220; &#8211; wie sieht es aus mit neuen Lebens- und Verbrauchergewohnheiten? Weniger und nachhaltiger ist besser? &#8222;Zuhause ist auchnicht schlecht&#8220;. Angst vor Kaufkraftschwund in naher Zukunft &#8230;<\/p>\n\n\n\n<figure class=\"wp-block-image size-large\"><img loading=\"lazy\" decoding=\"async\" width=\"1024\" height=\"648\" src=\"https:\/\/dasmedienzentrum.org\/wp-content\/uploads\/2021\/02\/Pilot-Media-1024x648.png\" alt=\"\" class=\"wp-image-883\" srcset=\"https:\/\/dasmedienzentrum.org\/wp-content\/uploads\/2021\/02\/Pilot-Media-1024x648.png 1024w, https:\/\/dasmedienzentrum.org\/wp-content\/uploads\/2021\/02\/Pilot-Media-300x190.png 300w, https:\/\/dasmedienzentrum.org\/wp-content\/uploads\/2021\/02\/Pilot-Media-768x486.png 768w, https:\/\/dasmedienzentrum.org\/wp-content\/uploads\/2021\/02\/Pilot-Media-1536x972.png 1536w, https:\/\/dasmedienzentrum.org\/wp-content\/uploads\/2021\/02\/Pilot-Media-2048x1296.png 2048w\" sizes=\"auto, (max-width: 767px) 89vw, (max-width: 1000px) 54vw, (max-width: 1071px) 543px, 580px\" \/><\/figure>\n\n\n\n<figure class=\"wp-block-image size-large\"><img loading=\"lazy\" decoding=\"async\" width=\"996\" height=\"310\" src=\"https:\/\/dasmedienzentrum.org\/wp-content\/uploads\/2021\/01\/Radio-1-bis-12-20-Nielsen.jpg\" alt=\"\" class=\"wp-image-873\" srcset=\"https:\/\/dasmedienzentrum.org\/wp-content\/uploads\/2021\/01\/Radio-1-bis-12-20-Nielsen.jpg 996w, https:\/\/dasmedienzentrum.org\/wp-content\/uploads\/2021\/01\/Radio-1-bis-12-20-Nielsen-300x93.jpg 300w, https:\/\/dasmedienzentrum.org\/wp-content\/uploads\/2021\/01\/Radio-1-bis-12-20-Nielsen-768x239.jpg 768w\" sizes=\"auto, (max-width: 767px) 89vw, (max-width: 1000px) 54vw, (max-width: 1071px) 543px, 580px\" \/><figcaption>Nielsen Werbetrend<\/figcaption><\/figure>\n","protected":false},"excerpt":{"rendered":"<p>Es wird keine V-Entwicklung geben mit einem steilen Anstieg der Verbraucherausgaben sondern ein kontinuierliches Anwachsen des Konsums und somit der Werbeinvestitionen, wenn die durch Corona ausgel\u00f6ste Angst verflogen ist. Dann ist aber auch der Moment des Wechsels der Marktanteile im Einzelhandel gegeben. Radio ist hierbei der Katalysator und Booster. Umsatzr\u00fcckg\u00e4nge der Privatradios betragen gegen\u00fcber 2019 &hellip; <\/p>\n<p class=\"link-more\"><a href=\"https:\/\/dasmedienzentrum.org\/?p=872\" class=\"more-link\"><span class=\"screen-reader-text\">\u201eRadioSalesWeekly &#8211; RADIO am Ende? Oder neue Perspektiven &#8230;.\u201c<\/span> weiterlesen<\/a><\/p>\n","protected":false},"author":1,"featured_media":876,"comment_status":"closed","ping_status":"closed","sticky":false,"template":"","format":"standard","meta":{"footnotes":""},"categories":[1],"tags":[],"class_list":["post-872","post","type-post","status-publish","format-standard","has-post-thumbnail","hentry","category-allgemein"],"_links":{"self":[{"href":"https:\/\/dasmedienzentrum.org\/index.php?rest_route=\/wp\/v2\/posts\/872","targetHints":{"allow":["GET"]}}],"collection":[{"href":"https:\/\/dasmedienzentrum.org\/index.php?rest_route=\/wp\/v2\/posts"}],"about":[{"href":"https:\/\/dasmedienzentrum.org\/index.php?rest_route=\/wp\/v2\/types\/post"}],"author":[{"embeddable":true,"href":"https:\/\/dasmedienzentrum.org\/index.php?rest_route=\/wp\/v2\/users\/1"}],"replies":[{"embeddable":true,"href":"https:\/\/dasmedienzentrum.org\/index.php?rest_route=%2Fwp%2Fv2%2Fcomments&post=872"}],"version-history":[{"count":8,"href":"https:\/\/dasmedienzentrum.org\/index.php?rest_route=\/wp\/v2\/posts\/872\/revisions"}],"predecessor-version":[{"id":885,"href":"https:\/\/dasmedienzentrum.org\/index.php?rest_route=\/wp\/v2\/posts\/872\/revisions\/885"}],"wp:featuredmedia":[{"embeddable":true,"href":"https:\/\/dasmedienzentrum.org\/index.php?rest_route=\/wp\/v2\/media\/876"}],"wp:attachment":[{"href":"https:\/\/dasmedienzentrum.org\/index.php?rest_route=%2Fwp%2Fv2%2Fmedia&parent=872"}],"wp:term":[{"taxonomy":"category","embeddable":true,"href":"https:\/\/dasmedienzentrum.org\/index.php?rest_route=%2Fwp%2Fv2%2Fcategories&post=872"},{"taxonomy":"post_tag","embeddable":true,"href":"https:\/\/dasmedienzentrum.org\/index.php?rest_route=%2Fwp%2Fv2%2Ftags&post=872"}],"curies":[{"name":"wp","href":"https:\/\/api.w.org\/{rel}","templated":true}]}}