{"id":914,"date":"2021-02-28T13:47:19","date_gmt":"2021-02-28T12:47:19","guid":{"rendered":"https:\/\/dasmedienzentrum.org\/?p=914"},"modified":"2021-02-28T14:00:31","modified_gmt":"2021-02-28T13:00:31","slug":"medienwirtschaft-und-robert-koch-institut","status":"publish","type":"post","link":"https:\/\/dasmedienzentrum.org\/?p=914","title":{"rendered":"Medienwirtschaft und Robert Koch Institut"},"content":{"rendered":"\n<p>Strategien und Handreichungen. Zahlen valide?<\/p>\n\n\n\n<p>RadioSalesWeekly stellt die Frage<\/p>\n\n\n\n<p><\/p>\n\n\n\n<p> Das Robert Koch-Institut hat in einem Papier <strong>&#8222;Strategien und eine Handreichung zur Entwicklung von Stufenkonzepten bis Fr\u00fchjahr 202<\/strong>1&#8243; vorgelegt. \u00dcbergeordnetes Ziel hierbei ist, die Zahl der schweren Erkrankungen, Langzeitfolgen, und Todesf\u00e4lle durch COVID-19 zu minimieren und eine \u00dcberlastung des Gesundheitssystems nachhaltig zu vermeiden. <\/p>\n\n\n\n<p>Bemerkenswert ist hierbei, dass in einem Stufenkonzept verschiedenen Situationen einer m\u00f6glichen Aussetzung von Risiken beispielsweise in der Gastronomie, beim Firseur, in Kinderg\u00e4rten und \u2026. \u00a0dem Enzelhandel \u2026. nur geringe Infizierungsgefahren zugeordnet werden. Ganz erstaunlich aber ist, dass sogenannte \u201aNicht-Covid-Effekte bei Beschr\u00e4nkung\u2018 zu bef\u00fcrchten sind. Gemeint sind hierbei \u201esoziale, psychologische, \u00f6kon. Effekte\u201c. Im Klartext: RKI meint \u201eSchlie\u00dfung ist nicht schlimm\u201c \u2013 oder \u00d6ffnung nicht gef\u00e4hrlich? Wohl eher Letzteres.<\/p>\n\n\n\n<p>In der Bibliografie zu dem Papier sind 61 Quellenangaben von \u00a0Studien enthalten einzig aus den Bereichen Medizin und Schulen. Das RKI sollte dringend auch andere Studienteilnehmer gewinnen. Solche mit Wirtschaftskompetenz wie GfK, Kantar, Nielsen und die zahlreichen Startups aus der Empirie k\u00f6nnten da helfen.<\/p>\n\n\n\n<figure class=\"wp-block-image size-large\"><img loading=\"lazy\" decoding=\"async\" width=\"1024\" height=\"511\" src=\"https:\/\/dasmedienzentrum.org\/wp-content\/uploads\/2021\/02\/destatis-de-1024x511.png\" alt=\"\" class=\"wp-image-921\" srcset=\"https:\/\/dasmedienzentrum.org\/wp-content\/uploads\/2021\/02\/destatis-de-1024x511.png 1024w, https:\/\/dasmedienzentrum.org\/wp-content\/uploads\/2021\/02\/destatis-de-300x150.png 300w, https:\/\/dasmedienzentrum.org\/wp-content\/uploads\/2021\/02\/destatis-de-768x383.png 768w, https:\/\/dasmedienzentrum.org\/wp-content\/uploads\/2021\/02\/destatis-de.png 1520w\" sizes=\"auto, (max-width: 767px) 89vw, (max-width: 1000px) 54vw, (max-width: 1071px) 543px, 580px\" \/><figcaption>Destatis<\/figcaption><\/figure>\n\n\n\n<p>Der Einzelhandel \u2013 er besch\u00e4ftigt immerhin mehr als drei Millionen Personen und macht station\u00e4r einen Umsatz von 63 Milliarden \u20ac aus und die Millionen Personen, die dort massiv wirtschaftlch und pers\u00f6nlich betroffen sind, haben es verdient, eine bessere empirische Grundlage zur Beurteilung von Ma\u00dfnahmen zu erhalten. <\/p>\n\n\n\n<p>\u201eModerate\u201c Auswirkungen auf Infektionen im Einzelhandel, in der Gatronomie und in \u00a0Hotels m\u00f6gen gesundheitlich zutreffen und lassen sich durch Vorsichtsma\u00dfnahmen steuern. Die Auswirkungen sind wirtschaftlich katastrophal. In \u00a0#RadioSalesWeekly nehmen Medienexperten dazu Stellung und stellen vor allem die Validit\u00e4t der Zahlen in Frage.<\/p>\n\n\n\n<p>Neben den Besch\u00e4ftigten im Einzelhandel und in der Gastronomie leiden solche in Kreativbranchen, in Marketing und Medien. Der Zuwachs der Arbeitslosgkeit in beiden Letztgenannten betr\u00e4gt laut ZAW 40%. <a href=\"https:\/\/youtu.be\/RJp6bvAmn0U\">Dem Videocast folgen hier.<\/a> Dort geht es auch um ein weiteres Verbot, n\u00e4mlich dem j\u00fcnst in die Wege geleiteten Werbeverbot f\u00fcr &#8218;Aktionsware&#8216;. Da hat das saarl\u00e4ndische Wirtschaftsministerium wohl nicht mitbekommen, dass Werbemittel daf\u00fcr national geplant werden. Wo bleiben die Regelungen f\u00fcr das saarl\u00e4ndische Web?<\/p>\n\n\n\n<figure class=\"wp-block-image size-large\"><img loading=\"lazy\" decoding=\"async\" width=\"472\" height=\"600\" src=\"https:\/\/dasmedienzentrum.org\/wp-content\/uploads\/2021\/02\/RKI-Original.jpg\" alt=\"\" class=\"wp-image-917\" srcset=\"https:\/\/dasmedienzentrum.org\/wp-content\/uploads\/2021\/02\/RKI-Original.jpg 472w, https:\/\/dasmedienzentrum.org\/wp-content\/uploads\/2021\/02\/RKI-Original-236x300.jpg 236w\" sizes=\"auto, (max-width: 472px) 100vw, 472px\" \/><\/figure>\n","protected":false},"excerpt":{"rendered":"<p>Strategien und Handreichungen. Zahlen valide? RadioSalesWeekly stellt die Frage Das Robert Koch-Institut hat in einem Papier &#8222;Strategien und eine Handreichung zur Entwicklung von Stufenkonzepten bis Fr\u00fchjahr 2021&#8243; vorgelegt. \u00dcbergeordnetes Ziel hierbei ist, die Zahl der schweren Erkrankungen, Langzeitfolgen, und Todesf\u00e4lle durch COVID-19 zu minimieren und eine \u00dcberlastung des Gesundheitssystems nachhaltig zu vermeiden. Bemerkenswert ist hierbei, &hellip; <\/p>\n<p class=\"link-more\"><a href=\"https:\/\/dasmedienzentrum.org\/?p=914\" class=\"more-link\"><span class=\"screen-reader-text\">\u201eMedienwirtschaft und Robert Koch Institut\u201c<\/span> weiterlesen<\/a><\/p>\n","protected":false},"author":1,"featured_media":920,"comment_status":"closed","ping_status":"closed","sticky":false,"template":"","format":"standard","meta":{"footnotes":""},"categories":[1],"tags":[21,5,192,195,194,196,193],"class_list":["post-914","post","type-post","status-publish","format-standard","has-post-thumbnail","hentry","category-allgemein","tag-dasmedienzentrm","tag-poppe","tag-radiosalesweekly","tag-rki","tag-sprengeart","tag-strategien-gegen-corona","tag-zeitelhack"],"_links":{"self":[{"href":"https:\/\/dasmedienzentrum.org\/index.php?rest_route=\/wp\/v2\/posts\/914","targetHints":{"allow":["GET"]}}],"collection":[{"href":"https:\/\/dasmedienzentrum.org\/index.php?rest_route=\/wp\/v2\/posts"}],"about":[{"href":"https:\/\/dasmedienzentrum.org\/index.php?rest_route=\/wp\/v2\/types\/post"}],"author":[{"embeddable":true,"href":"https:\/\/dasmedienzentrum.org\/index.php?rest_route=\/wp\/v2\/users\/1"}],"replies":[{"embeddable":true,"href":"https:\/\/dasmedienzentrum.org\/index.php?rest_route=%2Fwp%2Fv2%2Fcomments&post=914"}],"version-history":[{"count":12,"href":"https:\/\/dasmedienzentrum.org\/index.php?rest_route=\/wp\/v2\/posts\/914\/revisions"}],"predecessor-version":[{"id":929,"href":"https:\/\/dasmedienzentrum.org\/index.php?rest_route=\/wp\/v2\/posts\/914\/revisions\/929"}],"wp:featuredmedia":[{"embeddable":true,"href":"https:\/\/dasmedienzentrum.org\/index.php?rest_route=\/wp\/v2\/media\/920"}],"wp:attachment":[{"href":"https:\/\/dasmedienzentrum.org\/index.php?rest_route=%2Fwp%2Fv2%2Fmedia&parent=914"}],"wp:term":[{"taxonomy":"category","embeddable":true,"href":"https:\/\/dasmedienzentrum.org\/index.php?rest_route=%2Fwp%2Fv2%2Fcategories&post=914"},{"taxonomy":"post_tag","embeddable":true,"href":"https:\/\/dasmedienzentrum.org\/index.php?rest_route=%2Fwp%2Fv2%2Ftags&post=914"}],"curies":[{"name":"wp","href":"https:\/\/api.w.org\/{rel}","templated":true}]}}