{"id":934,"date":"2021-03-07T10:40:04","date_gmt":"2021-03-07T09:40:04","guid":{"rendered":"https:\/\/dasmedienzentrum.org\/?p=934"},"modified":"2021-03-07T15:56:30","modified_gmt":"2021-03-07T14:56:30","slug":"der-rummel-um-die-podcasts","status":"publish","type":"post","link":"https:\/\/dasmedienzentrum.org\/?p=934","title":{"rendered":"Der Rummel um die Podcasts"},"content":{"rendered":"\n<p>Anders als wie verbreitet zu h\u00f6ren, verl\u00e4uft das Gesch\u00e4ft mit den Podcasts hier in Deutschland eher z\u00f6gerlich. Es fehlen der Nachweis von validen Reichweiten, angeblich hoher Nutzungsfrequenzen und einer hohen Nutzungsdauer . Die in den hunderttausenden Epsioden generierten Ums\u00e4tze sind unbekannt. Radio kann trotzdem gerade hier punkten. <strong>RadioSalesWeekly<\/strong> zeigt wie.<\/p>\n\n\n\n<p>Der bereits abnehmende Hype um ClubHouse zeigt, wie gerne Menschen miteinander reden, Kontakte machen und auch \u2026. zuh\u00f6ren wollen. Eigentlich ein super Argument f\u00fcr Radio mit dem Nachweis der  urspr\u00fcnglichen Kraft des Mediums. Was spricht also dagegen, Podcast-Produktionen in den Sendern zeitversetzt oder live zu platzieren? Im Replay machen dies die \u00d6ffentlich-Rechtlichen im breiten Umfang bereits vor und bieten einen &#8211; neidfrei \u2013 hervorragenden Service. Die Privaten z\u00f6gern noch auf breiter Front. Bei den Modellen f\u00fcr eine redaktionelle Einbindung ins Programm fehlt h\u00e4ufig die Erfahrung und vielleicht auch der Mut. Wie eine Refinanzerung oder noch besser eine echte neue Umsatzquelle geschaffen werden kann, ist unklar.<\/p>\n\n\n\n<p>In dem Branchen-Onlinedienst <a href=\"mailto:https:\/\/www.radioszene.de\/140583\/podcast-euro-umsatz-potentiale.html\">\u201aRadioszene\u2018 zeigte der Autor vor einem Jahr auf<\/a>, welche Arten der Monetarisierung es gibt und schilderte in dem Artikel \u2013 Woher kommt der Euro? &#8211; m\u00f6gliche Einnahmegr\u00f6\u00dfen. Diese lauteten f\u00fcr 2021 in etwa 60 Mio. \u20ac. Es ist gut m\u00f6glich, dass \u2013 sagen wir trotz Corona \u2013 die junge Branche noch weit entfernt ist von solchen eher bescheidenen Dimensionen.<\/p>\n\n\n\n<p>In dem Videocast <strong><a href=\"https:\/\/twitter.com\/DasMedienZentrm\">#RadioSale<\/a>sWeekly<\/strong> stellen die Radioexperten <strong>Alexander Zeitelhack, Andreas Sprengart und aus Frankreich und UK Michel Colin und Gerard Edwards <\/strong>ihre Analysen und Erfahrungen zu diesem Programm -und Gesch\u00e4ftsfeld vor. Sehr spannend, wie Andreas Sprengart Kundenbindung und den Erfolg von \u201a<strong>Impro Podcasts<\/strong>\u2018 bewertet. Alexander Zeitelhack sieht neue Audiomarken am Entstehen.<\/p>\n\n\n\n<p><strong>Francisco Otto&#8217;s <\/strong>Podcasts behandeln Themen zu einem unerwarteten Umfeld wie die Kieferorthop\u00e4die.<br> Deutlich zu h\u00f6ren ist die Moderatorenschulung, die er durchlaufen hat bei Radio Frankfurt. Pr\u00e4zise Fragen, gutes Nachhaken und Res\u00fcmieren, angenehm ruhige Stimme, zeitlich \u00fcberschaubar, gut vorbereitete Gespr\u00e4chspartner, kein selbstgef\u00e4lliges \u201aWarmgelaber\u2018. <\/p>\n\n\n\n<p>Wer kennt sie nicht, die halbredaktionellen Print-Beitr\u00e4ge aus\nBranchen wie Recht, Immobilien, Versicherungen verfasst von Personen, die nicht\nim Radio auftreten? Denken Radioanbieter gen\u00fcgend nach, ob und wie diese mit ihrem\nwertvollem Inhalt als <strong>Enterprise Content<\/strong>-Zulieferer platziert werden\nk\u00f6nnen?<\/p>\n\n\n\n<p><a href=\"mailto:https:\/\/youtu.be\/O6-92qgq5xc\">Das komplette\nGespr\u00e4ch anh\u00f6ren auf<\/a><\/p>\n\n\n\n<p>In einer Kurzversion hier.<\/p>\n\n\n","protected":false},"excerpt":{"rendered":"<p>Anders als wie verbreitet zu h\u00f6ren, verl\u00e4uft das Gesch\u00e4ft mit den Podcasts hier in Deutschland eher z\u00f6gerlich. Es fehlen der Nachweis von validen Reichweiten, angeblich hoher Nutzungsfrequenzen und einer hohen Nutzungsdauer . Die in den hunderttausenden Epsioden generierten Ums\u00e4tze sind unbekannt. Radio kann trotzdem gerade hier punkten. RadioSalesWeekly zeigt wie. Der bereits abnehmende Hype um &hellip; <\/p>\n<p class=\"link-more\"><a href=\"https:\/\/dasmedienzentrum.org\/?p=934\" class=\"more-link\"><span class=\"screen-reader-text\">\u201eDer Rummel um die Podcasts\u201c<\/span> weiterlesen<\/a><\/p>\n","protected":false},"author":1,"featured_media":936,"comment_status":"closed","ping_status":"closed","sticky":false,"template":"","format":"standard","meta":{"footnotes":""},"categories":[1],"tags":[198,199,192,197],"class_list":["post-934","post","type-post","status-publish","format-standard","has-post-thumbnail","hentry","category-allgemein","tag-dasmedienzentrum-poppe","tag-radiomarketng","tag-radiosalesweekly","tag-zeitelhack-sprengar-poppe-monetarisierung-von-podcasts-radiomareting"],"_links":{"self":[{"href":"https:\/\/dasmedienzentrum.org\/index.php?rest_route=\/wp\/v2\/posts\/934","targetHints":{"allow":["GET"]}}],"collection":[{"href":"https:\/\/dasmedienzentrum.org\/index.php?rest_route=\/wp\/v2\/posts"}],"about":[{"href":"https:\/\/dasmedienzentrum.org\/index.php?rest_route=\/wp\/v2\/types\/post"}],"author":[{"embeddable":true,"href":"https:\/\/dasmedienzentrum.org\/index.php?rest_route=\/wp\/v2\/users\/1"}],"replies":[{"embeddable":true,"href":"https:\/\/dasmedienzentrum.org\/index.php?rest_route=%2Fwp%2Fv2%2Fcomments&post=934"}],"version-history":[{"count":4,"href":"https:\/\/dasmedienzentrum.org\/index.php?rest_route=\/wp\/v2\/posts\/934\/revisions"}],"predecessor-version":[{"id":939,"href":"https:\/\/dasmedienzentrum.org\/index.php?rest_route=\/wp\/v2\/posts\/934\/revisions\/939"}],"wp:featuredmedia":[{"embeddable":true,"href":"https:\/\/dasmedienzentrum.org\/index.php?rest_route=\/wp\/v2\/media\/936"}],"wp:attachment":[{"href":"https:\/\/dasmedienzentrum.org\/index.php?rest_route=%2Fwp%2Fv2%2Fmedia&parent=934"}],"wp:term":[{"taxonomy":"category","embeddable":true,"href":"https:\/\/dasmedienzentrum.org\/index.php?rest_route=%2Fwp%2Fv2%2Fcategories&post=934"},{"taxonomy":"post_tag","embeddable":true,"href":"https:\/\/dasmedienzentrum.org\/index.php?rest_route=%2Fwp%2Fv2%2Ftags&post=934"}],"curies":[{"name":"wp","href":"https:\/\/api.w.org\/{rel}","templated":true}]}}