{"id":961,"date":"2021-04-05T16:52:47","date_gmt":"2021-04-05T14:52:47","guid":{"rendered":"https:\/\/dasmedienzentrum.org\/?p=961"},"modified":"2021-04-06T11:23:13","modified_gmt":"2021-04-06T09:23:13","slug":"talk-und-show-radio-in-deutschland","status":"publish","type":"post","link":"https:\/\/dasmedienzentrum.org\/?p=961","title":{"rendered":"TALK-und Show-Radio in Deutschland"},"content":{"rendered":"\n<p>Andere L\u00e4nder \u2013 andere Gespr\u00e4chskulturen?<\/p>\n\n\n\n<p>Europ\u00e4er im S\u00fcden lieben es zu diskutieren?<\/p>\n\n\n\n<p>Allen gemeinsam sind dieselben Grundbed\u00fcrfnisse.<br>Egal in welchem Land, H\u00f6rer verbringen mehr und mehr Zeit in Social Media. Dieses Verhalten ist Ausdruck eines m\u00e4chtigen Mitteilungs- und Partizipationswillens.<\/p>\n\n\n\n<p>Warum gibt es in Deutschland kein engagiertes nationales TALK- und Show-Radio?<\/p>\n\n\n\n<p>Andere L\u00e4nder machen es vor, neben den \u00fcblichen Beispielen in den USA gibt es bei unseren europ\u00e4ischen Nachbarn hervorragende Leuchtt\u00fcrme f\u00fcr erfolgreiche Wortprogramme. Diese darf man nicht mit dem vergleichen, was wir von \u00f6ffentlich-rechtlichen wortlastigen hiesigen Angeboten kennen. Bei den Nachbarn buhlen  f\u00fcnf nationale Anbieter um die Ohren der H\u00f6rer. Neben dem staatlichen H\u00f6rfunkprogramm France Inter sind dies Europe 1, SudRadio, RTL und vor allem Radio RMC.<\/p>\n\n\n\n<p>Eines haben die vier franz\u00f6sischen Privaten gemeinsam: deren Eigent\u00fcmer sind Einzelunternehmer mit m\u00e4chtigen Konzerngruppen, die erfolgreich in anderen Industriebranchen und nicht nur in Medien unterwegs sind. Deutschland ist da eher klein gestrickt bis auf den einen gro\u00dfen Player aus G\u00fctersloh..<\/p>\n\n\n\n<p>Ballunsraum Paris Marktf\u00fchrer Radio RMC startet den Morgen mit hohem Tempo und einer 4er-Moderation beispielsweise mit angeteaserten Kurznachrichten wie \u201eMoschee im Elsass mit hohen staatlichen Subventionen gebaut\u201c, \u201eInstagram jetzt auch f\u00fcr Kinder?\u201c, \u201eHochemotionales Interview mit der Mutter eines verstorbenen jungen Geimpften\u201c. Zwischendurch Werbebl\u00f6cke, Programmank\u00fcndigungen. In der sp\u00e4ten Nacht f\u00fchrt der Sender Interviews mit B\u00e4ckern, LKW-Fahrern und gerne auch mit \u00e4lteren Damen und demonstriert Volksverbundenheit. Nachmittags l\u00e4uft Sport, deshalb auch die Senderkennung: \u201eInfo, Talk, Sport und \u2026 Meinungsbildung\u201c. Denn jeden Morgen um 8:30 h f\u00fchrt der national bekannte Moderator Jean-Jacques Bourdin ein Interview mit provokanten Fragen und durchaus mit Politikern aus dem extremen rechten oder linken Spektrum. Das Publikum scheint das Angebot zu lieben: RMC ist nicht nur Marktf\u00fchrer vor allem im Gro\u00dfraum Paris mit \u00fcber 10 Mio. Eomnwohnern, dpert erfolgte Interviews und Debatten sind t\u00e4glich &#8218;Talk of the Nation&#8220;..<\/p>\n\n\n\n<figure class=\"wp-block-gallery columns-1 is-cropped wp-block-gallery-1 is-layout-flex wp-block-gallery-is-layout-flex\"><ul class=\"blocks-gallery-grid\"><li class=\"blocks-gallery-item\"><figure><img loading=\"lazy\" decoding=\"async\" width=\"997\" height=\"916\" src=\"https:\/\/dasmedienzentrum.org\/wp-content\/uploads\/2021\/04\/tweet-mit-rmcleclercueinladung.png\" alt=\"\" data-id=\"964\" data-full-url=\"https:\/\/dasmedienzentrum.org\/wp-content\/uploads\/2021\/04\/tweet-mit-rmcleclercueinladung.png\" data-link=\"https:\/\/dasmedienzentrum.org\/?attachment_id=964\" class=\"wp-image-964\" srcset=\"https:\/\/dasmedienzentrum.org\/wp-content\/uploads\/2021\/04\/tweet-mit-rmcleclercueinladung.png 997w, https:\/\/dasmedienzentrum.org\/wp-content\/uploads\/2021\/04\/tweet-mit-rmcleclercueinladung-300x276.png 300w, https:\/\/dasmedienzentrum.org\/wp-content\/uploads\/2021\/04\/tweet-mit-rmcleclercueinladung-768x706.png 768w\" sizes=\"auto, (max-width: 767px) 89vw, (max-width: 1000px) 54vw, (max-width: 1071px) 543px, 580px\" \/><\/figure><\/li><\/ul><\/figure>\n\n\n\n<p>Von Belang f\u00fcr deutsche Medienmacher ist der Blick ins europ\u00e4ische Ausland, da Mediengesetze h\u00e4ufig auf EU-Ebene mit entschieden werden. Gerade auch wenn es um die Zulassung internationaler Anbieter geht. Beispiele aus dem TV daf\u00fcr gibt es mit CGTN, RT DE und TRT. Demokratisch gepr\u00e4gt und mit dem Ziel einer\u00a0 offenen Meinungsbildung sind diese drei Anbieter nicht. J\u00fcngst machte einer der Anbieter von sich reden im Zusammenhang mit Fake News zu &#8218;klandestinen&#8220; Spitzenretaurantbesuchen von Politikern.<\/p>\n\n\n\n<p>Zwei, drei deutsche Anbieter haben in den zur\u00fcckliegenden 18 Monaten den Versuch gewagt, \u00c4hnliches wie ihre franz\u00f6sischen Kollegen anzubieten. Dies ist einem MDR, dem HR oder dem einen oder anderen privaten Anbieter durchaus gelungen. Nur, \u2026 es blieb bei einem Halbtagsversuch.<\/p>\n\n\n\n<p>Warum geht den Sendern die Luft aus? Ist es der fehlende Glaube an das Format, Bedenken das Angebot monetarisieren zu k\u00f6nnen oder schlichtweg Statik und Bedenken bei der Entscheidungsfindung? Spielen deutsche Erfahrungen aus der Nazi-Rundfunkzeit eine Rolle? Muss es immer so ernst bei uns sein &#8211; ist etwa unsere Debattier- und Streitkultur unterentwickelt? Wie kommt es , dass Illner, Plasberg und Kollegen im TVgute Reichweiten erzielen, nicht aber \u2013 vielleicht sogar in einer pointierteren Form &#8211; im Radio zu h\u00f6ren sind?<\/p>\n\n\n\n<p>Wir leben in einer Welt der Aufmerksamkeits\u00f6konomie. Nicht umsonst erfreuen sich Rede-, Zuh\u00f6r-und Diskussionsplattformen in allen Spielformen in Social Media zu den erdr\u00fcckend erfolgreichen Reichweitengewinnern. Dies geschieht durchaus zu Lasten von Radio. Nebenbei geht die Datenhoheit verloren, denn besagte Medien finanzieren sich bekanntlich \u00fcber Erkenntnisse und Profile gewonnen aus dem Onlineverhalten ihrer Kunden. Muss sich Radio nicht nur in solchen Medien umstellen sondern vor allem auch auf die alten und in der Zukunft weiterhin geltenden Kraftelemente \u201eWort und Stimmung\u201c setzen?<\/p>\n\n\n\n<p>Eines ist sicher, zwei Titel, Wort, dann Wetter, Werbung, Verkehr und am Wochenende Party am Baggersee mit dem lokalen M\u00f6belhaus k\u00f6nnen es nicht mehr sein. Solch ein Programmformat ist ein Auslaufmodell. Nicht nur die jungen Menschen machen vor, wie Wortinhalte und Musik genutzt werden. Deren Quellen lauten Musikstreaming, Podcasts und mobil. Bei einem Altersdurchschnitt der deutschen Radioh\u00f6rer an die 50 Jahre ist absehbar, dass das alte Medium sehr bald eine neue Form ben\u00f6tigt.<\/p>\n\n\n\n<p>Bleibt noch die Frage der Finanzierbarkeit, in neudeutschem Marketingspeech \u201aMonetarisierung\u2018.<\/p>\n\n\n\n<p>F\u00fcr ein nationales engagiertes Radioprogramm entstehen Kosten samt \u00dcbertragung, Technik, Personal und Lizenzen von unter 20 Mio. \u20ac j\u00e4hrlich. Erzielbar sind \u00fcber Werbeeinnahmen und andere Marketing-Quellen bei einer Reichweite von 200.000 H\u00f6rern in der Durchschnittstunde quer \u00fcber Deutschland gut und gerne 20 bis 30 Mio. \u20ac. Lukrativ f\u00fcr wagemutige Anbieter k\u00f6nnte es somit allemal sein.<\/p>\n\n\n\n<p>Folgen Sie der Diskussion zwischen Alexander Zeitelhack, Dekan an der BSBI, Andreas Sprengart, Marketingleiter Antenne Kaiserlautern und Helmut Poppe ex-Verkaufs-Chef IPA\/RTL und Studio Gong. <strong>&#8222;TALK und Show im deutschen Radio &#8211; unerkannte Chancen f\u00fcr die nahe Zukunft&#8220;.<\/strong> Dauer des Videos 17 Minuten.<\/p>\n\n\n\n<figure class=\"wp-block-image size-large\"><a href=\"https:\/\/youtu.be\/y8eDYigZ3zs\"><img loading=\"lazy\" decoding=\"async\" width=\"1024\" height=\"1009\" src=\"https:\/\/dasmedienzentrum.org\/wp-content\/uploads\/2021\/04\/header-rsw-talk-1024x1009.jpg\" alt=\"\" class=\"wp-image-965\" srcset=\"https:\/\/dasmedienzentrum.org\/wp-content\/uploads\/2021\/04\/header-rsw-talk-1024x1009.jpg 1024w, https:\/\/dasmedienzentrum.org\/wp-content\/uploads\/2021\/04\/header-rsw-talk-300x296.jpg 300w, https:\/\/dasmedienzentrum.org\/wp-content\/uploads\/2021\/04\/header-rsw-talk-768x757.jpg 768w, https:\/\/dasmedienzentrum.org\/wp-content\/uploads\/2021\/04\/header-rsw-talk-1536x1513.jpg 1536w, https:\/\/dasmedienzentrum.org\/wp-content\/uploads\/2021\/04\/header-rsw-talk-100x100.jpg 100w, https:\/\/dasmedienzentrum.org\/wp-content\/uploads\/2021\/04\/header-rsw-talk.jpg 1546w\" sizes=\"auto, (max-width: 767px) 89vw, (max-width: 1000px) 54vw, (max-width: 1071px) 543px, 580px\" \/><\/a><figcaption><a href=\"https:\/\/youtu.be\/y8eDYigZ3zs\">https:\/\/youtu.be\/y8eDYigZ3zs<\/a><\/figcaption><\/figure>\n","protected":false},"excerpt":{"rendered":"<p>Andere L\u00e4nder \u2013 andere Gespr\u00e4chskulturen? Europ\u00e4er im S\u00fcden lieben es zu diskutieren? Allen gemeinsam sind dieselben Grundbed\u00fcrfnisse.Egal in welchem Land, H\u00f6rer verbringen mehr und mehr Zeit in Social Media. Dieses Verhalten ist Ausdruck eines m\u00e4chtigen Mitteilungs- und Partizipationswillens. Warum gibt es in Deutschland kein engagiertes nationales TALK- und Show-Radio? Andere L\u00e4nder machen es vor, neben &hellip; <\/p>\n<p class=\"link-more\"><a href=\"https:\/\/dasmedienzentrum.org\/?p=961\" class=\"more-link\"><span class=\"screen-reader-text\">\u201eTALK-und Show-Radio in Deutschland\u201c<\/span> weiterlesen<\/a><\/p>\n","protected":false},"author":1,"featured_media":963,"comment_status":"closed","ping_status":"closed","sticky":false,"template":"","format":"standard","meta":{"footnotes":""},"categories":[1],"tags":[],"class_list":["post-961","post","type-post","status-publish","format-standard","has-post-thumbnail","hentry","category-allgemein"],"_links":{"self":[{"href":"https:\/\/dasmedienzentrum.org\/index.php?rest_route=\/wp\/v2\/posts\/961","targetHints":{"allow":["GET"]}}],"collection":[{"href":"https:\/\/dasmedienzentrum.org\/index.php?rest_route=\/wp\/v2\/posts"}],"about":[{"href":"https:\/\/dasmedienzentrum.org\/index.php?rest_route=\/wp\/v2\/types\/post"}],"author":[{"embeddable":true,"href":"https:\/\/dasmedienzentrum.org\/index.php?rest_route=\/wp\/v2\/users\/1"}],"replies":[{"embeddable":true,"href":"https:\/\/dasmedienzentrum.org\/index.php?rest_route=%2Fwp%2Fv2%2Fcomments&post=961"}],"version-history":[{"count":7,"href":"https:\/\/dasmedienzentrum.org\/index.php?rest_route=\/wp\/v2\/posts\/961\/revisions"}],"predecessor-version":[{"id":972,"href":"https:\/\/dasmedienzentrum.org\/index.php?rest_route=\/wp\/v2\/posts\/961\/revisions\/972"}],"wp:featuredmedia":[{"embeddable":true,"href":"https:\/\/dasmedienzentrum.org\/index.php?rest_route=\/wp\/v2\/media\/963"}],"wp:attachment":[{"href":"https:\/\/dasmedienzentrum.org\/index.php?rest_route=%2Fwp%2Fv2%2Fmedia&parent=961"}],"wp:term":[{"taxonomy":"category","embeddable":true,"href":"https:\/\/dasmedienzentrum.org\/index.php?rest_route=%2Fwp%2Fv2%2Fcategories&post=961"},{"taxonomy":"post_tag","embeddable":true,"href":"https:\/\/dasmedienzentrum.org\/index.php?rest_route=%2Fwp%2Fv2%2Ftags&post=961"}],"curies":[{"name":"wp","href":"https:\/\/api.w.org\/{rel}","templated":true}]}}