{"id":974,"date":"2021-04-23T16:23:55","date_gmt":"2021-04-23T14:23:55","guid":{"rendered":"https:\/\/dasmedienzentrum.org\/?p=974"},"modified":"2021-04-24T10:25:30","modified_gmt":"2021-04-24T08:25:30","slug":"zum-neuen-guten-ton","status":"publish","type":"post","link":"https:\/\/dasmedienzentrum.org\/?p=974","title":{"rendered":"Zum neuen guten Ton"},"content":{"rendered":"\n<p>Bekommen wir nationale Radiostars wie in den USA? Gut m\u00f6glich meint ARD-Chef Tom Buhrow.<br><\/p>\n\n\n\n<p>#NeuerTon in Deutschland beim #RadioAdvertisingSummit. Die zeitliche Entwicklung war bestimmt von den Phasen der Unterst\u00fctzung von #Pflegekr\u00e4ften hin zu #Auflehnung und dann zu #Region.<br>Radio wirkt durch Stimme und W\u00e4rme als Begleitmedium + verl\u00e4sslicher Infovermittler. Buhrow bezeichnet #Podcasts als 1 Format unter anderen. \u201aYou have a face for radio\u2018, kleiner Gag.<br>Der ARD-Chef sieht #5G f\u00fcr die #Zukunft bei der Verbreitung des Mediums und nationale #Radiostars! im #TALK, da werden wir uns noch wundern\u201c, so Buhrow. Wasser auf M\u00fchlen von #RadioSalesWeekly.\u00a0<br>Moderator M. Liss hat&#8217;s nicht ganz verstanden, er denkt\u00a0 an deutsches News-Format : \u201eMan muss ja nicht gleich Million\u00e4r werden wollen.\u201c Ziemlich daneben. Da sollte er sich bei Radiosender #RMC Jean-Jacques Bourdin anschauen, der gerade mal nicht ausgebildeter Journalist ist. Buhrow meint \u00fcbrigens auch richtig: &#8222;Musik ist austauschbar.&#8220; Er liest wohl\u00a0 #RadioSalesWeekly.<\/p>\n","protected":false},"excerpt":{"rendered":"<p>Bekommen wir nationale Radiostars wie in den USA? Gut m\u00f6glich meint ARD-Chef Tom Buhrow. #NeuerTon in Deutschland beim #RadioAdvertisingSummit. Die zeitliche Entwicklung war bestimmt von den Phasen der Unterst\u00fctzung von #Pflegekr\u00e4ften hin zu #Auflehnung und dann zu #Region.Radio wirkt durch Stimme und W\u00e4rme als Begleitmedium + verl\u00e4sslicher Infovermittler. Buhrow bezeichnet #Podcasts als 1 Format unter &hellip; <\/p>\n<p class=\"link-more\"><a href=\"https:\/\/dasmedienzentrum.org\/?p=974\" class=\"more-link\"><span class=\"screen-reader-text\">\u201eZum neuen guten Ton\u201c<\/span> weiterlesen<\/a><\/p>\n","protected":false},"author":1,"featured_media":0,"comment_status":"closed","ping_status":"closed","sticky":false,"template":"","format":"standard","meta":{"footnotes":""},"categories":[1],"tags":[],"class_list":["post-974","post","type-post","status-publish","format-standard","hentry","category-allgemein"],"_links":{"self":[{"href":"https:\/\/dasmedienzentrum.org\/index.php?rest_route=\/wp\/v2\/posts\/974","targetHints":{"allow":["GET"]}}],"collection":[{"href":"https:\/\/dasmedienzentrum.org\/index.php?rest_route=\/wp\/v2\/posts"}],"about":[{"href":"https:\/\/dasmedienzentrum.org\/index.php?rest_route=\/wp\/v2\/types\/post"}],"author":[{"embeddable":true,"href":"https:\/\/dasmedienzentrum.org\/index.php?rest_route=\/wp\/v2\/users\/1"}],"replies":[{"embeddable":true,"href":"https:\/\/dasmedienzentrum.org\/index.php?rest_route=%2Fwp%2Fv2%2Fcomments&post=974"}],"version-history":[{"count":3,"href":"https:\/\/dasmedienzentrum.org\/index.php?rest_route=\/wp\/v2\/posts\/974\/revisions"}],"predecessor-version":[{"id":978,"href":"https:\/\/dasmedienzentrum.org\/index.php?rest_route=\/wp\/v2\/posts\/974\/revisions\/978"}],"wp:attachment":[{"href":"https:\/\/dasmedienzentrum.org\/index.php?rest_route=%2Fwp%2Fv2%2Fmedia&parent=974"}],"wp:term":[{"taxonomy":"category","embeddable":true,"href":"https:\/\/dasmedienzentrum.org\/index.php?rest_route=%2Fwp%2Fv2%2Fcategories&post=974"},{"taxonomy":"post_tag","embeddable":true,"href":"https:\/\/dasmedienzentrum.org\/index.php?rest_route=%2Fwp%2Fv2%2Ftags&post=974"}],"curies":[{"name":"wp","href":"https:\/\/api.w.org\/{rel}","templated":true}]}}