{"id":982,"date":"2021-06-10T14:42:22","date_gmt":"2021-06-10T12:42:22","guid":{"rendered":"https:\/\/dasmedienzentrum.org\/?p=982"},"modified":"2021-06-10T14:42:22","modified_gmt":"2021-06-10T12:42:22","slug":"wo-reihen-sich-radio-und-mediaverkaeufer-ein-bei-den-gehaeltern","status":"publish","type":"post","link":"https:\/\/dasmedienzentrum.org\/?p=982","title":{"rendered":"Wo reihen sich Radio- und Mediaverk\u00e4ufer ein bei den Geh\u00e4ltern?"},"content":{"rendered":"\n<p>Vergleich mit den aktuellen Zahlen von Michael Page. Entwicklung in den n\u00e4chsten Jahren, wie sieht es bei den Sendern und bei Vermarktern aus. Branchen\u00fcbergreifend?<\/p>\n\n\n\n<p>Gibt es Unterschiede von Nord nach S\u00fcd, West nach Ost?<\/p>\n\n\n\n<p>Lokal, national, Vermarkter?<\/p>\n\n\n\n<p>Vorweg<\/p>\n\n\n\n<p>Was verdienen unsere ARD-Intendanten? Ohne Wettbewerb \u2013 erhebliche versteckte Kosten \u2013 starke Pensionsanspr\u00fcche \u2026.<\/p>\n\n\n\n<p>Keine polemische Darstellung , die \u00d6rA m\u00fcssen sich aber schon fragen lassen, ob sie weiterhin so komfortabel leben wollen.<\/p>\n\n\n\n<p>Inhalte des Talks auch: Auch Wettbewerb programmm\u00e4\u00dfig und Verkaufswettbewerb der ARD-Regionalsender.<\/p>\n\n\n\n<p>Ablauf wie \u00fcblich: 10 Min. max<\/p>\n\n\n\n<p>Zugangsdaten auch wie \u00fcblich:<\/p>\n\n\n\n<p>Zoom-Meeting beitreten<\/p>\n\n\n\n<p><\/p>\n\n\n\n<p>Meeting-ID: 924 0786 6056<\/p>\n\n\n\n<p>Code per DM @DasMedienZentrm<\/p>\n\n\n\n<p>oder<\/p>\n\n\n\n<p>info@dasmedienzentrum.org<\/p>\n\n\n\n<p>Der letzte Talk:<\/p>\n\n\n\n<p><strong>#RadioSalesWeekly<\/strong> Dein Kunde \u2013 bis zur echten Freundschaft?<\/p>\n\n\n\n<p>Fragen &#8211; Situation &#8211; L\u00f6sung\/AntwortZuvor: Wie sieht Radio 2050 aus? Es sprachen: Alexander Zeitelhack, xu-university, Potsdam, Andreas Sprengart, Antenne Kaiserlautern, Helmut Poppe, Radiomarketer<\/p>\n\n\n\n<figure class=\"wp-block-embed is-type-video is-provider-youtube wp-block-embed-youtube wp-embed-aspect-4-3 wp-has-aspect-ratio\"><div class=\"wp-block-embed__wrapper\">\n<iframe loading=\"lazy\" title=\"#RadioSalesWeekly Dein Kunde \u2013 bis zur echten Freundschaft?\" width=\"525\" height=\"394\" src=\"https:\/\/www.youtube.com\/embed\/08jrTUkP8Fs?feature=oembed\" frameborder=\"0\" allow=\"accelerometer; autoplay; clipboard-write; encrypted-media; gyroscope; picture-in-picture; web-share\" referrerpolicy=\"strict-origin-when-cross-origin\" allowfullscreen><\/iframe>\n<\/div><\/figure>\n\n\n\n<p><a href=\"https:\/\/lnkd.in\/d3zZdYp\" target=\"_blank\" rel=\"noreferrer noopener\">https:\/\/lnkd.in\/d3zZdYp<\/a><\/p>\n\n\n\n<p><strong>#RadioSalesWeekly<\/strong><\/p>\n","protected":false},"excerpt":{"rendered":"<p>Vergleich mit den aktuellen Zahlen von Michael Page. Entwicklung in den n\u00e4chsten Jahren, wie sieht es bei den Sendern und bei Vermarktern aus. Branchen\u00fcbergreifend? Gibt es Unterschiede von Nord nach S\u00fcd, West nach Ost? Lokal, national, Vermarkter? Vorweg Was verdienen unsere ARD-Intendanten? Ohne Wettbewerb \u2013 erhebliche versteckte Kosten \u2013 starke Pensionsanspr\u00fcche \u2026. Keine polemische Darstellung &hellip; <\/p>\n<p class=\"link-more\"><a href=\"https:\/\/dasmedienzentrum.org\/?p=982\" class=\"more-link\"><span class=\"screen-reader-text\">\u201eWo reihen sich Radio- und Mediaverk\u00e4ufer ein bei den Geh\u00e4ltern?\u201c<\/span> weiterlesen<\/a><\/p>\n","protected":false},"author":1,"featured_media":0,"comment_status":"closed","ping_status":"closed","sticky":false,"template":"","format":"standard","meta":{"footnotes":""},"categories":[1],"tags":[],"class_list":["post-982","post","type-post","status-publish","format-standard","hentry","category-allgemein"],"_links":{"self":[{"href":"https:\/\/dasmedienzentrum.org\/index.php?rest_route=\/wp\/v2\/posts\/982","targetHints":{"allow":["GET"]}}],"collection":[{"href":"https:\/\/dasmedienzentrum.org\/index.php?rest_route=\/wp\/v2\/posts"}],"about":[{"href":"https:\/\/dasmedienzentrum.org\/index.php?rest_route=\/wp\/v2\/types\/post"}],"author":[{"embeddable":true,"href":"https:\/\/dasmedienzentrum.org\/index.php?rest_route=\/wp\/v2\/users\/1"}],"replies":[{"embeddable":true,"href":"https:\/\/dasmedienzentrum.org\/index.php?rest_route=%2Fwp%2Fv2%2Fcomments&post=982"}],"version-history":[{"count":1,"href":"https:\/\/dasmedienzentrum.org\/index.php?rest_route=\/wp\/v2\/posts\/982\/revisions"}],"predecessor-version":[{"id":983,"href":"https:\/\/dasmedienzentrum.org\/index.php?rest_route=\/wp\/v2\/posts\/982\/revisions\/983"}],"wp:attachment":[{"href":"https:\/\/dasmedienzentrum.org\/index.php?rest_route=%2Fwp%2Fv2%2Fmedia&parent=982"}],"wp:term":[{"taxonomy":"category","embeddable":true,"href":"https:\/\/dasmedienzentrum.org\/index.php?rest_route=%2Fwp%2Fv2%2Fcategories&post=982"},{"taxonomy":"post_tag","embeddable":true,"href":"https:\/\/dasmedienzentrum.org\/index.php?rest_route=%2Fwp%2Fv2%2Ftags&post=982"}],"curies":[{"name":"wp","href":"https:\/\/api.w.org\/{rel}","templated":true}]}}